{"id":3699,"date":"2023-07-11T18:37:43","date_gmt":"2023-07-11T22:37:43","guid":{"rendered":"https:\/\/www.confederaciondelcobre.cl\/?p=3699"},"modified":"2023-07-11T18:37:47","modified_gmt":"2023-07-11T22:37:47","slug":"a-52-anos-de-la-nacionalizacion-del-cobre","status":"publish","type":"post","link":"https:\/\/www.confederaciondelcobre.cl\/index.php\/2023\/07\/11\/a-52-anos-de-la-nacionalizacion-del-cobre\/","title":{"rendered":"A 52 a\u00f1os de la nacionalizaci\u00f3n del cobre."},"content":{"rendered":"\n<p><strong><strong>Hoy las empresas privadas, principalmente extranjeras, se llevan 35 mil millones de d\u00f3lares por a\u00f1o<\/strong><\/strong>.<\/p>\n\n\n\n<hr class=\"wp-block-separator has-alpha-channel-opacity\"\/>\n\n\n\n<p>Un d\u00eda como hoy, pero de 1971, el Congreso Nacional aprob\u00f3 por unanimidad una reforma a la Constituci\u00f3n Pol\u00edtica de 1925 que permiti\u00f3 la nacionalizaci\u00f3n de la gran miner\u00eda del cobre. Dicha reforma, propuesta por el gobierno de la Unidad Popular, que era encabezado por el Presidente Salvador Allende Gossens, permiti\u00f3 que el Estado de Chile se convirtiera en propietario absoluto de las riquezas naturales existentes en el pa\u00eds. Un d\u00eda como hoy, hace 52 a\u00f1os, se materializaba el hito m\u00e1s importante despu\u00e9s de la gesta de los padres de la patria: Chile alcanzaba su independencia econ\u00f3mica.<\/p>\n\n\n\n<p>Recuperar las riquezas naturales para el provecho de nuestro pa\u00eds y sus habitantes, junto con ser un acto de soberan\u00eda, permitir\u00eda que el Estado de Chile pudiera por fin hacerse cargo de necesidades del presente y futuro. Se llevaron a cabo importantes pol\u00edticas de desarrollo social, el pa\u00eds avanzaba en la construcci\u00f3n de un mejor porvenir, donde todas y todos, sin exclusi\u00f3n de ning\u00fan tipo, participaron y fueron protagonistas: pobladores, estudiantes, trabajadores, pueblos originarios, hombres, mujeres y ni\u00f1os construyendo los destinos de la educaci\u00f3n, de la producci\u00f3n agr\u00edcola, industrial y en soluciones habitacionales. Pero todo ello y m\u00e1s, imperdonable principalmente para la derecha nacional y extranjera, comenz\u00f3 a sufrir embates de diverso tipo: parte del comercio empez\u00f3 por acaparar productos de primera necesidad y generar desabastecimiento, el capital internacional hizo lo propio interviniendo, financiado a la oposici\u00f3n y medios de comunicaci\u00f3n para desestabilizar al gobierno. El mundo colonial y el imperialismo norteamericano, que por cierto encontraron en Chile a serviles colaboradores de sus intereses, finalmente consiguieron su cometido: el once de septiembre de 1973 se llev\u00f3 a cabo un golpe de Estado en contra del leg\u00edtimo, constitucional y democr\u00e1tico gobierno de Salvador Allende.<\/p>\n\n\n\n<p>En aquel entonces <strong>Salvador Allende denunciaba que, en las \u00faltimas d\u00e9cadas, la miner\u00eda privada se hab\u00eda llevado m\u00e1s de cuatro mil millones de d\u00f3lares en excedentes.\u00a0Hoy las empresas privadas, principalmente extranjeras, se llevan 35 mil millones de d\u00f3lares por a\u00f1o<\/strong>[1]. En t\u00e9rminos simples, y solo para dimensionar la magnitud del despojo, el Estado de Chile podr\u00eda financiar o construir, por ejemplo, 397.727 viviendas de 2.200 UF c\/u; o 140 recintos de salud como el nuevo Hospital del Salvador e Instituto Nacional de Geriatr\u00eda, que ser\u00e1 el m\u00e1s grande de Chile; o 5.600 establecimientos educacionales con una matr\u00edcula de 3.000 alumnos c\/u; o 14 l\u00edneas de Metro, como la nueva l\u00ednea 7 de Santiago que ser\u00e1 la m\u00e1s extensa de la red. Pero esto no es posible de hacer, ocurre que <strong>en plena dictadura c\u00edvico-militar se invent\u00f3 la figura de la Concesi\u00f3n Plena, que entrega la propiedad de los yacimientos mineros a privados (que en su mayor\u00eda son extranjeros) con privilegios incluso superiores a lo que la propia constituci\u00f3n permite<\/strong>. Es decir, y a\u00fan contemplado por la constituci\u00f3n como propiedad absoluta, exclusiva, inalienable e imprescriptible del Estado, el cobre y las riquezas que a partir de \u00e9l se generan ha sido desnacionalizado.<\/p>\n\n\n\n<p>La Confederaci\u00f3n de Trabajadores del Cobre, <strong>se ha propuesto \u2014desde su fundaci\u00f3n\u2014 la renacionalizaci\u00f3n del cobre y de todos los recursos naturales estrat\u00e9gicos<\/strong>. Lo ha propuesto en Chile y se\u00f1alado en el extranjero, y dejar de hacerlo ser\u00eda renunciar a sus propios principios.<\/p>\n\n\n\n<p><strong>Este a\u00f1o se cumplen 50 a\u00f1os del fat\u00eddico once de septiembre<\/strong> de 1973, y la nacionalizaci\u00f3n del cobre, junto con los objetivos de justicia social para todas y todos los habitantes del pa\u00eds, no era aceptable para los mezquinos intereses de la minor\u00eda hist\u00f3ricamente privilegiada. A 50 a\u00f1os desde que comenz\u00f3 la barbarie, nuestro pa\u00eds, el Estado de Chile y todas sus instituciones deben comprometerse y dar una clara se\u00f1al: <strong>no fue un pronunciamiento, fue un golpe de Estado. No fue un acto patriota, fue un acto de servilismo ante los intereses privados nacionales y for\u00e1neos. No fue una guerra, fue el exterminio de chilenas y chilenos, entre los que se encontraban hombres, mujeres, ni\u00f1as y ni\u00f1os<\/strong>.<\/p>\n\n\n\n<p><strong>El Estado de Chile<\/strong> <strong>debe hacerse cargo de la verdad, justicia, reparaci\u00f3n y garant\u00edas de no repetici\u00f3n<\/strong>. De lo contrario, la se\u00f1al ser\u00eda dejar la puerta abierta para que ma\u00f1ana o pasado vuelva a ocurrir lo que jam\u00e1s debi\u00f3 ocurrir.<\/p>\n\n\n\n<hr class=\"wp-block-separator has-alpha-channel-opacity\"\/>\n\n\n\n<p>Nota:<\/p>\n\n\n\n[1] Cifra estimada por los economistas Orlando Caputo y Graciela Galarce, en base a la metodolog\u00eda del Banco Mundial.<\/p>\n\n\n\n<figure class=\"wp-block-image size-large\"><img loading=\"lazy\" decoding=\"async\" width=\"1024\" height=\"1024\" src=\"https:\/\/www.confederaciondelcobre.cl\/wp-content\/uploads\/2023\/07\/RenacCobre-1024x1024.png\" alt=\"\" class=\"wp-image-3724\" srcset=\"https:\/\/www.confederaciondelcobre.cl\/wp-content\/uploads\/2023\/07\/RenacCobre-1024x1024.png 1024w, https:\/\/www.confederaciondelcobre.cl\/wp-content\/uploads\/2023\/07\/RenacCobre-300x300.png 300w, https:\/\/www.confederaciondelcobre.cl\/wp-content\/uploads\/2023\/07\/RenacCobre-150x150.png 150w, https:\/\/www.confederaciondelcobre.cl\/wp-content\/uploads\/2023\/07\/RenacCobre-768x768.png 768w, https:\/\/www.confederaciondelcobre.cl\/wp-content\/uploads\/2023\/07\/RenacCobre.png 1080w\" sizes=\"auto, (max-width: 1024px) 100vw, 1024px\" \/><\/figure>\n","protected":false},"excerpt":{"rendered":"<p>Hoy las empresas privadas, principalmente extranjeras, se llevan 35 mil millones de d\u00f3lares por a\u00f1o. Un d\u00eda como hoy, pero de 1971, el Congreso Nacional aprob\u00f3 por unanimidad una reforma &hellip; <\/p>\n","protected":false},"author":2,"featured_media":3723,"comment_status":"closed","ping_status":"closed","sticky":false,"template":"","format":"standard","meta":{"jetpack_post_was_ever_published":false,"_jetpack_newsletter_access":"","_jetpack_dont_email_post_to_subs":false,"_jetpack_newsletter_tier_id":0,"_jetpack_memberships_contains_paywalled_content":false,"_jetpack_memberships_contains_paid_content":false,"footnotes":"","jetpack_publicize_message":"","jetpack_publicize_feature_enabled":false,"jetpack_social_post_already_shared":true,"jetpack_social_options":{"image_generator_settings":{"template":"highway","default_image_id":0,"enabled":false},"version":2}},"categories":[9,36,15],"tags":[],"class_list":["post-3699","post","type-post","status-publish","format-standard","has-post-thumbnail","hentry","category-confederacion","category-el-cobre-para-chile","category-nacional"],"jetpack_publicize_connections":[],"jetpack_featured_media_url":"https:\/\/www.confederaciondelcobre.cl\/wp-content\/uploads\/2023\/07\/PortNacCobre.jpg","jetpack_sharing_enabled":true,"post_mailing_queue_ids":[],"_links":{"self":[{"href":"https:\/\/www.confederaciondelcobre.cl\/index.php\/wp-json\/wp\/v2\/posts\/3699","targetHints":{"allow":["GET"]}}],"collection":[{"href":"https:\/\/www.confederaciondelcobre.cl\/index.php\/wp-json\/wp\/v2\/posts"}],"about":[{"href":"https:\/\/www.confederaciondelcobre.cl\/index.php\/wp-json\/wp\/v2\/types\/post"}],"author":[{"embeddable":true,"href":"https:\/\/www.confederaciondelcobre.cl\/index.php\/wp-json\/wp\/v2\/users\/2"}],"replies":[{"embeddable":true,"href":"https:\/\/www.confederaciondelcobre.cl\/index.php\/wp-json\/wp\/v2\/comments?post=3699"}],"version-history":[{"count":12,"href":"https:\/\/www.confederaciondelcobre.cl\/index.php\/wp-json\/wp\/v2\/posts\/3699\/revisions"}],"predecessor-version":[{"id":3727,"href":"https:\/\/www.confederaciondelcobre.cl\/index.php\/wp-json\/wp\/v2\/posts\/3699\/revisions\/3727"}],"wp:featuredmedia":[{"embeddable":true,"href":"https:\/\/www.confederaciondelcobre.cl\/index.php\/wp-json\/wp\/v2\/media\/3723"}],"wp:attachment":[{"href":"https:\/\/www.confederaciondelcobre.cl\/index.php\/wp-json\/wp\/v2\/media?parent=3699"}],"wp:term":[{"taxonomy":"category","embeddable":true,"href":"https:\/\/www.confederaciondelcobre.cl\/index.php\/wp-json\/wp\/v2\/categories?post=3699"},{"taxonomy":"post_tag","embeddable":true,"href":"https:\/\/www.confederaciondelcobre.cl\/index.php\/wp-json\/wp\/v2\/tags?post=3699"}],"curies":[{"name":"wp","href":"https:\/\/api.w.org\/{rel}","templated":true}]}}