{"id":3701,"date":"2023-07-11T13:36:54","date_gmt":"2023-07-11T17:36:54","guid":{"rendered":"https:\/\/www.confederaciondelcobre.cl\/?p=3701"},"modified":"2023-07-11T13:36:57","modified_gmt":"2023-07-11T17:36:57","slug":"negociacion-colectiva-sindicato-fepasa-los-andes-hace-efectiva-la-huelga-y-empresa-se-abre-a-retomar-el-dialogo","status":"publish","type":"post","link":"https:\/\/www.confederaciondelcobre.cl\/index.php\/2023\/07\/11\/negociacion-colectiva-sindicato-fepasa-los-andes-hace-efectiva-la-huelga-y-empresa-se-abre-a-retomar-el-dialogo\/","title":{"rendered":"Negociaci\u00f3n Colectiva: sindicato Fepasa Los Andes hace efectiva la huelga y empresa se abre a retomar el di\u00e1logo."},"content":{"rendered":"\n<p>Despu\u00e9s de no recibir propuestas satisfactorias por parte de la empresa durante el per\u00edodo de mediaci\u00f3n obligada, el Sindicato Empresa Ferrocarril del Pac\u00edfico S.A. Establecimiento Los Andes hace efectiva la huelga y la empresa finalmente se abre a retomar el di\u00e1logo.<\/p>\n\n\n\n<hr class=\"wp-block-separator has-alpha-channel-opacity\"\/>\n\n\n\n<p>&#8220;Somos una sociedad an\u00f3nima abierta cuya propiedad mayoritaria pertenece a Puerto Ventanas S.A., compa\u00f1\u00eda integrante del Grupo Sigdo Koppers, uno de los principales conglomerados empresariales de Chile y que cuenta con m\u00e1s de 60 a\u00f1os de exitosa trayectoria en nuestro pa\u00eds, y a nivel global&#8221;, se\u00f1ala el propio <a href=\"https:\/\/www.fepasa.com\/nosotros\/\" target=\"_blank\" rel=\"noreferrer noopener\">sitio web<\/a> de la Compa\u00f1\u00eda Ferrocarril del Pac\u00edfico S.A. (FEPASA), compa\u00f1\u00eda que en esta negociaci\u00f3n colectiva se ha negado sistem\u00e1ticamente a generar condiciones para avanzar hacia un trabajo digno.<\/p>\n\n\n\n<p>Condiciones seguras, mejoras salariales y beneficios sociales que sean acorde al trabajo realizado son las principales demandas del sindicato y sus socios. <strong>La empresa FEPASA, por su parte, simplemente se ha negado a generar condiciones apropiadas y reconocer adecuadamente el aporte y esfuerzo de los trabajadores. Es m\u00e1s, a\u00fan existiendo la permanente disposici\u00f3n al di\u00e1logo por parte del sindicato, FEPASA sencillamente se neg\u00f3 a ampliar el per\u00edodo de mediaci\u00f3n obligada. Lo anterior, como era de esperar, determin\u00f3 que en la madrugada de hoy el Sindicato Empresa Ferrocarril del Pac\u00edfico S.A. Establecimiento Los Andes hiciera efectiva la huelga.<\/strong><\/p>\n\n\n\n<p>La jornada de hoy<strong> parti\u00f3 con una manifestaci\u00f3n en el camino industrial de acceso a Codelco Divisi\u00f3n Andina<\/strong>, donde los trabajadores y socios del sindicato reivindicaron sus demandas.  Ante esto, cabe se\u00f1alar, <strong>FEPASA finalmente se abri\u00f3 a retomar el di\u00e1logo<\/strong>, un di\u00e1logo que los trabajadores y el sindicato siempre quisieron sostener.<\/p>\n\n\n\n<p>A esta hora el sindicato y la empresa FEPASA se encuentran dialogando.<\/p>\n\n\n\n[Noticia en desarrollo]\n","protected":false},"excerpt":{"rendered":"<p>Despu\u00e9s de no recibir propuestas satisfactorias por parte de la empresa durante el per\u00edodo de mediaci\u00f3n obligada, el Sindicato Empresa Ferrocarril del Pac\u00edfico S.A. Establecimiento Los Andes hace efectiva la &hellip; <\/p>\n","protected":false},"author":2,"featured_media":3704,"comment_status":"closed","ping_status":"closed","sticky":false,"template":"","format":"standard","meta":{"jetpack_post_was_ever_published":false,"_jetpack_newsletter_access":"","_jetpack_dont_email_post_to_subs":false,"_jetpack_newsletter_tier_id":0,"_jetpack_memberships_contains_paywalled_content":false,"_jetpack_memberships_contains_paid_content":false,"footnotes":"","jetpack_publicize_message":"","jetpack_publicize_feature_enabled":false,"jetpack_social_post_already_shared":true,"jetpack_social_options":{"image_generator_settings":{"template":"highway","default_image_id":0,"enabled":false},"version":2}},"categories":[9,21,29,20,19],"tags":[],"class_list":["post-3701","post","type-post","status-publish","format-standard","has-post-thumbnail","hentry","category-confederacion","category-federaciones","category-fetramac","category-negociacion-colectiva","category-trabajadores"],"jetpack_publicize_connections":[],"jetpack_featured_media_url":"https:\/\/www.confederaciondelcobre.cl\/wp-content\/uploads\/2023\/07\/PortHuelgaFepasa.jpg","jetpack_sharing_enabled":true,"post_mailing_queue_ids":[],"_links":{"self":[{"href":"https:\/\/www.confederaciondelcobre.cl\/index.php\/wp-json\/wp\/v2\/posts\/3701","targetHints":{"allow":["GET"]}}],"collection":[{"href":"https:\/\/www.confederaciondelcobre.cl\/index.php\/wp-json\/wp\/v2\/posts"}],"about":[{"href":"https:\/\/www.confederaciondelcobre.cl\/index.php\/wp-json\/wp\/v2\/types\/post"}],"author":[{"embeddable":true,"href":"https:\/\/www.confederaciondelcobre.cl\/index.php\/wp-json\/wp\/v2\/users\/2"}],"replies":[{"embeddable":true,"href":"https:\/\/www.confederaciondelcobre.cl\/index.php\/wp-json\/wp\/v2\/comments?post=3701"}],"version-history":[{"count":11,"href":"https:\/\/www.confederaciondelcobre.cl\/index.php\/wp-json\/wp\/v2\/posts\/3701\/revisions"}],"predecessor-version":[{"id":3715,"href":"https:\/\/www.confederaciondelcobre.cl\/index.php\/wp-json\/wp\/v2\/posts\/3701\/revisions\/3715"}],"wp:featuredmedia":[{"embeddable":true,"href":"https:\/\/www.confederaciondelcobre.cl\/index.php\/wp-json\/wp\/v2\/media\/3704"}],"wp:attachment":[{"href":"https:\/\/www.confederaciondelcobre.cl\/index.php\/wp-json\/wp\/v2\/media?parent=3701"}],"wp:term":[{"taxonomy":"category","embeddable":true,"href":"https:\/\/www.confederaciondelcobre.cl\/index.php\/wp-json\/wp\/v2\/categories?post=3701"},{"taxonomy":"post_tag","embeddable":true,"href":"https:\/\/www.confederaciondelcobre.cl\/index.php\/wp-json\/wp\/v2\/tags?post=3701"}],"curies":[{"name":"wp","href":"https:\/\/api.w.org\/{rel}","templated":true}]}}