{"id":3735,"date":"2023-07-12T19:14:53","date_gmt":"2023-07-12T23:14:53","guid":{"rendered":"https:\/\/www.confederaciondelcobre.cl\/?p=3735"},"modified":"2023-07-12T19:14:56","modified_gmt":"2023-07-12T23:14:56","slug":"acuerdomarco-ctc-codelco-postulacion-a-fondo-unico-de-vivienda-concursable-proceso-2023","status":"publish","type":"post","link":"https:\/\/www.confederaciondelcobre.cl\/index.php\/2023\/07\/12\/acuerdomarco-ctc-codelco-postulacion-a-fondo-unico-de-vivienda-concursable-proceso-2023\/","title":{"rendered":"#AcuerdoMarco CTC-Codelco: postulaci\u00f3n a Fondo \u00danico de Vivienda Concursable, proceso 2023."},"content":{"rendered":"\n<p>Informamos que&nbsp;<strong>a partir del martes 18 de julio (hasta el viernes 18 de agosto) comienza el proceso de postulaci\u00f3n y entrega de antecedentes para el Fondo \u00danico de Vivienda Concursable, para este a\u00f1o 202<\/strong>3, que corresponde al Acuerdo Marco entre la Confederaci\u00f3n de Trabajadores del Cobre (CTC), Agema y Codelco.<\/p>\n\n\n\n<ul class=\"wp-block-list\"><li>El Fondo \u00danico de Vivienda Concursable es un derecho y beneficio <strong>para&nbsp;trabajadoras y trabajadores<\/strong>&nbsp;<strong>Contratistas y Subcontratistas que prestan servicios a Codelco<\/strong> de manera permanente, continua y exclusiva en los recintos industriales o establecimientos productivos o administrativos de las Divisiones productivas y Casa Matriz de Codelco, por un periodo m\u00ednimo de un mes calendario.<\/li><\/ul>\n\n\n\n<ul class=\"wp-block-list\"><li>El Fondo \u00danico de Vivienda Concursable&nbsp;<strong>consiste en un aporte \u00fanico para la compra, construcci\u00f3n, prepago de dividendos o de cr\u00e9dito hipotecario&nbsp;de la primera vivienda<\/strong> del o la trabajadora. Cabe destacar que <strong>quien se lo haya adjudicado en a\u00f1os anteriores deber\u00e1 abstenerse de postular nuevamente en este proceso<\/strong>.<\/li><\/ul>\n\n\n\n<p><strong>Desde el a\u00f1o 2007 las y los trabajadores contratistas y subcontratistas de Codelco, adem\u00e1s de sus familias, tienen acceso a una variedad de beneficios, derechos laborales y sociales que establece el&nbsp;Acuerdo Marco firmado entre la Confederaci\u00f3n de Trabajadores del Cobre (CTC), las empresas contratistas y Codelco. Esta conquista de la Clase Trabajadora, cabe recordar, ha sido \u00fanicamente gracias a la&nbsp;Unidad, Conciencia, Organizaci\u00f3n y Lucha&nbsp;de todas y todos quienes, agrupados en la CTC, lograron y han mantenido vigente, e incluso ampliado y mejorado el Acuerdo Marco con la cupr\u00edfera estatal.<\/strong><\/p>\n\n\n\n<ul class=\"wp-block-list\"><li><strong>Para este a\u00f1o 2023 se dispondr\u00e1 de 2.000 (dos mil) cupos por un monto de 40 UF (cuarenta Unidades de Fomento)<\/strong> <strong>cada uno.<\/strong><\/li><\/ul>\n\n\n\n<p><strong>Para postular&nbsp;al Fondo \u00danico de Vivienda Concursable, a\u00f1o 2023,&nbsp;debe hacerlo ingresando desde un computador al sitio web de la OTIC de la C\u00e1mara Chilena de la Construcci\u00f3n&nbsp;(<a href=\"https:\/\/www.oticdelaconstruccion.cl\/fondos2023\/\"><u>haciendo click aqu\u00ed<\/u><\/a>). All\u00ed encontrar\u00e1s la secci\u00f3n \u201cFondos para la Primera Vivienda\u201d, donde se deber\u00e1 ingresar datos del trabajador o trabajadora que postula. Una vez all\u00ed, tambi\u00e9n encontrar\u00e1s informaci\u00f3n sobre las Bases y Documentaci\u00f3n requerida.<\/strong><\/p>\n\n\n\n<p><strong>Los beneficios y derechos conquistados gracias a la unidad, conciencia, organizaci\u00f3n y lucha de las y los trabajadores agrupados en la CTC<\/strong>&nbsp;tienen por objetivo&nbsp;<strong>mejorar nuestras condiciones laborales, sociales y de calidad de vida<\/strong>, por lo que llamamos a todas y todos&nbsp;<strong>a difundir esta informaci\u00f3n y proceso de postulaci\u00f3n entre sus compa\u00f1eras y compa\u00f1eros<\/strong>.<\/p>\n\n\n\n<p>Dejamos a continuaci\u00f3n, para su consideraci\u00f3n, calendario con el proceso completo.<\/p>\n\n\n\n<figure class=\"wp-block-image size-large\"><img loading=\"lazy\" decoding=\"async\" width=\"1024\" height=\"1024\" src=\"https:\/\/www.confederaciondelcobre.cl\/wp-content\/uploads\/2023\/07\/Fondo-de-Vivienda-1024x1024.png\" alt=\"\" class=\"wp-image-3738\" srcset=\"https:\/\/www.confederaciondelcobre.cl\/wp-content\/uploads\/2023\/07\/Fondo-de-Vivienda-1024x1024.png 1024w, https:\/\/www.confederaciondelcobre.cl\/wp-content\/uploads\/2023\/07\/Fondo-de-Vivienda-300x300.png 300w, https:\/\/www.confederaciondelcobre.cl\/wp-content\/uploads\/2023\/07\/Fondo-de-Vivienda-150x150.png 150w, https:\/\/www.confederaciondelcobre.cl\/wp-content\/uploads\/2023\/07\/Fondo-de-Vivienda-768x768.png 768w, https:\/\/www.confederaciondelcobre.cl\/wp-content\/uploads\/2023\/07\/Fondo-de-Vivienda.png 1080w\" sizes=\"auto, (max-width: 1024px) 100vw, 1024px\" \/><\/figure>\n","protected":false},"excerpt":{"rendered":"<p>Informamos que&nbsp;a partir del martes 18 de julio (hasta el viernes 18 de agosto) comienza el proceso de postulaci\u00f3n y entrega de antecedentes para el Fondo \u00danico de Vivienda Concursable, &hellip; <\/p>\n","protected":false},"author":2,"featured_media":3739,"comment_status":"closed","ping_status":"closed","sticky":false,"template":"","format":"standard","meta":{"jetpack_post_was_ever_published":false,"_jetpack_newsletter_access":"","_jetpack_dont_email_post_to_subs":false,"_jetpack_newsletter_tier_id":0,"_jetpack_memberships_contains_paywalled_content":false,"_jetpack_memberships_contains_paid_content":false,"footnotes":"","jetpack_publicize_message":"","jetpack_publicize_feature_enabled":false,"jetpack_social_post_already_shared":true,"jetpack_social_options":{"image_generator_settings":{"template":"highway","default_image_id":0,"enabled":false},"version":2}},"categories":[5,23,9,21,19],"tags":[],"class_list":["post-3735","post","type-post","status-publish","format-standard","has-post-thumbnail","hentry","category-acuerdo-marco","category-acuerdo-marco-codelco","category-confederacion","category-federaciones","category-trabajadores"],"jetpack_publicize_connections":[],"jetpack_featured_media_url":"https:\/\/www.confederaciondelcobre.cl\/wp-content\/uploads\/2023\/07\/PortFond.jpg","jetpack_sharing_enabled":true,"post_mailing_queue_ids":[],"_links":{"self":[{"href":"https:\/\/www.confederaciondelcobre.cl\/index.php\/wp-json\/wp\/v2\/posts\/3735","targetHints":{"allow":["GET"]}}],"collection":[{"href":"https:\/\/www.confederaciondelcobre.cl\/index.php\/wp-json\/wp\/v2\/posts"}],"about":[{"href":"https:\/\/www.confederaciondelcobre.cl\/index.php\/wp-json\/wp\/v2\/types\/post"}],"author":[{"embeddable":true,"href":"https:\/\/www.confederaciondelcobre.cl\/index.php\/wp-json\/wp\/v2\/users\/2"}],"replies":[{"embeddable":true,"href":"https:\/\/www.confederaciondelcobre.cl\/index.php\/wp-json\/wp\/v2\/comments?post=3735"}],"version-history":[{"count":3,"href":"https:\/\/www.confederaciondelcobre.cl\/index.php\/wp-json\/wp\/v2\/posts\/3735\/revisions"}],"predecessor-version":[{"id":3745,"href":"https:\/\/www.confederaciondelcobre.cl\/index.php\/wp-json\/wp\/v2\/posts\/3735\/revisions\/3745"}],"wp:featuredmedia":[{"embeddable":true,"href":"https:\/\/www.confederaciondelcobre.cl\/index.php\/wp-json\/wp\/v2\/media\/3739"}],"wp:attachment":[{"href":"https:\/\/www.confederaciondelcobre.cl\/index.php\/wp-json\/wp\/v2\/media?parent=3735"}],"wp:term":[{"taxonomy":"category","embeddable":true,"href":"https:\/\/www.confederaciondelcobre.cl\/index.php\/wp-json\/wp\/v2\/categories?post=3735"},{"taxonomy":"post_tag","embeddable":true,"href":"https:\/\/www.confederaciondelcobre.cl\/index.php\/wp-json\/wp\/v2\/tags?post=3735"}],"curies":[{"name":"wp","href":"https:\/\/api.w.org\/{rel}","templated":true}]}}