{"id":3741,"date":"2023-07-12T22:02:51","date_gmt":"2023-07-13T02:02:51","guid":{"rendered":"https:\/\/www.confederaciondelcobre.cl\/?p=3741"},"modified":"2023-07-12T22:02:53","modified_gmt":"2023-07-13T02:02:53","slug":"negociacion-colectiva-sindicato-servicios-tecnologicos-st-rechaza-ultima-oferta-de-la-empresa-y-vota-la-huelga","status":"publish","type":"post","link":"https:\/\/www.confederaciondelcobre.cl\/index.php\/2023\/07\/12\/negociacion-colectiva-sindicato-servicios-tecnologicos-st-rechaza-ultima-oferta-de-la-empresa-y-vota-la-huelga\/","title":{"rendered":"Negociaci\u00f3n Colectiva: Sindicato Servicios Tecnol\u00f3gicos ST rechaza \u00faltima oferta de la empresa y vota la huelga."},"content":{"rendered":"\n<p>La votaci\u00f3n se llev\u00f3 a cabo ayer 11 de julio, y rechaza la \u00faltima oferta de la empresa. Reconocimiento a su labor y que esto se traduzca principalmente en mejoras salariales y beneficios sociales es lo que el sindicato y sus socios demandan.<\/p>\n\n\n\n<hr class=\"wp-block-separator has-alpha-channel-opacity\"\/>\n\n\n\n<p>El d\u00eda de ayer, y luego de intensas tratativas en torno a su actual <a href=\"https:\/\/www.confederaciondelcobre.cl\/index.php\/2023\/05\/29\/en-rancagua-sindicato-servicios-tecnologicos-st-presento-proyecto-de-negociacion-colectiva\/\" target=\"_blank\" rel=\"noreferrer noopener\">negociaci\u00f3n colectiva<\/a>, el Sindicato Servicios Tecnol\u00f3gicos ST y sus socios rechazaron la \u00faltima oferta de la empresa Guerrero y C\u00e9spedes Ingenier\u00eda Ltda. Esto, se\u00f1alan desde el sindicato, debido a que la empresa no ha presentado propuestas que se acerquen a las expectativas de los trabajadores, que son avanzar en el adecuado reconocimiento a su labor, y que esto adem\u00e1s se traduzca principalmente en mejoras salariales y beneficios sociales.<\/p>\n\n\n\n<p>La empresa, que presta servicios a Codelco en la Divisi\u00f3n El Teniente ubicada en la Regi\u00f3n de O\u2019Higgins, si bien ha mostrado una permanente actitud de apertura al di\u00e1logo, ha presentado una oferta que dista mucho a\u00fan de lo que el sindicato y sus socios consideran justo y de acuerdo a la labor que realizan.<\/p>\n\n\n\n<p>Esta es una noticia en desarrollo, y en la medida de que los acontecimientos vayan ocurriendo iremos actualizando la informaci\u00f3n.<\/p>\n\n\n\n<p><\/p>\n","protected":false},"excerpt":{"rendered":"<p>La votaci\u00f3n se llev\u00f3 a cabo ayer 11 de julio, y rechaza la \u00faltima oferta de la empresa. Reconocimiento a su labor y que esto se traduzca principalmente en mejoras &hellip; <\/p>\n","protected":false},"author":2,"featured_media":3743,"comment_status":"closed","ping_status":"closed","sticky":false,"template":"","format":"standard","meta":{"jetpack_post_was_ever_published":false,"_jetpack_newsletter_access":"","_jetpack_dont_email_post_to_subs":false,"_jetpack_newsletter_tier_id":0,"_jetpack_memberships_contains_paywalled_content":false,"_jetpack_memberships_contains_paid_content":false,"footnotes":"","jetpack_publicize_message":"","jetpack_publicize_feature_enabled":false,"jetpack_social_post_already_shared":true,"jetpack_social_options":{"image_generator_settings":{"template":"highway","default_image_id":0,"enabled":false},"version":2}},"categories":[9,21,31,20,19],"tags":[],"class_list":["post-3741","post","type-post","status-publish","format-standard","has-post-thumbnail","hentry","category-confederacion","category-federaciones","category-fetratec","category-negociacion-colectiva","category-trabajadores"],"jetpack_publicize_connections":[],"jetpack_featured_media_url":"https:\/\/www.confederaciondelcobre.cl\/wp-content\/uploads\/2023\/07\/PortST.jpg","jetpack_sharing_enabled":true,"post_mailing_queue_ids":[],"_links":{"self":[{"href":"https:\/\/www.confederaciondelcobre.cl\/index.php\/wp-json\/wp\/v2\/posts\/3741","targetHints":{"allow":["GET"]}}],"collection":[{"href":"https:\/\/www.confederaciondelcobre.cl\/index.php\/wp-json\/wp\/v2\/posts"}],"about":[{"href":"https:\/\/www.confederaciondelcobre.cl\/index.php\/wp-json\/wp\/v2\/types\/post"}],"author":[{"embeddable":true,"href":"https:\/\/www.confederaciondelcobre.cl\/index.php\/wp-json\/wp\/v2\/users\/2"}],"replies":[{"embeddable":true,"href":"https:\/\/www.confederaciondelcobre.cl\/index.php\/wp-json\/wp\/v2\/comments?post=3741"}],"version-history":[{"count":3,"href":"https:\/\/www.confederaciondelcobre.cl\/index.php\/wp-json\/wp\/v2\/posts\/3741\/revisions"}],"predecessor-version":[{"id":3746,"href":"https:\/\/www.confederaciondelcobre.cl\/index.php\/wp-json\/wp\/v2\/posts\/3741\/revisions\/3746"}],"wp:featuredmedia":[{"embeddable":true,"href":"https:\/\/www.confederaciondelcobre.cl\/index.php\/wp-json\/wp\/v2\/media\/3743"}],"wp:attachment":[{"href":"https:\/\/www.confederaciondelcobre.cl\/index.php\/wp-json\/wp\/v2\/media?parent=3741"}],"wp:term":[{"taxonomy":"category","embeddable":true,"href":"https:\/\/www.confederaciondelcobre.cl\/index.php\/wp-json\/wp\/v2\/categories?post=3741"},{"taxonomy":"post_tag","embeddable":true,"href":"https:\/\/www.confederaciondelcobre.cl\/index.php\/wp-json\/wp\/v2\/tags?post=3741"}],"curies":[{"name":"wp","href":"https:\/\/api.w.org\/{rel}","templated":true}]}}