{"id":3752,"date":"2023-07-26T12:50:17","date_gmt":"2023-07-26T16:50:17","guid":{"rendered":"https:\/\/www.confederaciondelcobre.cl\/?p=3752"},"modified":"2023-07-26T12:58:47","modified_gmt":"2023-07-26T16:58:47","slug":"nelson-quichillao-homenajes-a-ocho-anos-de-su-asesinato","status":"publish","type":"post","link":"https:\/\/www.confederaciondelcobre.cl\/index.php\/2023\/07\/26\/nelson-quichillao-homenajes-a-ocho-anos-de-su-asesinato\/","title":{"rendered":"Nelson Quichillao: homenajes a ocho a\u00f1os de su asesinato."},"content":{"rendered":"\n<p><strong>Nelson Quichillao L\u00f3pez<\/strong>&nbsp;era un trabajador subcontratado de la miner\u00eda del cobre, socio del Sindicato N\u00ba2 de Geovita, afiliado a la Federaci\u00f3n de Sindicatos El Salvador (FESAL) que es federaci\u00f3n de la Confederaci\u00f3n de Trabajadores del Cobre (CTC) en la Regi\u00f3n de Atacama.<\/p>\n\n\n\n<hr class=\"wp-block-separator has-alpha-channel-opacity\"\/>\n\n\n\n<p>El a\u00f1o 2015, Nelson se manifestaba junto a sus compa\u00f1eras y compa\u00f1eros de trabajo en el campamento Minero de El Salvador por la renovaci\u00f3n, ampliaci\u00f3n y mejora del Acuerdo Marco entre la CTC, Agema y Codelco. Las autoridades del momento tomaron la decisi\u00f3n de reprimir la movilizaci\u00f3n nacional de las y los trabajadores contratistas y subcontratistas de la miner\u00eda del cobre, desatando as\u00ed, particularmente en el campamento minero de El Salvador, una criminal represi\u00f3n llevada a cabo por Fuerzas Especiales de Carabineros de Chile en la madrugada del 24 de julio. Dicha acci\u00f3n, realizada de manera planificada y clandestina, dej\u00f3 a muchos trabajadores heridos y a Nelson Quichillao muerto de un disparo.<\/p>\n\n\n\n<p class=\"has-medium-font-size\"><strong>A ocho a\u00f1os, el asesinato de nuestro compa\u00f1ero sigue impune.<\/strong><\/p>\n\n\n\n<p>Desde que ocurri\u00f3 su asesinato, y&nbsp;<strong>a pesar de todas las acciones legales y de denuncia emprendidas por la Confederaci\u00f3n de Trabajadores del Cobre, en conjunto con la propia familia de Nelson Quichillao, sea ante el Juzgado de Garant\u00eda de Diego de Almagro, el Instituto Nacional de Derechos Humanos, el Relator Encargado Especial de la Organizaci\u00f3n de Naciones Unidas sobre el Derecho a la Libertad de Reuni\u00f3n y Asociaci\u00f3n, la Organizaci\u00f3n Internacional del Trabajo, y la denuncia realizada ante la Comisi\u00f3n Interamericana de Derechos Humanos en contra del Estado de Chile, por no investigar adecuadamente la muerte de Nelson a manos de Carabineros de Chile, por vulnerar el derecho a la verdad, a la justicia, a la integridad f\u00edsica, y, en definitiva, el derecho a la vida de Nelson Quichillao, el asesinato de nuestro compa\u00f1ero sigue impune<\/strong>.<\/p>\n\n\n\n<blockquote class=\"wp-block-quote is-layout-flow wp-block-quote-is-layout-flow\">\n<p>Hoy, el Estado de Chile, y habiendo transcurrido los plazos que la Comisi\u00f3n Interamericana de Derechos Humanos le impusiera para informar en detalle los antecedentes del crimen cometido en contra de Nelson Quichillao, no ha respondido y ha guardado absoluto silencio.<\/p>\n<\/blockquote>\n\n\n\n<p>Hoy, a ocho de su asesinato a manos de fuerzas represivas del Estado de Chile, la Confederaci\u00f3n de Trabajadores del Cobre reafirma su compromiso<strong> de no descanso<\/strong>,<strong> por verdad y justicia para nuestro compa\u00f1ero Nelson Quichillao, y con ello en parte tambi\u00e9n para el movimiento obrero y la clase trabajadora.<\/strong><\/p>\n\n\n\n<p class=\"has-medium-font-size\"><strong>Homenajes.<\/strong><\/p>\n\n\n\n<p><strong>En Calama<\/strong>, el lunes 24 de julio, y en dependencias de la Central Unitaria de Trabajadores El Loa, la Federaci\u00f3n de Sindicatos de Trabajadores de la Miner\u00eda y Organizaciones afines de la II regi\u00f3n (FESITRAM), que es federaci\u00f3n de la CTC en la regi\u00f3n de Antofagasta, llev\u00f3 a cabo un acto y responso en conmemoraci\u00f3n de un aniversario m\u00e1s del asesinato de Nelson Quichillao. En la oportunidad, Juan Galindo, Presidente de la FESITRAM y Director Nacional de la CTC, destac\u00f3 la figura de Nelson como un ejemplo de trabajador sindicalmente activo, plenamente consciente de las necesidades de todas y todos los trabajadores, especialmente de sus compa\u00f1eras y compa\u00f1eros subcontratados del cobre. Solidario con los suyos, y en esa condici\u00f3n es que durante el 2015 particip\u00f3 activamente de la organizaci\u00f3n y movilizaci\u00f3n en El Salvador, a prop\u00f3sito de la movilizaci\u00f3n nacional de la CTC en demanda por la renovaci\u00f3n y mejora del Acuerdo Marco con Agema y Codelco. El Presidente de la FESITRAM recalc\u00f3 el hecho de que a ocho a\u00f1os de su asesinato a manos de fuerzas represivas del Estado, a\u00fan no hay justicia para Nelson, y esto no porque la CTC no ha hecho todo lo que est\u00e1 a su alcance \u2014insisti\u00f3 Galindo\u2014 sino porque b\u00e1sicamente la justicia a instancias nacionales decidi\u00f3 no perseverar en la investigaci\u00f3n. Por otro lado, continu\u00f3 el director nacional de la CTC, y ya en instancias internacionales, el avance de causas es mas bien lento, que se suma adem\u00e1s a la baj\u00edsima colaboraci\u00f3n de nuestro pa\u00eds para que dicho proceso avance. Para finalizar, Juan Galindo reafirm\u00f3 el compromiso de la CTC con la verdad y justicia para Nelson Quichillao, como tambi\u00e9n con su memoria.<\/p>\n\n\n\n<figure class=\"wp-block-gallery has-nested-images columns-default is-cropped wp-block-gallery-1 is-layout-flex wp-block-gallery-is-layout-flex\">\n<figure class=\"wp-block-image size-large\"><img loading=\"lazy\" decoding=\"async\" width=\"1024\" height=\"576\" data-id=\"3765\" src=\"https:\/\/www.confederaciondelcobre.cl\/wp-content\/uploads\/2023\/07\/2efd37c0-5f9b-4d04-b508-ce9eb9c76320-1024x576.jpeg\" alt=\"\" class=\"wp-image-3765\" srcset=\"https:\/\/www.confederaciondelcobre.cl\/wp-content\/uploads\/2023\/07\/2efd37c0-5f9b-4d04-b508-ce9eb9c76320-1024x576.jpeg 1024w, https:\/\/www.confederaciondelcobre.cl\/wp-content\/uploads\/2023\/07\/2efd37c0-5f9b-4d04-b508-ce9eb9c76320-300x169.jpeg 300w, https:\/\/www.confederaciondelcobre.cl\/wp-content\/uploads\/2023\/07\/2efd37c0-5f9b-4d04-b508-ce9eb9c76320-768x432.jpeg 768w, https:\/\/www.confederaciondelcobre.cl\/wp-content\/uploads\/2023\/07\/2efd37c0-5f9b-4d04-b508-ce9eb9c76320-1536x864.jpeg 1536w, https:\/\/www.confederaciondelcobre.cl\/wp-content\/uploads\/2023\/07\/2efd37c0-5f9b-4d04-b508-ce9eb9c76320.jpeg 1600w\" sizes=\"auto, (max-width: 1024px) 100vw, 1024px\" \/><\/figure>\n\n\n\n<figure class=\"wp-block-image size-large\"><img loading=\"lazy\" decoding=\"async\" width=\"1024\" height=\"576\" data-id=\"3766\" src=\"https:\/\/www.confederaciondelcobre.cl\/wp-content\/uploads\/2023\/07\/8e0fc89f-0d16-4e98-8a8a-b39a2fbbb540-1024x576.jpeg\" alt=\"\" class=\"wp-image-3766\" srcset=\"https:\/\/www.confederaciondelcobre.cl\/wp-content\/uploads\/2023\/07\/8e0fc89f-0d16-4e98-8a8a-b39a2fbbb540-1024x576.jpeg 1024w, https:\/\/www.confederaciondelcobre.cl\/wp-content\/uploads\/2023\/07\/8e0fc89f-0d16-4e98-8a8a-b39a2fbbb540-300x169.jpeg 300w, https:\/\/www.confederaciondelcobre.cl\/wp-content\/uploads\/2023\/07\/8e0fc89f-0d16-4e98-8a8a-b39a2fbbb540-768x432.jpeg 768w, https:\/\/www.confederaciondelcobre.cl\/wp-content\/uploads\/2023\/07\/8e0fc89f-0d16-4e98-8a8a-b39a2fbbb540-1536x864.jpeg 1536w, https:\/\/www.confederaciondelcobre.cl\/wp-content\/uploads\/2023\/07\/8e0fc89f-0d16-4e98-8a8a-b39a2fbbb540.jpeg 1600w\" sizes=\"auto, (max-width: 1024px) 100vw, 1024px\" \/><\/figure>\n<\/figure>\n\n\n\n<p><strong>En El Salvador,<\/strong> campamento minero en donde ocurri\u00f3 su crimen en 2015, la Federaci\u00f3n de Sindicatos El Salvador (FESAL) en conjunto con la Federaci\u00f3n de Trabajadores Contratistas MantoVerde (FESAMAV), ambas federaciones de la CTC en la regi\u00f3n de Atacama, realizaron actividades de conmemoraci\u00f3n que incluyeron (el domingo 23) trabajos de mantenci\u00f3n y arborizaci\u00f3n del memorial a Nelson Quichillao, como tambi\u00e9n un acto conmemorativo. En tanto el lunes 24, y en horas de la tarde, se realiz\u00f3 una emotiva velat\u00f3n en su memoria, justamente en el memorial levantado y emplazado por la CTC en dicho campamento.<\/p>\n\n\n\n<p>En la oportunidad, el acto parti\u00f3 con una presentaci\u00f3n musical a cargo del profesor <strong>Juan D\u00edaz Miranda<\/strong>, de nombre art\u00edstico &#8220;Norche&#8221;, y cuya m\u00fasica e interpretaciones hemos conocido en m\u00e1s de alguna versi\u00f3n del Festival Nelson en la memoria. Tambi\u00e9n hubo una presentaci\u00f3n del conjunto &#8220;Renacer de Tradiciones&#8221;, que interpretaron algunos pies de cuecas a cargo de <strong>Krishna Balc\u00e1zar y Abraham Sep\u00falveda<\/strong>. Ambos, cabe destacar, son los actuales campeones de cueca de la regi\u00f3n de Atacama. Mas tarde vino la presentaci\u00f3n de <strong>Cristian Barahona<\/strong> (&#8220;El Patriota&#8221;), cantautor local y que tambi\u00e9n nos ha acompa\u00f1ado en los Festivales Nelson en la memoria.<\/p>\n\n\n<div class=\"wp-block-image\">\n<figure class=\"aligncenter size-full\"><img loading=\"lazy\" decoding=\"async\" width=\"800\" height=\"600\" src=\"https:\/\/www.confederaciondelcobre.cl\/wp-content\/uploads\/2023\/07\/49e6f80c-68c6-4334-88c1-8bff1aaea2d0-1.jpg\" alt=\"\" class=\"wp-image-3803\" srcset=\"https:\/\/www.confederaciondelcobre.cl\/wp-content\/uploads\/2023\/07\/49e6f80c-68c6-4334-88c1-8bff1aaea2d0-1.jpg 800w, https:\/\/www.confederaciondelcobre.cl\/wp-content\/uploads\/2023\/07\/49e6f80c-68c6-4334-88c1-8bff1aaea2d0-1-300x225.jpg 300w, https:\/\/www.confederaciondelcobre.cl\/wp-content\/uploads\/2023\/07\/49e6f80c-68c6-4334-88c1-8bff1aaea2d0-1-768x576.jpg 768w\" sizes=\"auto, (max-width: 800px) 100vw, 800px\" \/><figcaption class=\"wp-element-caption\">Ana Lamas Aguirre, Presidenta de la Confederaci\u00f3n de Trabajadores del Cobre.<\/figcaption><\/figure><\/div>\n\n\n<p>El acto central estuvo a cargo de la <strong>Presidenta de la CTC, Ana Lamas Aguirre<\/strong>, quien ofreci\u00f3 unas palabras a las y los asistentes y record\u00f3 a Nelson Quichillao como un trabajador honesto y responsable, &#8220;que se gan\u00f3 siempre el amor de su familia y el cari\u00f1o de sus compa\u00f1eros de trabajo, y que siendo como era, amante de la justicia y con un alto sentido de solidaridad de clase, no dud\u00f3 en incorporarse al movimiento de los trabajadores contratistas del cobre y a las luchas en demanda de mejores y m\u00e1s justas condiciones de vida y de trabajo&#8221;, agregando que &#8220;en el marco de esas movilizaciones [Nelson] cae aquel 24 de julio de 2015, como luchador decidido y consecuente, v\u00edctima de un Estado represivo que criminaliza la protesta social y que no duda en aplastar brutal y criminalmente toda se\u00f1al de rebeld\u00eda contra las injusticias del sistema&#8221;. Continuando con sus palabras, la Presidenta de la CTC y de la FESAL, record\u00f3 que &#8220;este octavo aniversario lo conmemoramos en el marco de los cincuenta a\u00f1os del golpe c\u00edvico militar, una fecha dolorosa que marca un quiebre profundo y brutal en nuestra democracia&#8221;, se\u00f1alando que &#8220;el d\u00eda 11 de septiembre se extendi\u00f3 en nuestro pa\u00eds el odio, la brutalidad, la represi\u00f3n y una crueldad nunca vista. Nuestros compa\u00f1eros y compa\u00f1eras fueron ejecutadas y detenidas desaparecidas, ellos y ellas&nbsp;fueron v\u00edctimas de pol\u00edticas represivas de exterminio y sus muertes siguen en la impunidad, pero nosotros no los olvidamos. Honor y gloria, para ellos y ellas, luchadores sociales comprometidas con la clase trabajadora&#8221;. <\/p>\n\n\n\n<p>Sobre el asesinato de Nelson, Ana Lamas indic\u00f3 que &#8220;han transcurrido ocho a\u00f1os, la justicia ha cerrado ojos y o\u00eddos y, pese a todas las gestiones que como organizaci\u00f3n sindical hemos hecho a nivel nacional e internacional, el criminal sigue libre y los responsables en la impunidad&#8221;, a\u00f1adiendo que &#8220;el recuerdo y el ejemplo de Nelson, y de tantos otros y otras luchadoras sociales y sindicales, debe estar presente y guiarnos para continuar el camino en la conquista de los derechos humanos, laborales, pol\u00edticos y sociales que el sistema nos niega&#8221;.<\/p>\n\n\n\n<p>Para concluir, la Presidenta de la CTC, alert\u00f3 que &#8220;enfrentamos momentos complejos, con avances insospechados y preocupantes de una ultra derecha con un proyecto pol\u00edtico profundamente conservador y al servicio de los poderosos, due\u00f1os del capital&#8221;, advirtiendo que s&#8221;sabemos por experiencias pasadas y actuales que se avecinan tiempos complejos y dif\u00edciles para nuestra clase. La avaricia y la codicia de los due\u00f1os del capital no tienen limites y sus riquezas las van a tratar de incrementar a costa de nosotros los trabajadores y trabajadoras(&#8230;) (&#8230;) por lo que mas que nunca debemos estar alerta, estar unidos y unidas. Debemos entender que solo la organizaci\u00f3n, la unidad&nbsp; y el trabajo colectivo y permanente de organizaci\u00f3n de nuestra clase, es la muralla que debemos construir ladrillo a ladrillo para detener los intentos de negar nuestros derechos dolorosamente conquistados&#8221;.<\/p>\n\n\n\n<p>Finalmente, y para cerrar sus palabras, Ana Lamas Aguirre afirm\u00f3 que &#8220;tenemos la plena convicci\u00f3n de que, sin verdad, sin justicia y sin memoria no se puede construir una real democracia ni la sociedad que tanto anhelamos para las actuales y futuras generaciones. Seguiremos luchando por un Chile respetuoso de los Derechos Humanos, por una Ley Laboral justa, que elimine el subcontrato y que contemple el derecho a la negociaci\u00f3n colectiva ramal y la huelga efectiva, por educaci\u00f3n, salud y previsi\u00f3n p\u00fablicas, por un Estado democr\u00e1tico, sin represi\u00f3n, sin muertes, sin abusos, sin impunidad, por un pa\u00eds donde la dignidad se haga costumbre. Lo haremos con la fuerza que nos entregan la memoria eterna de Nelson Quichillao L\u00f3pez y de tantos chilenos y chilenas que dieron su vida por el bienestar de las nuevas generaciones. Por Nelson Quichillao y por todas las luchadoras y luchadores sociales, por la Unidad del movimiento sindical, por las trabajadoras y trabajadores de Chile, por un Chile justo, solidario y digno, arriba los y las &nbsp;que luchan y jam\u00e1s se rinden&#8221;, concluy\u00f3.<\/p>\n\n\n\n<figure class=\"wp-block-gallery has-nested-images columns-default is-cropped wp-block-gallery-2 is-layout-flex wp-block-gallery-is-layout-flex\">\n<figure class=\"wp-block-image size-large\"><img loading=\"lazy\" decoding=\"async\" width=\"800\" height=\"600\" data-id=\"3796\" src=\"https:\/\/www.confederaciondelcobre.cl\/wp-content\/uploads\/2023\/07\/13a92bd7-43cf-4cae-86f4-52fe9eba64c2.jpg\" alt=\"\" class=\"wp-image-3796\" srcset=\"https:\/\/www.confederaciondelcobre.cl\/wp-content\/uploads\/2023\/07\/13a92bd7-43cf-4cae-86f4-52fe9eba64c2.jpg 800w, https:\/\/www.confederaciondelcobre.cl\/wp-content\/uploads\/2023\/07\/13a92bd7-43cf-4cae-86f4-52fe9eba64c2-300x225.jpg 300w, https:\/\/www.confederaciondelcobre.cl\/wp-content\/uploads\/2023\/07\/13a92bd7-43cf-4cae-86f4-52fe9eba64c2-768x576.jpg 768w\" sizes=\"auto, (max-width: 800px) 100vw, 800px\" \/><\/figure>\n\n\n\n<figure class=\"wp-block-image size-large\"><img loading=\"lazy\" decoding=\"async\" width=\"800\" height=\"600\" data-id=\"3791\" src=\"https:\/\/www.confederaciondelcobre.cl\/wp-content\/uploads\/2023\/07\/0ac6af40-ac55-4cbc-bc39-bcf1fa3772dd.jpg\" alt=\"\" class=\"wp-image-3791\" srcset=\"https:\/\/www.confederaciondelcobre.cl\/wp-content\/uploads\/2023\/07\/0ac6af40-ac55-4cbc-bc39-bcf1fa3772dd.jpg 800w, https:\/\/www.confederaciondelcobre.cl\/wp-content\/uploads\/2023\/07\/0ac6af40-ac55-4cbc-bc39-bcf1fa3772dd-300x225.jpg 300w, https:\/\/www.confederaciondelcobre.cl\/wp-content\/uploads\/2023\/07\/0ac6af40-ac55-4cbc-bc39-bcf1fa3772dd-768x576.jpg 768w\" sizes=\"auto, (max-width: 800px) 100vw, 800px\" \/><\/figure>\n\n\n\n<figure class=\"wp-block-image size-large\"><img loading=\"lazy\" decoding=\"async\" width=\"800\" height=\"600\" data-id=\"3790\" src=\"https:\/\/www.confederaciondelcobre.cl\/wp-content\/uploads\/2023\/07\/1e018d7a-ca36-4817-a38d-13e844a8662f.jpg\" alt=\"\" class=\"wp-image-3790\" srcset=\"https:\/\/www.confederaciondelcobre.cl\/wp-content\/uploads\/2023\/07\/1e018d7a-ca36-4817-a38d-13e844a8662f.jpg 800w, https:\/\/www.confederaciondelcobre.cl\/wp-content\/uploads\/2023\/07\/1e018d7a-ca36-4817-a38d-13e844a8662f-300x225.jpg 300w, https:\/\/www.confederaciondelcobre.cl\/wp-content\/uploads\/2023\/07\/1e018d7a-ca36-4817-a38d-13e844a8662f-768x576.jpg 768w\" sizes=\"auto, (max-width: 800px) 100vw, 800px\" \/><\/figure>\n\n\n\n<figure class=\"wp-block-image size-large\"><img loading=\"lazy\" decoding=\"async\" width=\"800\" height=\"600\" data-id=\"3794\" src=\"https:\/\/www.confederaciondelcobre.cl\/wp-content\/uploads\/2023\/07\/4f71022b-4b65-4678-947e-d116d5a82c2b.jpg\" alt=\"\" class=\"wp-image-3794\" srcset=\"https:\/\/www.confederaciondelcobre.cl\/wp-content\/uploads\/2023\/07\/4f71022b-4b65-4678-947e-d116d5a82c2b.jpg 800w, https:\/\/www.confederaciondelcobre.cl\/wp-content\/uploads\/2023\/07\/4f71022b-4b65-4678-947e-d116d5a82c2b-300x225.jpg 300w, https:\/\/www.confederaciondelcobre.cl\/wp-content\/uploads\/2023\/07\/4f71022b-4b65-4678-947e-d116d5a82c2b-768x576.jpg 768w\" sizes=\"auto, (max-width: 800px) 100vw, 800px\" \/><\/figure>\n\n\n\n<figure class=\"wp-block-image size-large\"><img loading=\"lazy\" decoding=\"async\" width=\"800\" height=\"600\" data-id=\"3798\" src=\"https:\/\/www.confederaciondelcobre.cl\/wp-content\/uploads\/2023\/07\/7a58eb73-5f01-4226-acd0-82f6d11c0777.jpg\" alt=\"\" class=\"wp-image-3798\" srcset=\"https:\/\/www.confederaciondelcobre.cl\/wp-content\/uploads\/2023\/07\/7a58eb73-5f01-4226-acd0-82f6d11c0777.jpg 800w, https:\/\/www.confederaciondelcobre.cl\/wp-content\/uploads\/2023\/07\/7a58eb73-5f01-4226-acd0-82f6d11c0777-300x225.jpg 300w, https:\/\/www.confederaciondelcobre.cl\/wp-content\/uploads\/2023\/07\/7a58eb73-5f01-4226-acd0-82f6d11c0777-768x576.jpg 768w\" sizes=\"auto, (max-width: 800px) 100vw, 800px\" \/><\/figure>\n\n\n\n<figure class=\"wp-block-image size-large\"><img loading=\"lazy\" decoding=\"async\" width=\"800\" height=\"600\" data-id=\"3792\" src=\"https:\/\/www.confederaciondelcobre.cl\/wp-content\/uploads\/2023\/07\/8a94491f-8112-4d7d-844a-8e114b391f09.jpg\" alt=\"\" class=\"wp-image-3792\" srcset=\"https:\/\/www.confederaciondelcobre.cl\/wp-content\/uploads\/2023\/07\/8a94491f-8112-4d7d-844a-8e114b391f09.jpg 800w, https:\/\/www.confederaciondelcobre.cl\/wp-content\/uploads\/2023\/07\/8a94491f-8112-4d7d-844a-8e114b391f09-300x225.jpg 300w, https:\/\/www.confederaciondelcobre.cl\/wp-content\/uploads\/2023\/07\/8a94491f-8112-4d7d-844a-8e114b391f09-768x576.jpg 768w\" sizes=\"auto, (max-width: 800px) 100vw, 800px\" \/><\/figure>\n\n\n\n<figure class=\"wp-block-image size-large\"><img loading=\"lazy\" decoding=\"async\" width=\"800\" height=\"600\" data-id=\"3795\" src=\"https:\/\/www.confederaciondelcobre.cl\/wp-content\/uploads\/2023\/07\/8eef0520-cc22-4a3e-b91a-a632fe83cd5e.jpg\" alt=\"\" class=\"wp-image-3795\" srcset=\"https:\/\/www.confederaciondelcobre.cl\/wp-content\/uploads\/2023\/07\/8eef0520-cc22-4a3e-b91a-a632fe83cd5e.jpg 800w, https:\/\/www.confederaciondelcobre.cl\/wp-content\/uploads\/2023\/07\/8eef0520-cc22-4a3e-b91a-a632fe83cd5e-300x225.jpg 300w, https:\/\/www.confederaciondelcobre.cl\/wp-content\/uploads\/2023\/07\/8eef0520-cc22-4a3e-b91a-a632fe83cd5e-768x576.jpg 768w\" sizes=\"auto, (max-width: 800px) 100vw, 800px\" \/><\/figure>\n\n\n\n<figure class=\"wp-block-image size-large\"><img loading=\"lazy\" decoding=\"async\" width=\"800\" height=\"600\" data-id=\"3793\" src=\"https:\/\/www.confederaciondelcobre.cl\/wp-content\/uploads\/2023\/07\/47af4856-7288-45c4-b10c-3f63bf7e04bd.jpg\" alt=\"\" class=\"wp-image-3793\" srcset=\"https:\/\/www.confederaciondelcobre.cl\/wp-content\/uploads\/2023\/07\/47af4856-7288-45c4-b10c-3f63bf7e04bd.jpg 800w, https:\/\/www.confederaciondelcobre.cl\/wp-content\/uploads\/2023\/07\/47af4856-7288-45c4-b10c-3f63bf7e04bd-300x225.jpg 300w, https:\/\/www.confederaciondelcobre.cl\/wp-content\/uploads\/2023\/07\/47af4856-7288-45c4-b10c-3f63bf7e04bd-768x576.jpg 768w\" sizes=\"auto, (max-width: 800px) 100vw, 800px\" \/><\/figure>\n\n\n\n<figure class=\"wp-block-image size-large\"><img loading=\"lazy\" decoding=\"async\" width=\"800\" height=\"600\" data-id=\"3797\" src=\"https:\/\/www.confederaciondelcobre.cl\/wp-content\/uploads\/2023\/07\/49e6f80c-68c6-4334-88c1-8bff1aaea2d0.jpg\" alt=\"\" class=\"wp-image-3797\" srcset=\"https:\/\/www.confederaciondelcobre.cl\/wp-content\/uploads\/2023\/07\/49e6f80c-68c6-4334-88c1-8bff1aaea2d0.jpg 800w, https:\/\/www.confederaciondelcobre.cl\/wp-content\/uploads\/2023\/07\/49e6f80c-68c6-4334-88c1-8bff1aaea2d0-300x225.jpg 300w, https:\/\/www.confederaciondelcobre.cl\/wp-content\/uploads\/2023\/07\/49e6f80c-68c6-4334-88c1-8bff1aaea2d0-768x576.jpg 768w\" sizes=\"auto, (max-width: 800px) 100vw, 800px\" \/><\/figure>\n\n\n\n<figure class=\"wp-block-image size-large\"><img loading=\"lazy\" decoding=\"async\" width=\"800\" height=\"600\" data-id=\"3799\" src=\"https:\/\/www.confederaciondelcobre.cl\/wp-content\/uploads\/2023\/07\/85ff9c42-c372-47e8-a218-3b9a8597e510.jpg\" alt=\"\" class=\"wp-image-3799\" srcset=\"https:\/\/www.confederaciondelcobre.cl\/wp-content\/uploads\/2023\/07\/85ff9c42-c372-47e8-a218-3b9a8597e510.jpg 800w, https:\/\/www.confederaciondelcobre.cl\/wp-content\/uploads\/2023\/07\/85ff9c42-c372-47e8-a218-3b9a8597e510-300x225.jpg 300w, https:\/\/www.confederaciondelcobre.cl\/wp-content\/uploads\/2023\/07\/85ff9c42-c372-47e8-a218-3b9a8597e510-768x576.jpg 768w\" sizes=\"auto, (max-width: 800px) 100vw, 800px\" \/><\/figure>\n\n\n\n<figure class=\"wp-block-image size-large\"><img loading=\"lazy\" decoding=\"async\" width=\"800\" height=\"600\" data-id=\"3801\" src=\"https:\/\/www.confederaciondelcobre.cl\/wp-content\/uploads\/2023\/07\/f294be46-67a0-43c5-a26d-5a2eb7325b5a.jpg\" alt=\"\" class=\"wp-image-3801\" srcset=\"https:\/\/www.confederaciondelcobre.cl\/wp-content\/uploads\/2023\/07\/f294be46-67a0-43c5-a26d-5a2eb7325b5a.jpg 800w, https:\/\/www.confederaciondelcobre.cl\/wp-content\/uploads\/2023\/07\/f294be46-67a0-43c5-a26d-5a2eb7325b5a-300x225.jpg 300w, https:\/\/www.confederaciondelcobre.cl\/wp-content\/uploads\/2023\/07\/f294be46-67a0-43c5-a26d-5a2eb7325b5a-768x576.jpg 768w\" sizes=\"auto, (max-width: 800px) 100vw, 800px\" \/><\/figure>\n<\/figure>\n","protected":false},"excerpt":{"rendered":"<p>Nelson Quichillao L\u00f3pez&nbsp;era un trabajador subcontratado de la miner\u00eda del cobre, socio del Sindicato N\u00ba2 de Geovita, afiliado a la Federaci\u00f3n de Sindicatos El Salvador (FESAL) que es federaci\u00f3n de &hellip; <\/p>\n","protected":false},"author":2,"featured_media":3788,"comment_status":"closed","ping_status":"closed","sticky":false,"template":"","format":"standard","meta":{"jetpack_post_was_ever_published":false,"_jetpack_newsletter_access":"","_jetpack_dont_email_post_to_subs":false,"_jetpack_newsletter_tier_id":0,"_jetpack_memberships_contains_paywalled_content":false,"_jetpack_memberships_contains_paid_content":false,"footnotes":"","jetpack_publicize_message":"","jetpack_publicize_feature_enabled":false,"jetpack_social_post_already_shared":true,"jetpack_social_options":{"image_generator_settings":{"template":"highway","default_image_id":0,"enabled":false},"version":2}},"categories":[5,23,9,21,13,15,32,19],"tags":[],"class_list":["post-3752","post","type-post","status-publish","format-standard","has-post-thumbnail","hentry","category-acuerdo-marco","category-acuerdo-marco-codelco","category-confederacion","category-federaciones","category-internacional","category-nacional","category-nelson-quichillao","category-trabajadores"],"jetpack_publicize_connections":[],"jetpack_featured_media_url":"https:\/\/www.confederaciondelcobre.cl\/wp-content\/uploads\/2023\/07\/PortNQ2023.jpg","jetpack_sharing_enabled":true,"post_mailing_queue_ids":[],"_links":{"self":[{"href":"https:\/\/www.confederaciondelcobre.cl\/index.php\/wp-json\/wp\/v2\/posts\/3752","targetHints":{"allow":["GET"]}}],"collection":[{"href":"https:\/\/www.confederaciondelcobre.cl\/index.php\/wp-json\/wp\/v2\/posts"}],"about":[{"href":"https:\/\/www.confederaciondelcobre.cl\/index.php\/wp-json\/wp\/v2\/types\/post"}],"author":[{"embeddable":true,"href":"https:\/\/www.confederaciondelcobre.cl\/index.php\/wp-json\/wp\/v2\/users\/2"}],"replies":[{"embeddable":true,"href":"https:\/\/www.confederaciondelcobre.cl\/index.php\/wp-json\/wp\/v2\/comments?post=3752"}],"version-history":[{"count":20,"href":"https:\/\/www.confederaciondelcobre.cl\/index.php\/wp-json\/wp\/v2\/posts\/3752\/revisions"}],"predecessor-version":[{"id":3807,"href":"https:\/\/www.confederaciondelcobre.cl\/index.php\/wp-json\/wp\/v2\/posts\/3752\/revisions\/3807"}],"wp:featuredmedia":[{"embeddable":true,"href":"https:\/\/www.confederaciondelcobre.cl\/index.php\/wp-json\/wp\/v2\/media\/3788"}],"wp:attachment":[{"href":"https:\/\/www.confederaciondelcobre.cl\/index.php\/wp-json\/wp\/v2\/media?parent=3752"}],"wp:term":[{"taxonomy":"category","embeddable":true,"href":"https:\/\/www.confederaciondelcobre.cl\/index.php\/wp-json\/wp\/v2\/categories?post=3752"},{"taxonomy":"post_tag","embeddable":true,"href":"https:\/\/www.confederaciondelcobre.cl\/index.php\/wp-json\/wp\/v2\/tags?post=3752"}],"curies":[{"name":"wp","href":"https:\/\/api.w.org\/{rel}","templated":true}]}}