{"id":3773,"date":"2023-07-24T18:03:46","date_gmt":"2023-07-24T22:03:46","guid":{"rendered":"https:\/\/www.confederaciondelcobre.cl\/?p=3773"},"modified":"2023-07-24T18:18:09","modified_gmt":"2023-07-24T22:18:09","slug":"nelson-quichillao-a-ocho-anos-de-su-asesinato","status":"publish","type":"post","link":"https:\/\/www.confederaciondelcobre.cl\/index.php\/2023\/07\/24\/nelson-quichillao-a-ocho-anos-de-su-asesinato\/","title":{"rendered":"Nelson Quichillao: a ocho a\u00f1os de su asesinato."},"content":{"rendered":"\n<p>El a\u00f1o 2015, Nelson se manifestaba junto a sus compa\u00f1eras y compa\u00f1eros de trabajo en el campamento Minero de El Salvador por la renovaci\u00f3n, ampliaci\u00f3n y mejora del #AcuerdoMarco entre la CTC, Agema y Codelco. Las autoridades del momento tomaron la decisi\u00f3n de reprimir la movilizaci\u00f3n nacional de las y los trabajadores contratistas y subcontratistas de la miner\u00eda del cobre, desatando as\u00ed, particularmente en el campamento minero de El Salvador, una criminal represi\u00f3n llevada a cabo por Fuerzas Especiales de Carabineros de Chile en la madrugada del 24 de julio. Dicha acci\u00f3n, realizada de manera planificada y clandestina, dej\u00f3 a muchos trabajadores heridos y a Nelson Quichillao muerto de un disparo.<\/p>\n\n\n\n<p>Hoy, a ocho de su asesinato a manos de fuerzas represivas del Estado de Chile, la Confederaci\u00f3n de Trabajadores del Cobre reafirma su compromiso de no descanso, por verdad y justicia para nuestro compa\u00f1ero Nelson Quichillao, y con ello en parte tambi\u00e9n para el movimiento obrero y la clase trabajadora.<\/p>\n\n\n<div class=\"wp-block-image\">\n<figure class=\"aligncenter size-large\"><img loading=\"lazy\" decoding=\"async\" width=\"1024\" height=\"1024\" src=\"https:\/\/www.confederaciondelcobre.cl\/wp-content\/uploads\/2023\/07\/MemoriaCTC-Nelson-Quichillao-a-ocho-anos-24.07.2023-1024x1024.png\" alt=\"\" class=\"wp-image-3774\" srcset=\"https:\/\/www.confederaciondelcobre.cl\/wp-content\/uploads\/2023\/07\/MemoriaCTC-Nelson-Quichillao-a-ocho-anos-24.07.2023-1024x1024.png 1024w, https:\/\/www.confederaciondelcobre.cl\/wp-content\/uploads\/2023\/07\/MemoriaCTC-Nelson-Quichillao-a-ocho-anos-24.07.2023-300x300.png 300w, https:\/\/www.confederaciondelcobre.cl\/wp-content\/uploads\/2023\/07\/MemoriaCTC-Nelson-Quichillao-a-ocho-anos-24.07.2023-150x150.png 150w, https:\/\/www.confederaciondelcobre.cl\/wp-content\/uploads\/2023\/07\/MemoriaCTC-Nelson-Quichillao-a-ocho-anos-24.07.2023-768x768.png 768w, https:\/\/www.confederaciondelcobre.cl\/wp-content\/uploads\/2023\/07\/MemoriaCTC-Nelson-Quichillao-a-ocho-anos-24.07.2023.png 1080w\" sizes=\"auto, (max-width: 1024px) 100vw, 1024px\" \/><\/figure><\/div>","protected":false},"excerpt":{"rendered":"<p>El a\u00f1o 2015, Nelson se manifestaba junto a sus compa\u00f1eras y compa\u00f1eros de trabajo en el campamento Minero de El Salvador por la renovaci\u00f3n, ampliaci\u00f3n y mejora del #AcuerdoMarco entre &hellip; <\/p>\n","protected":false},"author":2,"featured_media":3759,"comment_status":"closed","ping_status":"closed","sticky":false,"template":"","format":"standard","meta":{"jetpack_post_was_ever_published":false,"_jetpack_newsletter_access":"","_jetpack_dont_email_post_to_subs":false,"_jetpack_newsletter_tier_id":0,"_jetpack_memberships_contains_paywalled_content":false,"_jetpack_memberships_contains_paid_content":false,"footnotes":"","jetpack_publicize_message":"","jetpack_publicize_feature_enabled":false,"jetpack_social_post_already_shared":false,"jetpack_social_options":{"image_generator_settings":{"template":"highway","default_image_id":0,"enabled":false},"version":2}},"categories":[5,23,9,21,13,14,15,32,19],"tags":[],"class_list":["post-3773","post","type-post","status-publish","format-standard","has-post-thumbnail","hentry","category-acuerdo-marco","category-acuerdo-marco-codelco","category-confederacion","category-federaciones","category-internacional","category-movimientos-sociales","category-nacional","category-nelson-quichillao","category-trabajadores"],"jetpack_publicize_connections":[],"jetpack_featured_media_url":"https:\/\/www.confederaciondelcobre.cl\/wp-content\/uploads\/2023\/07\/PortNQ8anos.jpg","jetpack_sharing_enabled":true,"post_mailing_queue_ids":[],"_links":{"self":[{"href":"https:\/\/www.confederaciondelcobre.cl\/index.php\/wp-json\/wp\/v2\/posts\/3773","targetHints":{"allow":["GET"]}}],"collection":[{"href":"https:\/\/www.confederaciondelcobre.cl\/index.php\/wp-json\/wp\/v2\/posts"}],"about":[{"href":"https:\/\/www.confederaciondelcobre.cl\/index.php\/wp-json\/wp\/v2\/types\/post"}],"author":[{"embeddable":true,"href":"https:\/\/www.confederaciondelcobre.cl\/index.php\/wp-json\/wp\/v2\/users\/2"}],"replies":[{"embeddable":true,"href":"https:\/\/www.confederaciondelcobre.cl\/index.php\/wp-json\/wp\/v2\/comments?post=3773"}],"version-history":[{"count":1,"href":"https:\/\/www.confederaciondelcobre.cl\/index.php\/wp-json\/wp\/v2\/posts\/3773\/revisions"}],"predecessor-version":[{"id":3775,"href":"https:\/\/www.confederaciondelcobre.cl\/index.php\/wp-json\/wp\/v2\/posts\/3773\/revisions\/3775"}],"wp:featuredmedia":[{"embeddable":true,"href":"https:\/\/www.confederaciondelcobre.cl\/index.php\/wp-json\/wp\/v2\/media\/3759"}],"wp:attachment":[{"href":"https:\/\/www.confederaciondelcobre.cl\/index.php\/wp-json\/wp\/v2\/media?parent=3773"}],"wp:term":[{"taxonomy":"category","embeddable":true,"href":"https:\/\/www.confederaciondelcobre.cl\/index.php\/wp-json\/wp\/v2\/categories?post=3773"},{"taxonomy":"post_tag","embeddable":true,"href":"https:\/\/www.confederaciondelcobre.cl\/index.php\/wp-json\/wp\/v2\/tags?post=3773"}],"curies":[{"name":"wp","href":"https:\/\/api.w.org\/{rel}","templated":true}]}}