{"id":3776,"date":"2023-07-24T19:50:27","date_gmt":"2023-07-24T23:50:27","guid":{"rendered":"https:\/\/www.confederaciondelcobre.cl\/?p=3776"},"modified":"2023-07-24T19:50:30","modified_gmt":"2023-07-24T23:50:30","slug":"acuerdomarco-resultados-preliminares-y-apelaciones-a-becas-de-educacion-superior","status":"publish","type":"post","link":"https:\/\/www.confederaciondelcobre.cl\/index.php\/2023\/07\/24\/acuerdomarco-resultados-preliminares-y-apelaciones-a-becas-de-educacion-superior\/","title":{"rendered":"#AcuerdoMarco: resultados preliminares y apelaciones a Becas de Educaci\u00f3n Superior."},"content":{"rendered":"\n<p>Compa\u00f1eras y Compa\u00f1eros, comunicamos que&nbsp;a partir de&nbsp;<strong>hoy lunes 24 de julio ya est\u00e1n disponibles los resultados preliminares de sus postulaciones a las Becas de Educaci\u00f3n Superior, proceso 2023, que corresponden al Acuerdo Marco entre la Confederaci\u00f3n de Trabajadores del Cobre (CTC), Agema y Codelco.<\/strong><\/p>\n\n\n\n<ul class=\"wp-block-list\">\n<li>Las becas, contenidas en el nuevo y actual Acuerdo Marco entre la Confederaci\u00f3n de Trabajadores del Cobre (CTC), Agema y Codelco, son&nbsp;<strong>para trabajadoras y trabajadores que presten servicios personales, permanentes, continuos y exclusivos a la empresa contratista en los recintos industriales o establecimientos productivos o administrativos de las Divisiones Productivas de Codelco Chile<\/strong>&nbsp;(incluidas las dependencias de casa Matriz de la Empresa Principal),&nbsp;<strong>por un per\u00edodo m\u00ednimo de un mes calendario, en servicios para la operaci\u00f3n y para proyectos de obras que son contratados y administrados directamente por las Divisiones Productivas de Codelco, en r\u00e9gimen de subcontrataci\u00f3n laboral<\/strong>.<\/li>\n\n\n\n<li>Las becas establecen una cantidad de&nbsp;<strong>4.500 cupos&nbsp;por un total de $959.840 pesos brutos&nbsp;cada una, y se ampl\u00edan adem\u00e1s a las y los hijos del trabajador o trabajadora, a el o la c\u00f3nyuge o conviviente civil, y a el o la conviviente acompa\u00f1ando la respectiva declaraci\u00f3n notarial. Incluye tambi\u00e9n a las y los hijos no comunes de el o la c\u00f3nyuge o conviviente civil y del o la conviviente<\/strong>.<\/li>\n<\/ul>\n\n\n\n<p><strong>IMPORTANTE:<\/strong>&nbsp;cabe se\u00f1alar que, junto con los resultados preliminares,&nbsp;<strong>tambi\u00e9n inici\u00f3 a partir de hoy mismo (lunes 24 de julio) el per\u00edodo de apelaci\u00f3n cuyo plazo ser\u00e1 hasta el lunes 07 de agosto.&nbsp;<\/strong>Es durante este plazo que las y los compa\u00f1eros que hicieron sus postulaciones, y que hayan recibido observaciones por la falta de requisitos, podr\u00e1n corregir o ingresar los antecedentes faltantes.<strong>&nbsp;Este proceso, como es habitual, podr\u00e1 hacerse ingresando desde un computador al sitio de la OTIC de la C\u00e1mara Chilena de la Construcci\u00f3n&nbsp;<a href=\"https:\/\/www.oticdelaconstruccion.cl\/fondos2023\/\" target=\"_blank\" rel=\"noreferrer noopener\">(HACIENDO CLICK AQU\u00cd)<\/a>&nbsp;y seleccionar la opci\u00f3n \u201cBecas de Educaci\u00f3n Superior\u201d. Una vez all\u00ed, en el bot\u00f3n \u201cingresar\u201d, el trabajador o trabajadora debe ingresar su RUT, para ver los resultados preliminares y\/\u00f3 apelar a los mismos.<\/strong><\/p>\n\n\n\n<p><strong>NOTA:<\/strong>&nbsp;mayores antecedentes respecto de bases o requisitos, tambi\u00e9n se encuentran en el mismo sitio se\u00f1alado (secci\u00f3n Becas de Educaci\u00f3n Superior).<\/p>\n\n\n\n<p>Las y los trabajadores agrupados y organizados en la Confederaci\u00f3n de Trabajadores del Cobre, a partir de la conquista y firma del Acuerdo Marco con Codelco, han logrado una serie de derechos y beneficios, entre ellos el acceso a Becas de Educaci\u00f3n Superior. Es por ello que, junto con hacer el llamado a mantener una activa y permanente organizaci\u00f3n sindical, llamamos a todas y todos a hacer sus postulaciones, seguir su proceso y difundir esta informaci\u00f3n entre sus compa\u00f1eras y compa\u00f1eros.<\/p>\n\n\n\n<p>Dejamos a continuaci\u00f3n, para su consideraci\u00f3n, calendario con el proceso completo e invitamos a compartir esta informaci\u00f3n con sus compa\u00f1eras y compa\u00f1eros de trabajo:<\/p>\n\n\n\n<figure class=\"wp-block-image size-large\"><img loading=\"lazy\" decoding=\"async\" width=\"1024\" height=\"1024\" src=\"https:\/\/www.confederaciondelcobre.cl\/wp-content\/uploads\/2023\/04\/Becas-Educacion-Superior-1024x1024.png\" alt=\"\" class=\"wp-image-3424\" srcset=\"https:\/\/www.confederaciondelcobre.cl\/wp-content\/uploads\/2023\/04\/Becas-Educacion-Superior-1024x1024.png 1024w, https:\/\/www.confederaciondelcobre.cl\/wp-content\/uploads\/2023\/04\/Becas-Educacion-Superior-300x300.png 300w, https:\/\/www.confederaciondelcobre.cl\/wp-content\/uploads\/2023\/04\/Becas-Educacion-Superior-150x150.png 150w, https:\/\/www.confederaciondelcobre.cl\/wp-content\/uploads\/2023\/04\/Becas-Educacion-Superior-768x768.png 768w, https:\/\/www.confederaciondelcobre.cl\/wp-content\/uploads\/2023\/04\/Becas-Educacion-Superior.png 1080w\" sizes=\"auto, (max-width: 1024px) 100vw, 1024px\" \/><\/figure>\n","protected":false},"excerpt":{"rendered":"<p>Compa\u00f1eras y Compa\u00f1eros, comunicamos que&nbsp;a partir de&nbsp;hoy lunes 24 de julio ya est\u00e1n disponibles los resultados preliminares de sus postulaciones a las Becas de Educaci\u00f3n Superior, proceso 2023, que corresponden &hellip; <\/p>\n","protected":false},"author":2,"featured_media":3423,"comment_status":"closed","ping_status":"closed","sticky":false,"template":"","format":"standard","meta":{"jetpack_post_was_ever_published":false,"_jetpack_newsletter_access":"","_jetpack_dont_email_post_to_subs":false,"_jetpack_newsletter_tier_id":0,"_jetpack_memberships_contains_paywalled_content":false,"_jetpack_memberships_contains_paid_content":false,"footnotes":"","jetpack_publicize_message":"","jetpack_publicize_feature_enabled":false,"jetpack_social_post_already_shared":false,"jetpack_social_options":{"image_generator_settings":{"template":"highway","default_image_id":0,"enabled":false},"version":2}},"categories":[5,23,9,21,15,19],"tags":[],"class_list":["post-3776","post","type-post","status-publish","format-standard","has-post-thumbnail","hentry","category-acuerdo-marco","category-acuerdo-marco-codelco","category-confederacion","category-federaciones","category-nacional","category-trabajadores"],"jetpack_publicize_connections":[],"jetpack_featured_media_url":"https:\/\/www.confederaciondelcobre.cl\/wp-content\/uploads\/2023\/04\/PortBecas2023.jpg","jetpack_sharing_enabled":true,"post_mailing_queue_ids":[],"_links":{"self":[{"href":"https:\/\/www.confederaciondelcobre.cl\/index.php\/wp-json\/wp\/v2\/posts\/3776","targetHints":{"allow":["GET"]}}],"collection":[{"href":"https:\/\/www.confederaciondelcobre.cl\/index.php\/wp-json\/wp\/v2\/posts"}],"about":[{"href":"https:\/\/www.confederaciondelcobre.cl\/index.php\/wp-json\/wp\/v2\/types\/post"}],"author":[{"embeddable":true,"href":"https:\/\/www.confederaciondelcobre.cl\/index.php\/wp-json\/wp\/v2\/users\/2"}],"replies":[{"embeddable":true,"href":"https:\/\/www.confederaciondelcobre.cl\/index.php\/wp-json\/wp\/v2\/comments?post=3776"}],"version-history":[{"count":3,"href":"https:\/\/www.confederaciondelcobre.cl\/index.php\/wp-json\/wp\/v2\/posts\/3776\/revisions"}],"predecessor-version":[{"id":3782,"href":"https:\/\/www.confederaciondelcobre.cl\/index.php\/wp-json\/wp\/v2\/posts\/3776\/revisions\/3782"}],"wp:featuredmedia":[{"embeddable":true,"href":"https:\/\/www.confederaciondelcobre.cl\/index.php\/wp-json\/wp\/v2\/media\/3423"}],"wp:attachment":[{"href":"https:\/\/www.confederaciondelcobre.cl\/index.php\/wp-json\/wp\/v2\/media?parent=3776"}],"wp:term":[{"taxonomy":"category","embeddable":true,"href":"https:\/\/www.confederaciondelcobre.cl\/index.php\/wp-json\/wp\/v2\/categories?post=3776"},{"taxonomy":"post_tag","embeddable":true,"href":"https:\/\/www.confederaciondelcobre.cl\/index.php\/wp-json\/wp\/v2\/tags?post=3776"}],"curies":[{"name":"wp","href":"https:\/\/api.w.org\/{rel}","templated":true}]}}