{"id":3813,"date":"2023-07-28T17:08:07","date_gmt":"2023-07-28T21:08:07","guid":{"rendered":"https:\/\/www.confederaciondelcobre.cl\/?p=3813"},"modified":"2023-07-28T17:08:25","modified_gmt":"2023-07-28T21:08:25","slug":"el-salvador-sindicato-se-afilia-a-la-fesal","status":"publish","type":"post","link":"https:\/\/www.confederaciondelcobre.cl\/index.php\/2023\/07\/28\/el-salvador-sindicato-se-afilia-a-la-fesal\/","title":{"rendered":"El Salvador: sindicato se afilia a la FESAL."},"content":{"rendered":"\n<p>Constituido recientemente, el 04 de julio del presente, el Sindicato Empresa de Trabajadores Sociedad Guti\u00e9rrez y Rojas Ltda. resolvi\u00f3 afiliarse a la Federaci\u00f3n de Sindicatos El Salvador (FESAL).<\/p>\n\n\n\n<hr class=\"wp-block-separator has-alpha-channel-opacity\"\/>\n\n\n\n<p>El Sindicato, que agrupa y organiza a trabajadores de la empresa Sociedad Guti\u00e9rrez y Rojas Ltda., empresa tambi\u00e9n conocida en la regi\u00f3n de Atacama como Empresa Turismo Rojas, y que se desempe\u00f1an principalmente en el traslado de personal en El Salvador, MantoVerde y Goldfing; tom\u00f3 la decisi\u00f3n de afiliarse a la FESAL y, por extensi\u00f3n, a la Confederaci\u00f3n de Trabajadores del Cobre (CTC).<\/p>\n\n\n\n<p>La decisi\u00f3n, de incorporarse a la Federaci\u00f3n de la CTC en la regi\u00f3n de Atacama, fue adoptada muy poco despu\u00e9s de haberse constituido como sindicato el 04 de julio de este a\u00f1o, y obedece \u2014ambas acciones\u2014a primero fortalecerse como colectivo de trabajadores y, segundo; defenderse ante situaciones que, en voz de sus dirigentes, se relacionan con abusos y maltratos por parte de la supervisi\u00f3n y administraci\u00f3n de la empresa. Adem\u00e1s, el Presidente del Sindicato, Manuel Catal\u00e1n Contreras, denunci\u00f3 que no cuentan derechos y\/\u00f3 beneficios como Caja de Compensaci\u00f3n , Seguro Complementario ni pago de horas extraordinarias, entre otras. El dirigente, que tambi\u00e9n tuvo palabras sobre el traslado hacia o desde sus labores, calific\u00e1ndolas de muy precarias, agreg\u00f3 que disponen de ba\u00f1os en muy mal estado y ropa no apta para las condiciones clim\u00e1ticas en que trabajan. Lo anterior, recalc\u00f3 el dirigente, no se condicen con las condiciones de seguridad y trabajo apropiadas para las labores que desempe\u00f1an.<\/p>\n\n\n\n<p>Desde la Confederaci\u00f3n de Trabajadores del Cobre (CTC), saludamos y damos la bienvenida al Sindicato Empresa de Trabajadores Sociedad Guti\u00e9rrez y Rojas Ltda. y a sus socios, quienes en asamblea y por unanimidad han resuelto integrarse a la Federaci\u00f3n de Sindicatos El Salvador (FESAL) y, por consiguiente, a la propia CTC. Esta acci\u00f3n, de cohesi\u00f3n y unidad, es la constataci\u00f3n de que uni\u00e9ndose a una organizaci\u00f3n sindical superior (como es la CTC), con unidad, conciencia, organizaci\u00f3n y lucha son la herramienta para avanzar en la promoci\u00f3n, defensa y conquista de m\u00e1s y mejores derechos para las y los trabajadores.<\/p>\n\n\n\n<p><\/p>\n","protected":false},"excerpt":{"rendered":"<p>Constituido recientemente, el 04 de julio del presente, el Sindicato Empresa de Trabajadores Sociedad Guti\u00e9rrez y Rojas Ltda. resolvi\u00f3 afiliarse a la Federaci\u00f3n de Sindicatos El Salvador (FESAL). El Sindicato, &hellip; <\/p>\n","protected":false},"author":2,"featured_media":3816,"comment_status":"closed","ping_status":"closed","sticky":false,"template":"","format":"standard","meta":{"jetpack_post_was_ever_published":false,"_jetpack_newsletter_access":"","_jetpack_dont_email_post_to_subs":false,"_jetpack_newsletter_tier_id":0,"_jetpack_memberships_contains_paywalled_content":false,"_jetpack_memberships_contains_paid_content":false,"footnotes":"","jetpack_publicize_message":"","jetpack_publicize_feature_enabled":false,"jetpack_social_post_already_shared":true,"jetpack_social_options":{"image_generator_settings":{"template":"highway","default_image_id":0,"enabled":false},"version":2}},"categories":[9,21,28,19],"tags":[],"class_list":["post-3813","post","type-post","status-publish","format-standard","has-post-thumbnail","hentry","category-confederacion","category-federaciones","category-fesal","category-trabajadores"],"jetpack_publicize_connections":[],"jetpack_featured_media_url":"https:\/\/www.confederaciondelcobre.cl\/wp-content\/uploads\/2023\/07\/Port-1.jpg","jetpack_sharing_enabled":true,"post_mailing_queue_ids":[],"_links":{"self":[{"href":"https:\/\/www.confederaciondelcobre.cl\/index.php\/wp-json\/wp\/v2\/posts\/3813","targetHints":{"allow":["GET"]}}],"collection":[{"href":"https:\/\/www.confederaciondelcobre.cl\/index.php\/wp-json\/wp\/v2\/posts"}],"about":[{"href":"https:\/\/www.confederaciondelcobre.cl\/index.php\/wp-json\/wp\/v2\/types\/post"}],"author":[{"embeddable":true,"href":"https:\/\/www.confederaciondelcobre.cl\/index.php\/wp-json\/wp\/v2\/users\/2"}],"replies":[{"embeddable":true,"href":"https:\/\/www.confederaciondelcobre.cl\/index.php\/wp-json\/wp\/v2\/comments?post=3813"}],"version-history":[{"count":5,"href":"https:\/\/www.confederaciondelcobre.cl\/index.php\/wp-json\/wp\/v2\/posts\/3813\/revisions"}],"predecessor-version":[{"id":3819,"href":"https:\/\/www.confederaciondelcobre.cl\/index.php\/wp-json\/wp\/v2\/posts\/3813\/revisions\/3819"}],"wp:featuredmedia":[{"embeddable":true,"href":"https:\/\/www.confederaciondelcobre.cl\/index.php\/wp-json\/wp\/v2\/media\/3816"}],"wp:attachment":[{"href":"https:\/\/www.confederaciondelcobre.cl\/index.php\/wp-json\/wp\/v2\/media?parent=3813"}],"wp:term":[{"taxonomy":"category","embeddable":true,"href":"https:\/\/www.confederaciondelcobre.cl\/index.php\/wp-json\/wp\/v2\/categories?post=3813"},{"taxonomy":"post_tag","embeddable":true,"href":"https:\/\/www.confederaciondelcobre.cl\/index.php\/wp-json\/wp\/v2\/tags?post=3813"}],"curies":[{"name":"wp","href":"https:\/\/api.w.org\/{rel}","templated":true}]}}