{"id":3852,"date":"2023-08-07T18:41:56","date_gmt":"2023-08-07T22:41:56","guid":{"rendered":"https:\/\/www.confederaciondelcobre.cl\/?p=3852"},"modified":"2023-08-07T18:41:58","modified_gmt":"2023-08-07T22:41:58","slug":"seminario-y-cena-organizada-por-ctmin-reunio-a-autoridades-de-gobierno-y-representantes-empresariales-del-sector-minero","status":"publish","type":"post","link":"https:\/\/www.confederaciondelcobre.cl\/index.php\/2023\/08\/07\/seminario-y-cena-organizada-por-ctmin-reunio-a-autoridades-de-gobierno-y-representantes-empresariales-del-sector-minero\/","title":{"rendered":"Seminario y cena organizada por CTMIN reuni\u00f3 a autoridades de gobierno y representantes empresariales del sector minero."},"content":{"rendered":"\n<p>Realizado en el sal\u00f3n auditorio de la Caja Los Andes, el seminario reuni\u00f3 a m\u00e1s de cincuenta dirigentas y dirigentes sindicales de la Coordinadora de Trabajadores de la Miner\u00eda (CTMIN). All\u00ed se expusieron materias relevantes para las y los trabajadores del sector, como tambi\u00e9n para la industria en general. La cena, en tanto, reuni\u00f3 a autoridades de gobierno y representantes empresariales del sector minero donde se ratific\u00f3 la importancia de fortalecer instancias tripartitas que re\u00fanen a gobierno, trabajadores y empresas.<\/p>\n\n\n\n<hr class=\"wp-block-separator has-alpha-channel-opacity\"\/>\n\n\n\n<p>En la ma\u00f1ana del martes 02 de agosto, la Coordinadora de Trabajadores de la Miner\u00eda (CTMIN) organiz\u00f3 un seminario sindical que reuni\u00f3 a m\u00e1s de cincuenta dirigentas y dirigentes sindicales. En la ocasi\u00f3n, en que participaron dirigentas y dirigentes nacionales de la Confederaci\u00f3n de Trabajadores del Cobre (CTC), se realizaron dos exposiciones que abordaron temas relevantes para la industria y, por cierto, para las y los trabajadores de la miner\u00eda.<\/p>\n\n\n\n<p>La primera exposici\u00f3n, a cargo del Ingeniero Bioqu\u00edmico y ex Ministro de Medio Ambiente del segundo gobierno de la expresidenta Michelle Bachelet, Marcelo Mena, se refiri\u00f3 a la &#8220;Miner\u00eda en un clima de cambios&#8221;.  En su exposici\u00f3n se refiri\u00f3 a los avances y desaf\u00edos para la industria del cobre, principalmente respecto al auge de la electromovilidad y el uso de energ\u00edas renovables, como tambi\u00e9n a ley de reciclaje, poniendo especial \u00e9nfasis en la necesidad de una mirada a largo plazo por parte de las autoridades y empresarios de la industria.<\/p>\n\n\n\n<p>La segunda exposici\u00f3n, esta vez a cargo de Carlos Portales, quien es acad\u00e9mico de la Universidad Cat\u00f3lica de Chile, hizo referencia a las &#8220;Relaciones laborales en el Chile de hoy&#8221;. Dio a conocer un diagn\u00f3stico en que se muestran las relaciones laborales y su evoluci\u00f3n entre dirigencias sindicales y empleadores. Al respecto, entre otras, dio a conocer cifras en torno a la cantidad de huelgas, nivel de sindicalizaci\u00f3n (que promedia a pa\u00edses de la OCDE) y gesti\u00f3n en asuntos estrat\u00e9gicos. Este \u00faltimo, apunt\u00f3 Portales, es uno de los principales desaf\u00edos para las organizaciones sindicales.<\/p>\n\n\n\n<p>La jornada concluy\u00f3 con opiniones y consultas por parte de las y los dirigentes, a la vez que se destac\u00f3 la importancia de este tipo de instancias en que se comparten conocimientos y herramientas para una mejor gesti\u00f3n. <\/p>\n\n\n\n<figure class=\"wp-block-gallery has-nested-images columns-default is-cropped wp-block-gallery-1 is-layout-flex wp-block-gallery-is-layout-flex\">\n<figure class=\"wp-block-image size-large\"><img loading=\"lazy\" decoding=\"async\" width=\"300\" height=\"225\" data-id=\"3859\" src=\"https:\/\/www.confederaciondelcobre.cl\/wp-content\/uploads\/2023\/08\/2.jpeg\" alt=\"\" class=\"wp-image-3859\"\/><\/figure>\n\n\n\n<figure class=\"wp-block-image size-large\"><img loading=\"lazy\" decoding=\"async\" width=\"300\" height=\"225\" data-id=\"3858\" src=\"https:\/\/www.confederaciondelcobre.cl\/wp-content\/uploads\/2023\/08\/1.jpg\" alt=\"\" class=\"wp-image-3858\"\/><\/figure>\n<\/figure>\n\n\n\n<p><em>\u00b7Fotograf\u00edas seminario: Comunicaciones FMC<\/em>.<\/p>\n\n\n\n<blockquote class=\"wp-block-quote is-layout-flow wp-block-quote-is-layout-flow\">\n<p>Dato: la Coordinadora de Trabajadores de la Miner\u00eda es una instancia de organizaciones sindicales de nivel superior que agrupa a la Confederaci\u00f3n de Trabajadores del Cobre (CTC), a la Federaci\u00f3n de Sindicatos de Supervisores Rol A y Profesionales de Codelco Chile (FESUC), a la Federaci\u00f3n de Supervisores de la Miner\u00eda Privada (FESUMIN), a la Federaci\u00f3n Minera de Chile (FMC), a la Confederaci\u00f3n Minera de Chile (CONFEMIN), a la Federaci\u00f3n de Sindicatos Antofagasta Minerals (FESAM) y a la Federaci\u00f3n de Trabajadores del Cobre (FTC)<\/p>\n<\/blockquote>\n\n\n\n<p class=\"has-medium-font-size\"><strong>Primera cena de las y los trabajadores organizada por la CTMIN<\/strong>.<\/p>\n\n\n\n<p>Con la presencia de la Ministra de Miner\u00eda, Marcela Hernando; del Subsecretario del Trabajo y Previsi\u00f3n Social, Giorgio Boccardo; del Presidente Ejecutivo de Codelco, Andr\u00e9 Sougarret; del Presidente del Consejo Minero, Joaqu\u00edn Villarino, del Presidente de la Sociedad Nacional de Miner\u00eda (SONAMI), Jorge Riesco; del Director Ejecutivo de la Asociaci\u00f3n de Proveedores Industriales de la Miner\u00eda (APRIMIN), Sergio Hern\u00e1ndez; de representantes de los gremios empresariales, de directivos de compa\u00f1\u00edas mineras, de asesores ministeriales, directivos de la Caja Los Andes e invitados especiales, entre otros, se llev\u00f3 a cabo la primera cena de las y los trabajadores organizada por la CTMIN. La velada, que tuvo por finalidad compartir de manera mas cercana y distendida, tuvo entre sus participantes a las y los dirigentes de la CTC, Ana Lamas Aguirre, Presidenta; Jedry Velis Palma, Tesorero; Patricio Roco Bucarey, Director Nacional de Organizaci\u00f3n; Francisco Cabezas Cort\u00e9s, Vicepresidente; y Sandra Silva Capiona, Directora Nacional. Entre los objetivos estuvieron relevar el trabajo que la Coordinadora de Trabajadores de la Miner\u00eda ha venido desarrollando en los \u00faltimos a\u00f1os, como los esfuerzos por avanzar en la calificaci\u00f3n de trabajo pesado a diversas labores en miner\u00eda y la concreci\u00f3n de distintas instancias de di\u00e1logo y participaci\u00f3n tripartitas (gobierno, trabajadores y empresas), gracias a las cuales, por ejemplo, se logr\u00f3 incluir las jornadas excepcionales de trabajo en la ley que rebaja la jornada laboral de 45 a 40 horas semanales; e iniciar el proceso de ratificaci\u00f3n del Convenio 176 de la Organizaci\u00f3n del trabajo (OIT), sobre seguridad y salud en las minas.<\/p>\n\n\n\n<p>Punto central fueron las palabras ofrecidas por invitadas e invitados, como tambi\u00e9n el reconocimiento otorgado a dirigentes y exdirigentes. Lo anterior, principalmente por su aporte y trayectoria en la construcci\u00f3n y afianzamiento de la CTMIN. Es as\u00ed como Ana Lamas Aguirre, Presidenta de la CTC, al recibir su galard\u00f3n de reconocimiento, destac\u00f3 la importancia de seguir trabajando en instancias conjuntas y tripartitas a fin de proyectar un mejor futuro para la industria, las y los trabajadores y el propio pa\u00eds. Tambi\u00e9n, la Presidenta de la CTC, mencion\u00f3 la especial necesidad de una real integraci\u00f3n de las mujeres en miner\u00eda [que, en su mayor\u00eda, siguen relegadas a funciones hist\u00f3ricamente masculinizadas] y la valoraci\u00f3n al aporte de las y los trabajadores contratistas y subcontratistas [que son alrededor del 75% de la fuerza de trabajo en la industria]. <\/p>\n\n\n\n<p>Para finalizar, y a partir de las intervenciones hechas por dirigentas y dirigentes sindicales, como tambi\u00e9n de autoridades de gobierno y representantes empresariales de la industria minera, la conclusi\u00f3n de la jornada tuvo un acuerdo transversalmente celebrado e indicado como el camino a seguir: m\u00e1s di\u00e1logo y trabajo tripartito.<\/p>\n\n\n\n<div class=\"wp-block-jetpack-slideshow aligncenter\" data-effect=\"slide\"><div class=\"wp-block-jetpack-slideshow_container swiper-container\"><ul class=\"wp-block-jetpack-slideshow_swiper-wrapper swiper-wrapper\"><li class=\"wp-block-jetpack-slideshow_slide swiper-slide\"><figure><img loading=\"lazy\" decoding=\"async\" width=\"1024\" height=\"682\" alt=\"\" class=\"wp-block-jetpack-slideshow_image wp-image-3896\" data-id=\"3896\" src=\"https:\/\/www.confederaciondelcobre.cl\/wp-content\/uploads\/2023\/08\/IMG_2013-1024x682.jpg\" srcset=\"https:\/\/www.confederaciondelcobre.cl\/wp-content\/uploads\/2023\/08\/IMG_2013-1024x682.jpg 1024w, https:\/\/www.confederaciondelcobre.cl\/wp-content\/uploads\/2023\/08\/IMG_2013-300x200.jpg 300w, https:\/\/www.confederaciondelcobre.cl\/wp-content\/uploads\/2023\/08\/IMG_2013-768x512.jpg 768w, https:\/\/www.confederaciondelcobre.cl\/wp-content\/uploads\/2023\/08\/IMG_2013-1536x1024.jpg 1536w, https:\/\/www.confederaciondelcobre.cl\/wp-content\/uploads\/2023\/08\/IMG_2013.jpg 2000w\" sizes=\"auto, (max-width: 1024px) 100vw, 1024px\" \/><\/figure><\/li><li class=\"wp-block-jetpack-slideshow_slide swiper-slide\"><figure><img loading=\"lazy\" decoding=\"async\" width=\"1024\" height=\"682\" alt=\"\" class=\"wp-block-jetpack-slideshow_image wp-image-3893\" data-id=\"3893\" src=\"https:\/\/www.confederaciondelcobre.cl\/wp-content\/uploads\/2023\/08\/IMG_1998-1024x682.jpg\" srcset=\"https:\/\/www.confederaciondelcobre.cl\/wp-content\/uploads\/2023\/08\/IMG_1998-1024x682.jpg 1024w, https:\/\/www.confederaciondelcobre.cl\/wp-content\/uploads\/2023\/08\/IMG_1998-300x200.jpg 300w, https:\/\/www.confederaciondelcobre.cl\/wp-content\/uploads\/2023\/08\/IMG_1998-768x512.jpg 768w, https:\/\/www.confederaciondelcobre.cl\/wp-content\/uploads\/2023\/08\/IMG_1998-1536x1024.jpg 1536w, https:\/\/www.confederaciondelcobre.cl\/wp-content\/uploads\/2023\/08\/IMG_1998.jpg 2000w\" sizes=\"auto, (max-width: 1024px) 100vw, 1024px\" \/><\/figure><\/li><li class=\"wp-block-jetpack-slideshow_slide swiper-slide\"><figure><img loading=\"lazy\" decoding=\"async\" width=\"1024\" height=\"682\" alt=\"\" class=\"wp-block-jetpack-slideshow_image wp-image-3894\" data-id=\"3894\" src=\"https:\/\/www.confederaciondelcobre.cl\/wp-content\/uploads\/2023\/08\/IMG_2000-1024x682.jpg\" srcset=\"https:\/\/www.confederaciondelcobre.cl\/wp-content\/uploads\/2023\/08\/IMG_2000-1024x682.jpg 1024w, https:\/\/www.confederaciondelcobre.cl\/wp-content\/uploads\/2023\/08\/IMG_2000-300x200.jpg 300w, https:\/\/www.confederaciondelcobre.cl\/wp-content\/uploads\/2023\/08\/IMG_2000-768x512.jpg 768w, https:\/\/www.confederaciondelcobre.cl\/wp-content\/uploads\/2023\/08\/IMG_2000-1536x1024.jpg 1536w, https:\/\/www.confederaciondelcobre.cl\/wp-content\/uploads\/2023\/08\/IMG_2000.jpg 2000w\" sizes=\"auto, (max-width: 1024px) 100vw, 1024px\" \/><\/figure><\/li><li class=\"wp-block-jetpack-slideshow_slide swiper-slide\"><figure><img loading=\"lazy\" decoding=\"async\" width=\"1024\" height=\"682\" alt=\"\" class=\"wp-block-jetpack-slideshow_image wp-image-3895\" data-id=\"3895\" src=\"https:\/\/www.confederaciondelcobre.cl\/wp-content\/uploads\/2023\/08\/IMG_2005-1024x682.jpg\" srcset=\"https:\/\/www.confederaciondelcobre.cl\/wp-content\/uploads\/2023\/08\/IMG_2005-1024x682.jpg 1024w, https:\/\/www.confederaciondelcobre.cl\/wp-content\/uploads\/2023\/08\/IMG_2005-300x200.jpg 300w, https:\/\/www.confederaciondelcobre.cl\/wp-content\/uploads\/2023\/08\/IMG_2005-768x512.jpg 768w, https:\/\/www.confederaciondelcobre.cl\/wp-content\/uploads\/2023\/08\/IMG_2005-1536x1024.jpg 1536w, https:\/\/www.confederaciondelcobre.cl\/wp-content\/uploads\/2023\/08\/IMG_2005.jpg 2000w\" sizes=\"auto, (max-width: 1024px) 100vw, 1024px\" \/><\/figure><\/li><li class=\"wp-block-jetpack-slideshow_slide swiper-slide\"><figure><img loading=\"lazy\" decoding=\"async\" width=\"1024\" height=\"682\" alt=\"\" class=\"wp-block-jetpack-slideshow_image wp-image-3898\" data-id=\"3898\" src=\"https:\/\/www.confederaciondelcobre.cl\/wp-content\/uploads\/2023\/08\/IMG_2016-1024x682.jpg\" srcset=\"https:\/\/www.confederaciondelcobre.cl\/wp-content\/uploads\/2023\/08\/IMG_2016-1024x682.jpg 1024w, https:\/\/www.confederaciondelcobre.cl\/wp-content\/uploads\/2023\/08\/IMG_2016-300x200.jpg 300w, https:\/\/www.confederaciondelcobre.cl\/wp-content\/uploads\/2023\/08\/IMG_2016-768x512.jpg 768w, https:\/\/www.confederaciondelcobre.cl\/wp-content\/uploads\/2023\/08\/IMG_2016-1536x1024.jpg 1536w, https:\/\/www.confederaciondelcobre.cl\/wp-content\/uploads\/2023\/08\/IMG_2016.jpg 2000w\" sizes=\"auto, (max-width: 1024px) 100vw, 1024px\" \/><\/figure><\/li><li class=\"wp-block-jetpack-slideshow_slide swiper-slide\"><figure><img loading=\"lazy\" decoding=\"async\" width=\"1024\" height=\"682\" alt=\"\" class=\"wp-block-jetpack-slideshow_image wp-image-3899\" data-id=\"3899\" src=\"https:\/\/www.confederaciondelcobre.cl\/wp-content\/uploads\/2023\/08\/IMG_2019-1024x682.jpg\" srcset=\"https:\/\/www.confederaciondelcobre.cl\/wp-content\/uploads\/2023\/08\/IMG_2019-1024x682.jpg 1024w, https:\/\/www.confederaciondelcobre.cl\/wp-content\/uploads\/2023\/08\/IMG_2019-300x200.jpg 300w, https:\/\/www.confederaciondelcobre.cl\/wp-content\/uploads\/2023\/08\/IMG_2019-768x512.jpg 768w, https:\/\/www.confederaciondelcobre.cl\/wp-content\/uploads\/2023\/08\/IMG_2019-1536x1024.jpg 1536w, https:\/\/www.confederaciondelcobre.cl\/wp-content\/uploads\/2023\/08\/IMG_2019.jpg 2000w\" sizes=\"auto, (max-width: 1024px) 100vw, 1024px\" \/><\/figure><\/li><li class=\"wp-block-jetpack-slideshow_slide swiper-slide\"><figure><img loading=\"lazy\" decoding=\"async\" width=\"1024\" height=\"682\" alt=\"\" class=\"wp-block-jetpack-slideshow_image wp-image-3900\" data-id=\"3900\" src=\"https:\/\/www.confederaciondelcobre.cl\/wp-content\/uploads\/2023\/08\/IMG_2021-1024x682.jpg\" srcset=\"https:\/\/www.confederaciondelcobre.cl\/wp-content\/uploads\/2023\/08\/IMG_2021-1024x682.jpg 1024w, https:\/\/www.confederaciondelcobre.cl\/wp-content\/uploads\/2023\/08\/IMG_2021-300x200.jpg 300w, https:\/\/www.confederaciondelcobre.cl\/wp-content\/uploads\/2023\/08\/IMG_2021-768x512.jpg 768w, https:\/\/www.confederaciondelcobre.cl\/wp-content\/uploads\/2023\/08\/IMG_2021-1536x1024.jpg 1536w, https:\/\/www.confederaciondelcobre.cl\/wp-content\/uploads\/2023\/08\/IMG_2021.jpg 2000w\" sizes=\"auto, (max-width: 1024px) 100vw, 1024px\" \/><\/figure><\/li><li class=\"wp-block-jetpack-slideshow_slide swiper-slide\"><figure><img loading=\"lazy\" decoding=\"async\" width=\"1024\" height=\"682\" alt=\"\" class=\"wp-block-jetpack-slideshow_image wp-image-3901\" data-id=\"3901\" src=\"https:\/\/www.confederaciondelcobre.cl\/wp-content\/uploads\/2023\/08\/IMG_2025-1024x682.jpg\" srcset=\"https:\/\/www.confederaciondelcobre.cl\/wp-content\/uploads\/2023\/08\/IMG_2025-1024x682.jpg 1024w, https:\/\/www.confederaciondelcobre.cl\/wp-content\/uploads\/2023\/08\/IMG_2025-300x200.jpg 300w, https:\/\/www.confederaciondelcobre.cl\/wp-content\/uploads\/2023\/08\/IMG_2025-768x512.jpg 768w, https:\/\/www.confederaciondelcobre.cl\/wp-content\/uploads\/2023\/08\/IMG_2025-1536x1024.jpg 1536w, https:\/\/www.confederaciondelcobre.cl\/wp-content\/uploads\/2023\/08\/IMG_2025.jpg 2000w\" sizes=\"auto, (max-width: 1024px) 100vw, 1024px\" \/><\/figure><\/li><li class=\"wp-block-jetpack-slideshow_slide swiper-slide\"><figure><img loading=\"lazy\" decoding=\"async\" width=\"1024\" height=\"682\" alt=\"\" class=\"wp-block-jetpack-slideshow_image wp-image-3902\" data-id=\"3902\" src=\"https:\/\/www.confederaciondelcobre.cl\/wp-content\/uploads\/2023\/08\/IMG_2026-1024x682.jpg\" srcset=\"https:\/\/www.confederaciondelcobre.cl\/wp-content\/uploads\/2023\/08\/IMG_2026-1024x682.jpg 1024w, https:\/\/www.confederaciondelcobre.cl\/wp-content\/uploads\/2023\/08\/IMG_2026-300x200.jpg 300w, https:\/\/www.confederaciondelcobre.cl\/wp-content\/uploads\/2023\/08\/IMG_2026-768x512.jpg 768w, https:\/\/www.confederaciondelcobre.cl\/wp-content\/uploads\/2023\/08\/IMG_2026-1536x1024.jpg 1536w, https:\/\/www.confederaciondelcobre.cl\/wp-content\/uploads\/2023\/08\/IMG_2026.jpg 2000w\" sizes=\"auto, (max-width: 1024px) 100vw, 1024px\" \/><\/figure><\/li><li class=\"wp-block-jetpack-slideshow_slide swiper-slide\"><figure><img loading=\"lazy\" decoding=\"async\" width=\"1024\" height=\"682\" alt=\"\" class=\"wp-block-jetpack-slideshow_image wp-image-3903\" data-id=\"3903\" src=\"https:\/\/www.confederaciondelcobre.cl\/wp-content\/uploads\/2023\/08\/IMG_2029-1024x682.jpg\" srcset=\"https:\/\/www.confederaciondelcobre.cl\/wp-content\/uploads\/2023\/08\/IMG_2029-1024x682.jpg 1024w, https:\/\/www.confederaciondelcobre.cl\/wp-content\/uploads\/2023\/08\/IMG_2029-300x200.jpg 300w, https:\/\/www.confederaciondelcobre.cl\/wp-content\/uploads\/2023\/08\/IMG_2029-768x512.jpg 768w, https:\/\/www.confederaciondelcobre.cl\/wp-content\/uploads\/2023\/08\/IMG_2029-1536x1024.jpg 1536w, https:\/\/www.confederaciondelcobre.cl\/wp-content\/uploads\/2023\/08\/IMG_2029.jpg 2000w\" sizes=\"auto, (max-width: 1024px) 100vw, 1024px\" \/><\/figure><\/li><li class=\"wp-block-jetpack-slideshow_slide swiper-slide\"><figure><img loading=\"lazy\" decoding=\"async\" width=\"1024\" height=\"682\" alt=\"\" class=\"wp-block-jetpack-slideshow_image wp-image-3904\" data-id=\"3904\" src=\"https:\/\/www.confederaciondelcobre.cl\/wp-content\/uploads\/2023\/08\/IMG_2033-1024x682.jpg\" srcset=\"https:\/\/www.confederaciondelcobre.cl\/wp-content\/uploads\/2023\/08\/IMG_2033-1024x682.jpg 1024w, https:\/\/www.confederaciondelcobre.cl\/wp-content\/uploads\/2023\/08\/IMG_2033-300x200.jpg 300w, https:\/\/www.confederaciondelcobre.cl\/wp-content\/uploads\/2023\/08\/IMG_2033-768x512.jpg 768w, https:\/\/www.confederaciondelcobre.cl\/wp-content\/uploads\/2023\/08\/IMG_2033-1536x1024.jpg 1536w, https:\/\/www.confederaciondelcobre.cl\/wp-content\/uploads\/2023\/08\/IMG_2033.jpg 2000w\" sizes=\"auto, (max-width: 1024px) 100vw, 1024px\" \/><\/figure><\/li><li class=\"wp-block-jetpack-slideshow_slide swiper-slide\"><figure><img loading=\"lazy\" decoding=\"async\" width=\"1024\" height=\"682\" alt=\"\" class=\"wp-block-jetpack-slideshow_image wp-image-3905\" data-id=\"3905\" src=\"https:\/\/www.confederaciondelcobre.cl\/wp-content\/uploads\/2023\/08\/IMG_2035-1024x682.jpg\" srcset=\"https:\/\/www.confederaciondelcobre.cl\/wp-content\/uploads\/2023\/08\/IMG_2035-1024x682.jpg 1024w, https:\/\/www.confederaciondelcobre.cl\/wp-content\/uploads\/2023\/08\/IMG_2035-300x200.jpg 300w, https:\/\/www.confederaciondelcobre.cl\/wp-content\/uploads\/2023\/08\/IMG_2035-768x512.jpg 768w, https:\/\/www.confederaciondelcobre.cl\/wp-content\/uploads\/2023\/08\/IMG_2035-1536x1024.jpg 1536w, https:\/\/www.confederaciondelcobre.cl\/wp-content\/uploads\/2023\/08\/IMG_2035.jpg 2000w\" sizes=\"auto, (max-width: 1024px) 100vw, 1024px\" \/><\/figure><\/li><li class=\"wp-block-jetpack-slideshow_slide swiper-slide\"><figure><img loading=\"lazy\" decoding=\"async\" width=\"1024\" height=\"682\" alt=\"\" class=\"wp-block-jetpack-slideshow_image wp-image-3906\" data-id=\"3906\" src=\"https:\/\/www.confederaciondelcobre.cl\/wp-content\/uploads\/2023\/08\/IMG_2036-1024x682.jpg\" srcset=\"https:\/\/www.confederaciondelcobre.cl\/wp-content\/uploads\/2023\/08\/IMG_2036-1024x682.jpg 1024w, https:\/\/www.confederaciondelcobre.cl\/wp-content\/uploads\/2023\/08\/IMG_2036-300x200.jpg 300w, https:\/\/www.confederaciondelcobre.cl\/wp-content\/uploads\/2023\/08\/IMG_2036-768x512.jpg 768w, https:\/\/www.confederaciondelcobre.cl\/wp-content\/uploads\/2023\/08\/IMG_2036-1536x1024.jpg 1536w, https:\/\/www.confederaciondelcobre.cl\/wp-content\/uploads\/2023\/08\/IMG_2036.jpg 2000w\" sizes=\"auto, (max-width: 1024px) 100vw, 1024px\" \/><\/figure><\/li><li class=\"wp-block-jetpack-slideshow_slide swiper-slide\"><figure><img loading=\"lazy\" decoding=\"async\" width=\"1024\" height=\"682\" alt=\"\" class=\"wp-block-jetpack-slideshow_image wp-image-3907\" data-id=\"3907\" src=\"https:\/\/www.confederaciondelcobre.cl\/wp-content\/uploads\/2023\/08\/IMG_2037-1024x682.jpg\" srcset=\"https:\/\/www.confederaciondelcobre.cl\/wp-content\/uploads\/2023\/08\/IMG_2037-1024x682.jpg 1024w, https:\/\/www.confederaciondelcobre.cl\/wp-content\/uploads\/2023\/08\/IMG_2037-300x200.jpg 300w, https:\/\/www.confederaciondelcobre.cl\/wp-content\/uploads\/2023\/08\/IMG_2037-768x512.jpg 768w, https:\/\/www.confederaciondelcobre.cl\/wp-content\/uploads\/2023\/08\/IMG_2037-1536x1024.jpg 1536w, https:\/\/www.confederaciondelcobre.cl\/wp-content\/uploads\/2023\/08\/IMG_2037.jpg 2000w\" sizes=\"auto, (max-width: 1024px) 100vw, 1024px\" \/><\/figure><\/li><li class=\"wp-block-jetpack-slideshow_slide swiper-slide\"><figure><img loading=\"lazy\" decoding=\"async\" width=\"1024\" height=\"682\" alt=\"\" class=\"wp-block-jetpack-slideshow_image wp-image-3908\" data-id=\"3908\" src=\"https:\/\/www.confederaciondelcobre.cl\/wp-content\/uploads\/2023\/08\/IMG_2041-1024x682.jpg\" srcset=\"https:\/\/www.confederaciondelcobre.cl\/wp-content\/uploads\/2023\/08\/IMG_2041-1024x682.jpg 1024w, https:\/\/www.confederaciondelcobre.cl\/wp-content\/uploads\/2023\/08\/IMG_2041-300x200.jpg 300w, https:\/\/www.confederaciondelcobre.cl\/wp-content\/uploads\/2023\/08\/IMG_2041-768x512.jpg 768w, https:\/\/www.confederaciondelcobre.cl\/wp-content\/uploads\/2023\/08\/IMG_2041-1536x1024.jpg 1536w, https:\/\/www.confederaciondelcobre.cl\/wp-content\/uploads\/2023\/08\/IMG_2041.jpg 2000w\" sizes=\"auto, (max-width: 1024px) 100vw, 1024px\" \/><\/figure><\/li><li class=\"wp-block-jetpack-slideshow_slide swiper-slide\"><figure><img loading=\"lazy\" decoding=\"async\" width=\"1024\" height=\"682\" alt=\"\" class=\"wp-block-jetpack-slideshow_image wp-image-3909\" data-id=\"3909\" src=\"https:\/\/www.confederaciondelcobre.cl\/wp-content\/uploads\/2023\/08\/IMG_2044-1024x682.jpg\" srcset=\"https:\/\/www.confederaciondelcobre.cl\/wp-content\/uploads\/2023\/08\/IMG_2044-1024x682.jpg 1024w, https:\/\/www.confederaciondelcobre.cl\/wp-content\/uploads\/2023\/08\/IMG_2044-300x200.jpg 300w, https:\/\/www.confederaciondelcobre.cl\/wp-content\/uploads\/2023\/08\/IMG_2044-768x512.jpg 768w, https:\/\/www.confederaciondelcobre.cl\/wp-content\/uploads\/2023\/08\/IMG_2044-1536x1024.jpg 1536w, https:\/\/www.confederaciondelcobre.cl\/wp-content\/uploads\/2023\/08\/IMG_2044.jpg 2000w\" sizes=\"auto, (max-width: 1024px) 100vw, 1024px\" \/><\/figure><\/li><li class=\"wp-block-jetpack-slideshow_slide swiper-slide\"><figure><img loading=\"lazy\" decoding=\"async\" width=\"1024\" height=\"682\" alt=\"\" class=\"wp-block-jetpack-slideshow_image wp-image-3910\" data-id=\"3910\" src=\"https:\/\/www.confederaciondelcobre.cl\/wp-content\/uploads\/2023\/08\/IMG_2050-1024x682.jpg\" srcset=\"https:\/\/www.confederaciondelcobre.cl\/wp-content\/uploads\/2023\/08\/IMG_2050-1024x682.jpg 1024w, https:\/\/www.confederaciondelcobre.cl\/wp-content\/uploads\/2023\/08\/IMG_2050-300x200.jpg 300w, https:\/\/www.confederaciondelcobre.cl\/wp-content\/uploads\/2023\/08\/IMG_2050-768x512.jpg 768w, https:\/\/www.confederaciondelcobre.cl\/wp-content\/uploads\/2023\/08\/IMG_2050-1536x1024.jpg 1536w, https:\/\/www.confederaciondelcobre.cl\/wp-content\/uploads\/2023\/08\/IMG_2050.jpg 2000w\" sizes=\"auto, (max-width: 1024px) 100vw, 1024px\" \/><\/figure><\/li><li class=\"wp-block-jetpack-slideshow_slide swiper-slide\"><figure><img loading=\"lazy\" decoding=\"async\" width=\"1024\" height=\"682\" alt=\"\" class=\"wp-block-jetpack-slideshow_image wp-image-3912\" data-id=\"3912\" src=\"https:\/\/www.confederaciondelcobre.cl\/wp-content\/uploads\/2023\/08\/IMG_2059-1024x682.jpg\" srcset=\"https:\/\/www.confederaciondelcobre.cl\/wp-content\/uploads\/2023\/08\/IMG_2059-1024x682.jpg 1024w, https:\/\/www.confederaciondelcobre.cl\/wp-content\/uploads\/2023\/08\/IMG_2059-300x200.jpg 300w, https:\/\/www.confederaciondelcobre.cl\/wp-content\/uploads\/2023\/08\/IMG_2059-768x512.jpg 768w, https:\/\/www.confederaciondelcobre.cl\/wp-content\/uploads\/2023\/08\/IMG_2059-1536x1024.jpg 1536w, https:\/\/www.confederaciondelcobre.cl\/wp-content\/uploads\/2023\/08\/IMG_2059.jpg 2000w\" sizes=\"auto, (max-width: 1024px) 100vw, 1024px\" \/><\/figure><\/li><li class=\"wp-block-jetpack-slideshow_slide swiper-slide\"><figure><img loading=\"lazy\" decoding=\"async\" width=\"1024\" height=\"682\" alt=\"\" class=\"wp-block-jetpack-slideshow_image wp-image-3913\" data-id=\"3913\" src=\"https:\/\/www.confederaciondelcobre.cl\/wp-content\/uploads\/2023\/08\/IMG_2079-1024x682.jpg\" srcset=\"https:\/\/www.confederaciondelcobre.cl\/wp-content\/uploads\/2023\/08\/IMG_2079-1024x682.jpg 1024w, https:\/\/www.confederaciondelcobre.cl\/wp-content\/uploads\/2023\/08\/IMG_2079-300x200.jpg 300w, https:\/\/www.confederaciondelcobre.cl\/wp-content\/uploads\/2023\/08\/IMG_2079-768x512.jpg 768w, https:\/\/www.confederaciondelcobre.cl\/wp-content\/uploads\/2023\/08\/IMG_2079-1536x1024.jpg 1536w, https:\/\/www.confederaciondelcobre.cl\/wp-content\/uploads\/2023\/08\/IMG_2079.jpg 2000w\" sizes=\"auto, (max-width: 1024px) 100vw, 1024px\" \/><\/figure><\/li><li class=\"wp-block-jetpack-slideshow_slide swiper-slide\"><figure><img loading=\"lazy\" decoding=\"async\" width=\"1024\" height=\"682\" alt=\"\" class=\"wp-block-jetpack-slideshow_image wp-image-3914\" data-id=\"3914\" src=\"https:\/\/www.confederaciondelcobre.cl\/wp-content\/uploads\/2023\/08\/IMG_2083-1024x682.jpg\" srcset=\"https:\/\/www.confederaciondelcobre.cl\/wp-content\/uploads\/2023\/08\/IMG_2083-1024x682.jpg 1024w, https:\/\/www.confederaciondelcobre.cl\/wp-content\/uploads\/2023\/08\/IMG_2083-300x200.jpg 300w, https:\/\/www.confederaciondelcobre.cl\/wp-content\/uploads\/2023\/08\/IMG_2083-768x512.jpg 768w, https:\/\/www.confederaciondelcobre.cl\/wp-content\/uploads\/2023\/08\/IMG_2083-1536x1024.jpg 1536w, https:\/\/www.confederaciondelcobre.cl\/wp-content\/uploads\/2023\/08\/IMG_2083.jpg 2000w\" sizes=\"auto, (max-width: 1024px) 100vw, 1024px\" \/><\/figure><\/li><li class=\"wp-block-jetpack-slideshow_slide swiper-slide\"><figure><img loading=\"lazy\" decoding=\"async\" width=\"1024\" height=\"682\" alt=\"\" class=\"wp-block-jetpack-slideshow_image wp-image-3915\" data-id=\"3915\" src=\"https:\/\/www.confederaciondelcobre.cl\/wp-content\/uploads\/2023\/08\/IMG_2089-1024x682.jpg\" srcset=\"https:\/\/www.confederaciondelcobre.cl\/wp-content\/uploads\/2023\/08\/IMG_2089-1024x682.jpg 1024w, https:\/\/www.confederaciondelcobre.cl\/wp-content\/uploads\/2023\/08\/IMG_2089-300x200.jpg 300w, https:\/\/www.confederaciondelcobre.cl\/wp-content\/uploads\/2023\/08\/IMG_2089-768x512.jpg 768w, https:\/\/www.confederaciondelcobre.cl\/wp-content\/uploads\/2023\/08\/IMG_2089-1536x1024.jpg 1536w, https:\/\/www.confederaciondelcobre.cl\/wp-content\/uploads\/2023\/08\/IMG_2089.jpg 2000w\" sizes=\"auto, (max-width: 1024px) 100vw, 1024px\" \/><\/figure><\/li><li class=\"wp-block-jetpack-slideshow_slide swiper-slide\"><figure><img loading=\"lazy\" decoding=\"async\" width=\"1024\" height=\"682\" alt=\"\" class=\"wp-block-jetpack-slideshow_image wp-image-3916\" data-id=\"3916\" src=\"https:\/\/www.confederaciondelcobre.cl\/wp-content\/uploads\/2023\/08\/IMG_2095-1024x682.jpg\" srcset=\"https:\/\/www.confederaciondelcobre.cl\/wp-content\/uploads\/2023\/08\/IMG_2095-1024x682.jpg 1024w, https:\/\/www.confederaciondelcobre.cl\/wp-content\/uploads\/2023\/08\/IMG_2095-300x200.jpg 300w, https:\/\/www.confederaciondelcobre.cl\/wp-content\/uploads\/2023\/08\/IMG_2095-768x512.jpg 768w, https:\/\/www.confederaciondelcobre.cl\/wp-content\/uploads\/2023\/08\/IMG_2095-1536x1024.jpg 1536w, https:\/\/www.confederaciondelcobre.cl\/wp-content\/uploads\/2023\/08\/IMG_2095.jpg 2000w\" sizes=\"auto, (max-width: 1024px) 100vw, 1024px\" \/><\/figure><\/li><li class=\"wp-block-jetpack-slideshow_slide swiper-slide\"><figure><img loading=\"lazy\" decoding=\"async\" width=\"1024\" height=\"682\" alt=\"\" class=\"wp-block-jetpack-slideshow_image wp-image-3917\" data-id=\"3917\" src=\"https:\/\/www.confederaciondelcobre.cl\/wp-content\/uploads\/2023\/08\/IMG_2105-1024x682.jpg\" srcset=\"https:\/\/www.confederaciondelcobre.cl\/wp-content\/uploads\/2023\/08\/IMG_2105-1024x682.jpg 1024w, https:\/\/www.confederaciondelcobre.cl\/wp-content\/uploads\/2023\/08\/IMG_2105-300x200.jpg 300w, https:\/\/www.confederaciondelcobre.cl\/wp-content\/uploads\/2023\/08\/IMG_2105-768x512.jpg 768w, https:\/\/www.confederaciondelcobre.cl\/wp-content\/uploads\/2023\/08\/IMG_2105-1536x1024.jpg 1536w, https:\/\/www.confederaciondelcobre.cl\/wp-content\/uploads\/2023\/08\/IMG_2105.jpg 2000w\" sizes=\"auto, (max-width: 1024px) 100vw, 1024px\" \/><\/figure><\/li><li class=\"wp-block-jetpack-slideshow_slide swiper-slide\"><figure><img loading=\"lazy\" decoding=\"async\" width=\"1024\" height=\"682\" alt=\"\" class=\"wp-block-jetpack-slideshow_image wp-image-3918\" data-id=\"3918\" src=\"https:\/\/www.confederaciondelcobre.cl\/wp-content\/uploads\/2023\/08\/IMG_2115-1024x682.jpg\" srcset=\"https:\/\/www.confederaciondelcobre.cl\/wp-content\/uploads\/2023\/08\/IMG_2115-1024x682.jpg 1024w, https:\/\/www.confederaciondelcobre.cl\/wp-content\/uploads\/2023\/08\/IMG_2115-300x200.jpg 300w, https:\/\/www.confederaciondelcobre.cl\/wp-content\/uploads\/2023\/08\/IMG_2115-768x512.jpg 768w, https:\/\/www.confederaciondelcobre.cl\/wp-content\/uploads\/2023\/08\/IMG_2115-1536x1024.jpg 1536w, https:\/\/www.confederaciondelcobre.cl\/wp-content\/uploads\/2023\/08\/IMG_2115.jpg 2000w\" sizes=\"auto, (max-width: 1024px) 100vw, 1024px\" \/><\/figure><\/li><li class=\"wp-block-jetpack-slideshow_slide swiper-slide\"><figure><img loading=\"lazy\" decoding=\"async\" width=\"1024\" height=\"682\" alt=\"\" class=\"wp-block-jetpack-slideshow_image wp-image-3919\" data-id=\"3919\" src=\"https:\/\/www.confederaciondelcobre.cl\/wp-content\/uploads\/2023\/08\/IMG_2138-1024x682.jpg\" srcset=\"https:\/\/www.confederaciondelcobre.cl\/wp-content\/uploads\/2023\/08\/IMG_2138-1024x682.jpg 1024w, https:\/\/www.confederaciondelcobre.cl\/wp-content\/uploads\/2023\/08\/IMG_2138-300x200.jpg 300w, https:\/\/www.confederaciondelcobre.cl\/wp-content\/uploads\/2023\/08\/IMG_2138-768x512.jpg 768w, https:\/\/www.confederaciondelcobre.cl\/wp-content\/uploads\/2023\/08\/IMG_2138-1536x1024.jpg 1536w, https:\/\/www.confederaciondelcobre.cl\/wp-content\/uploads\/2023\/08\/IMG_2138.jpg 2000w\" sizes=\"auto, (max-width: 1024px) 100vw, 1024px\" \/><\/figure><\/li><li class=\"wp-block-jetpack-slideshow_slide swiper-slide\"><figure><img loading=\"lazy\" decoding=\"async\" width=\"1024\" height=\"682\" alt=\"\" class=\"wp-block-jetpack-slideshow_image wp-image-3920\" data-id=\"3920\" src=\"https:\/\/www.confederaciondelcobre.cl\/wp-content\/uploads\/2023\/08\/IMG_2146-1024x682.jpg\" srcset=\"https:\/\/www.confederaciondelcobre.cl\/wp-content\/uploads\/2023\/08\/IMG_2146-1024x682.jpg 1024w, https:\/\/www.confederaciondelcobre.cl\/wp-content\/uploads\/2023\/08\/IMG_2146-300x200.jpg 300w, https:\/\/www.confederaciondelcobre.cl\/wp-content\/uploads\/2023\/08\/IMG_2146-768x512.jpg 768w, https:\/\/www.confederaciondelcobre.cl\/wp-content\/uploads\/2023\/08\/IMG_2146-1536x1024.jpg 1536w, https:\/\/www.confederaciondelcobre.cl\/wp-content\/uploads\/2023\/08\/IMG_2146.jpg 2000w\" sizes=\"auto, (max-width: 1024px) 100vw, 1024px\" \/><\/figure><\/li><li class=\"wp-block-jetpack-slideshow_slide swiper-slide\"><figure><img loading=\"lazy\" decoding=\"async\" width=\"1024\" height=\"682\" alt=\"\" class=\"wp-block-jetpack-slideshow_image wp-image-3921\" data-id=\"3921\" src=\"https:\/\/www.confederaciondelcobre.cl\/wp-content\/uploads\/2023\/08\/IMG_2160-1024x682.jpg\" srcset=\"https:\/\/www.confederaciondelcobre.cl\/wp-content\/uploads\/2023\/08\/IMG_2160-1024x682.jpg 1024w, https:\/\/www.confederaciondelcobre.cl\/wp-content\/uploads\/2023\/08\/IMG_2160-300x200.jpg 300w, https:\/\/www.confederaciondelcobre.cl\/wp-content\/uploads\/2023\/08\/IMG_2160-768x512.jpg 768w, https:\/\/www.confederaciondelcobre.cl\/wp-content\/uploads\/2023\/08\/IMG_2160-1536x1024.jpg 1536w, https:\/\/www.confederaciondelcobre.cl\/wp-content\/uploads\/2023\/08\/IMG_2160.jpg 2000w\" sizes=\"auto, (max-width: 1024px) 100vw, 1024px\" \/><\/figure><\/li><li class=\"wp-block-jetpack-slideshow_slide swiper-slide\"><figure><img loading=\"lazy\" decoding=\"async\" width=\"1024\" height=\"682\" alt=\"\" class=\"wp-block-jetpack-slideshow_image wp-image-3922\" data-id=\"3922\" src=\"https:\/\/www.confederaciondelcobre.cl\/wp-content\/uploads\/2023\/08\/IMG_2170-1024x682.jpg\" srcset=\"https:\/\/www.confederaciondelcobre.cl\/wp-content\/uploads\/2023\/08\/IMG_2170-1024x682.jpg 1024w, https:\/\/www.confederaciondelcobre.cl\/wp-content\/uploads\/2023\/08\/IMG_2170-300x200.jpg 300w, https:\/\/www.confederaciondelcobre.cl\/wp-content\/uploads\/2023\/08\/IMG_2170-768x512.jpg 768w, https:\/\/www.confederaciondelcobre.cl\/wp-content\/uploads\/2023\/08\/IMG_2170-1536x1024.jpg 1536w, https:\/\/www.confederaciondelcobre.cl\/wp-content\/uploads\/2023\/08\/IMG_2170.jpg 2000w\" sizes=\"auto, (max-width: 1024px) 100vw, 1024px\" \/><\/figure><\/li><li class=\"wp-block-jetpack-slideshow_slide swiper-slide\"><figure><img loading=\"lazy\" decoding=\"async\" width=\"1024\" height=\"682\" alt=\"\" class=\"wp-block-jetpack-slideshow_image wp-image-3923\" data-id=\"3923\" src=\"https:\/\/www.confederaciondelcobre.cl\/wp-content\/uploads\/2023\/08\/IMG_2185-1024x682.jpg\" srcset=\"https:\/\/www.confederaciondelcobre.cl\/wp-content\/uploads\/2023\/08\/IMG_2185-1024x682.jpg 1024w, https:\/\/www.confederaciondelcobre.cl\/wp-content\/uploads\/2023\/08\/IMG_2185-300x200.jpg 300w, https:\/\/www.confederaciondelcobre.cl\/wp-content\/uploads\/2023\/08\/IMG_2185-768x512.jpg 768w, https:\/\/www.confederaciondelcobre.cl\/wp-content\/uploads\/2023\/08\/IMG_2185-1536x1024.jpg 1536w, https:\/\/www.confederaciondelcobre.cl\/wp-content\/uploads\/2023\/08\/IMG_2185.jpg 2000w\" sizes=\"auto, (max-width: 1024px) 100vw, 1024px\" \/><\/figure><\/li><li class=\"wp-block-jetpack-slideshow_slide swiper-slide\"><figure><img loading=\"lazy\" decoding=\"async\" width=\"1024\" height=\"682\" alt=\"\" class=\"wp-block-jetpack-slideshow_image wp-image-3924\" data-id=\"3924\" src=\"https:\/\/www.confederaciondelcobre.cl\/wp-content\/uploads\/2023\/08\/IMG_2250-1024x682.jpg\" srcset=\"https:\/\/www.confederaciondelcobre.cl\/wp-content\/uploads\/2023\/08\/IMG_2250-1024x682.jpg 1024w, https:\/\/www.confederaciondelcobre.cl\/wp-content\/uploads\/2023\/08\/IMG_2250-300x200.jpg 300w, https:\/\/www.confederaciondelcobre.cl\/wp-content\/uploads\/2023\/08\/IMG_2250-768x512.jpg 768w, https:\/\/www.confederaciondelcobre.cl\/wp-content\/uploads\/2023\/08\/IMG_2250-1536x1024.jpg 1536w, https:\/\/www.confederaciondelcobre.cl\/wp-content\/uploads\/2023\/08\/IMG_2250.jpg 2000w\" sizes=\"auto, (max-width: 1024px) 100vw, 1024px\" \/><\/figure><\/li><li class=\"wp-block-jetpack-slideshow_slide swiper-slide\"><figure><img loading=\"lazy\" decoding=\"async\" width=\"1024\" height=\"682\" alt=\"\" class=\"wp-block-jetpack-slideshow_image wp-image-3925\" data-id=\"3925\" src=\"https:\/\/www.confederaciondelcobre.cl\/wp-content\/uploads\/2023\/08\/IMG_2263-1024x682.jpg\" srcset=\"https:\/\/www.confederaciondelcobre.cl\/wp-content\/uploads\/2023\/08\/IMG_2263-1024x682.jpg 1024w, https:\/\/www.confederaciondelcobre.cl\/wp-content\/uploads\/2023\/08\/IMG_2263-300x200.jpg 300w, https:\/\/www.confederaciondelcobre.cl\/wp-content\/uploads\/2023\/08\/IMG_2263-768x512.jpg 768w, https:\/\/www.confederaciondelcobre.cl\/wp-content\/uploads\/2023\/08\/IMG_2263-1536x1024.jpg 1536w, https:\/\/www.confederaciondelcobre.cl\/wp-content\/uploads\/2023\/08\/IMG_2263.jpg 2000w\" sizes=\"auto, (max-width: 1024px) 100vw, 1024px\" \/><\/figure><\/li><li class=\"wp-block-jetpack-slideshow_slide swiper-slide\"><figure><img loading=\"lazy\" decoding=\"async\" width=\"1024\" height=\"682\" alt=\"\" class=\"wp-block-jetpack-slideshow_image wp-image-3926\" data-id=\"3926\" src=\"https:\/\/www.confederaciondelcobre.cl\/wp-content\/uploads\/2023\/08\/IMG_2285-1024x682.jpg\" srcset=\"https:\/\/www.confederaciondelcobre.cl\/wp-content\/uploads\/2023\/08\/IMG_2285-1024x682.jpg 1024w, https:\/\/www.confederaciondelcobre.cl\/wp-content\/uploads\/2023\/08\/IMG_2285-300x200.jpg 300w, https:\/\/www.confederaciondelcobre.cl\/wp-content\/uploads\/2023\/08\/IMG_2285-768x512.jpg 768w, https:\/\/www.confederaciondelcobre.cl\/wp-content\/uploads\/2023\/08\/IMG_2285-1536x1024.jpg 1536w, https:\/\/www.confederaciondelcobre.cl\/wp-content\/uploads\/2023\/08\/IMG_2285.jpg 2000w\" sizes=\"auto, (max-width: 1024px) 100vw, 1024px\" \/><\/figure><\/li><li class=\"wp-block-jetpack-slideshow_slide swiper-slide\"><figure><img loading=\"lazy\" decoding=\"async\" width=\"1024\" height=\"682\" alt=\"\" class=\"wp-block-jetpack-slideshow_image wp-image-3927\" data-id=\"3927\" src=\"https:\/\/www.confederaciondelcobre.cl\/wp-content\/uploads\/2023\/08\/IMG_2301-1024x682.jpg\" srcset=\"https:\/\/www.confederaciondelcobre.cl\/wp-content\/uploads\/2023\/08\/IMG_2301-1024x682.jpg 1024w, https:\/\/www.confederaciondelcobre.cl\/wp-content\/uploads\/2023\/08\/IMG_2301-300x200.jpg 300w, https:\/\/www.confederaciondelcobre.cl\/wp-content\/uploads\/2023\/08\/IMG_2301-768x512.jpg 768w, https:\/\/www.confederaciondelcobre.cl\/wp-content\/uploads\/2023\/08\/IMG_2301-1536x1024.jpg 1536w, https:\/\/www.confederaciondelcobre.cl\/wp-content\/uploads\/2023\/08\/IMG_2301.jpg 2000w\" sizes=\"auto, (max-width: 1024px) 100vw, 1024px\" \/><\/figure><\/li><\/ul><a class=\"wp-block-jetpack-slideshow_button-prev swiper-button-prev swiper-button-white\" role=\"button\"><\/a><a class=\"wp-block-jetpack-slideshow_button-next swiper-button-next swiper-button-white\" role=\"button\"><\/a><a aria-label=\"Pause Slideshow\" class=\"wp-block-jetpack-slideshow_button-pause\" role=\"button\"><\/a><div class=\"wp-block-jetpack-slideshow_pagination swiper-pagination swiper-pagination-white\"><\/div><\/div><\/div>\n","protected":false},"excerpt":{"rendered":"<p>Realizado en el sal\u00f3n auditorio de la Caja Los Andes, el seminario reuni\u00f3 a m\u00e1s de cincuenta dirigentas y dirigentes sindicales de la Coordinadora de Trabajadores de la Miner\u00eda (CTMIN). &hellip; <\/p>\n","protected":false},"author":2,"featured_media":3931,"comment_status":"closed","ping_status":"closed","sticky":false,"template":"","format":"standard","meta":{"jetpack_post_was_ever_published":false,"_jetpack_newsletter_access":"","_jetpack_dont_email_post_to_subs":false,"_jetpack_newsletter_tier_id":0,"_jetpack_memberships_contains_paywalled_content":false,"_jetpack_memberships_contains_paid_content":false,"footnotes":"","jetpack_publicize_message":"","jetpack_publicize_feature_enabled":false,"jetpack_social_post_already_shared":true,"jetpack_social_options":{"image_generator_settings":{"template":"highway","default_image_id":0,"enabled":false},"version":2}},"categories":[9,11,15,19],"tags":[],"class_list":["post-3852","post","type-post","status-publish","format-standard","has-post-thumbnail","hentry","category-confederacion","category-ctmin","category-nacional","category-trabajadores"],"jetpack_publicize_connections":[],"jetpack_featured_media_url":"https:\/\/www.confederaciondelcobre.cl\/wp-content\/uploads\/2023\/08\/Port-1.jpg","jetpack_sharing_enabled":true,"post_mailing_queue_ids":[],"_links":{"self":[{"href":"https:\/\/www.confederaciondelcobre.cl\/index.php\/wp-json\/wp\/v2\/posts\/3852","targetHints":{"allow":["GET"]}}],"collection":[{"href":"https:\/\/www.confederaciondelcobre.cl\/index.php\/wp-json\/wp\/v2\/posts"}],"about":[{"href":"https:\/\/www.confederaciondelcobre.cl\/index.php\/wp-json\/wp\/v2\/types\/post"}],"author":[{"embeddable":true,"href":"https:\/\/www.confederaciondelcobre.cl\/index.php\/wp-json\/wp\/v2\/users\/2"}],"replies":[{"embeddable":true,"href":"https:\/\/www.confederaciondelcobre.cl\/index.php\/wp-json\/wp\/v2\/comments?post=3852"}],"version-history":[{"count":12,"href":"https:\/\/www.confederaciondelcobre.cl\/index.php\/wp-json\/wp\/v2\/posts\/3852\/revisions"}],"predecessor-version":[{"id":3932,"href":"https:\/\/www.confederaciondelcobre.cl\/index.php\/wp-json\/wp\/v2\/posts\/3852\/revisions\/3932"}],"wp:featuredmedia":[{"embeddable":true,"href":"https:\/\/www.confederaciondelcobre.cl\/index.php\/wp-json\/wp\/v2\/media\/3931"}],"wp:attachment":[{"href":"https:\/\/www.confederaciondelcobre.cl\/index.php\/wp-json\/wp\/v2\/media?parent=3852"}],"wp:term":[{"taxonomy":"category","embeddable":true,"href":"https:\/\/www.confederaciondelcobre.cl\/index.php\/wp-json\/wp\/v2\/categories?post=3852"},{"taxonomy":"post_tag","embeddable":true,"href":"https:\/\/www.confederaciondelcobre.cl\/index.php\/wp-json\/wp\/v2\/tags?post=3852"}],"curies":[{"name":"wp","href":"https:\/\/api.w.org\/{rel}","templated":true}]}}