{"id":3933,"date":"2023-08-09T10:59:29","date_gmt":"2023-08-09T14:59:29","guid":{"rendered":"https:\/\/www.confederaciondelcobre.cl\/?p=3933"},"modified":"2023-08-09T10:59:32","modified_gmt":"2023-08-09T14:59:32","slug":"ctc-y-cut-se-reunieron-con-patrick-taran-especialista-principal-en-migracion-de-la-oficina-internacional-del-trabajo-de-la-oit","status":"publish","type":"post","link":"https:\/\/www.confederaciondelcobre.cl\/index.php\/2023\/08\/09\/ctc-y-cut-se-reunieron-con-patrick-taran-especialista-principal-en-migracion-de-la-oficina-internacional-del-trabajo-de-la-oit\/","title":{"rendered":"CTC y CUT se reunieron con Patrick Tar\u00e1n, especialista principal en migraci\u00f3n de la Oficina Internacional del Trabajo de la OIT."},"content":{"rendered":"\n<p>El encuentro se llev\u00f3 a cabo en la sede nacional de la Central Unitaria de Trabajadores (CUT-Chile) y cont\u00f3 con la participaci\u00f3n del Especialista Principal en Migraci\u00f3n de la Oficina Internacional del Trabajo de la Organizaci\u00f3n Internacional del Trabajo (OIT), Patrick Tar\u00e1n. Abordaron la situaci\u00f3n migratoria nacional y mundial, como tambi\u00e9n los desaf\u00edos que implica en torno a la regularizaci\u00f3n e inserci\u00f3n laboral.<\/p>\n\n\n\n<hr class=\"wp-block-separator has-alpha-channel-opacity\"\/>\n\n\n\n<p>En el marco de su visita a nuestro pa\u00eds para participar del seminario internacional &#8220;A 50 a\u00f1os del golpe de Estado: reflexiones en torno a los Derechos Humanos desde el presente&#8221;, que ha sido organizado por la Universidad de Chile y la Fundaci\u00f3n de Ayuda Social de las Iglesias Cristianas (FASIC) a realizarse el d\u00eda de hoy en la casa central de dicha casa de estudios, el lunes 07 de agosto se reunieron con Patrick Tar\u00e1n el Comit\u00e9 Ejecutivo Nacional de la CUT, encabezado por su Presidente David Acu\u00f1a Millahueique; y la Confederaci\u00f3n de Trabajadores del Cobre (CTC), representada por Francisco Cabezas Cort\u00e9s, Vicepresidente; y Sandra Silva Capiona, Directora Nacional. En la oportunidad, el especialista principal en migraci\u00f3n de la Oficina Internacional del Trabajo de la OIT hizo una breve presentaci\u00f3n sobre la situaci\u00f3n migratoria, tanto a nivel nacional como mundial, poniendo especial \u00e9nfasis en dos aspectos que son un verdadero desaf\u00edo para la comunidad internacional en su conjunto: la regularizaci\u00f3n e inserci\u00f3n laboral.<\/p>\n\n\n<div class=\"wp-block-image\">\n<figure class=\"aligncenter size-full\"><img loading=\"lazy\" decoding=\"async\" width=\"764\" height=\"573\" src=\"https:\/\/www.confederaciondelcobre.cl\/wp-content\/uploads\/2023\/08\/1-1.jpg\" alt=\"\" class=\"wp-image-3938\" srcset=\"https:\/\/www.confederaciondelcobre.cl\/wp-content\/uploads\/2023\/08\/1-1.jpg 764w, https:\/\/www.confederaciondelcobre.cl\/wp-content\/uploads\/2023\/08\/1-1-300x225.jpg 300w\" sizes=\"auto, (max-width: 764px) 100vw, 764px\" \/><\/figure><\/div>\n\n\n<p>Por su parte, Francisco Cabezas y Sandra Silva expusieron la experiencia de la CTC (en particular de la Feminort, que es federaci\u00f3n de la CTC en la regi\u00f3n de Tarapac\u00e1) en torno a la situaci\u00f3n migratoria en el norte grande de nuestro pa\u00eds. Al respecto, comentaron el trabajo que se ha venido desarrollando en conjunto con la CUT de Iquique y la Asamblea Abierta de Migrantes y Promigrantes de Tarapac\u00e1 (AMPRO), que implica iniciativas de procesos de regularizaci\u00f3n, escuelas de idioma, capacitaciones, inserci\u00f3n laboral, constituci\u00f3n de sindicatos de trabajadoras y trabajadores informales y, en general, un despliegue territorial a fin de tambi\u00e9n entregar herramientas para abordar temas de educaci\u00f3n, salud, vivienda y previsi\u00f3n. Lo anterior, apuntaron los dirigentes de la CTC, con la finalidad de abarcar dicha realidad de una manera lo m\u00e1s integral posible.<\/p>\n\n\n\n<p>El encuentro termin\u00f3 con el compromiso de las y los participantes de seguir en contacto, esto para desarrollar una colaboraci\u00f3n mutua en trabajos de investigaci\u00f3n, pero tambi\u00e9n para la elaboraci\u00f3n de propuestas en torno a la situaci\u00f3n laboral, que si bien es prioritaria para trabajadoras y trabajadores migrantes, lo es tambi\u00e9n para sus familias.<\/p>\n\n\n<div class=\"wp-block-image\">\n<figure class=\"aligncenter size-large\"><img loading=\"lazy\" decoding=\"async\" width=\"1024\" height=\"768\" src=\"https:\/\/www.confederaciondelcobre.cl\/wp-content\/uploads\/2023\/08\/c2be8a33-3d25-4350-b0b6-a371b7fde6ee-1-1024x768.jpeg\" alt=\"\" class=\"wp-image-3939\" srcset=\"https:\/\/www.confederaciondelcobre.cl\/wp-content\/uploads\/2023\/08\/c2be8a33-3d25-4350-b0b6-a371b7fde6ee-1-1024x768.jpeg 1024w, https:\/\/www.confederaciondelcobre.cl\/wp-content\/uploads\/2023\/08\/c2be8a33-3d25-4350-b0b6-a371b7fde6ee-1-300x225.jpeg 300w, https:\/\/www.confederaciondelcobre.cl\/wp-content\/uploads\/2023\/08\/c2be8a33-3d25-4350-b0b6-a371b7fde6ee-1-768x576.jpeg 768w, https:\/\/www.confederaciondelcobre.cl\/wp-content\/uploads\/2023\/08\/c2be8a33-3d25-4350-b0b6-a371b7fde6ee-1.jpeg 1280w\" sizes=\"auto, (max-width: 1024px) 100vw, 1024px\" \/><\/figure><\/div>","protected":false},"excerpt":{"rendered":"<p>El encuentro se llev\u00f3 a cabo en la sede nacional de la Central Unitaria de Trabajadores (CUT-Chile) y cont\u00f3 con la participaci\u00f3n del Especialista Principal en Migraci\u00f3n de la Oficina &hellip; <\/p>\n","protected":false},"author":2,"featured_media":3937,"comment_status":"closed","ping_status":"closed","sticky":false,"template":"","format":"standard","meta":{"jetpack_post_was_ever_published":false,"_jetpack_newsletter_access":"","_jetpack_dont_email_post_to_subs":false,"_jetpack_newsletter_tier_id":0,"_jetpack_memberships_contains_paywalled_content":false,"_jetpack_memberships_contains_paid_content":false,"footnotes":"","jetpack_publicize_message":"","jetpack_publicize_feature_enabled":false,"jetpack_social_post_already_shared":true,"jetpack_social_options":{"image_generator_settings":{"template":"highway","default_image_id":0,"enabled":false},"version":2}},"categories":[9,21,22,13,15,19],"tags":[],"class_list":["post-3933","post","type-post","status-publish","format-standard","has-post-thumbnail","hentry","category-confederacion","category-federaciones","category-feminort","category-internacional","category-nacional","category-trabajadores"],"jetpack_publicize_connections":[],"jetpack_featured_media_url":"https:\/\/www.confederaciondelcobre.cl\/wp-content\/uploads\/2023\/08\/Port-2.jpg","jetpack_sharing_enabled":true,"post_mailing_queue_ids":[],"_links":{"self":[{"href":"https:\/\/www.confederaciondelcobre.cl\/index.php\/wp-json\/wp\/v2\/posts\/3933","targetHints":{"allow":["GET"]}}],"collection":[{"href":"https:\/\/www.confederaciondelcobre.cl\/index.php\/wp-json\/wp\/v2\/posts"}],"about":[{"href":"https:\/\/www.confederaciondelcobre.cl\/index.php\/wp-json\/wp\/v2\/types\/post"}],"author":[{"embeddable":true,"href":"https:\/\/www.confederaciondelcobre.cl\/index.php\/wp-json\/wp\/v2\/users\/2"}],"replies":[{"embeddable":true,"href":"https:\/\/www.confederaciondelcobre.cl\/index.php\/wp-json\/wp\/v2\/comments?post=3933"}],"version-history":[{"count":5,"href":"https:\/\/www.confederaciondelcobre.cl\/index.php\/wp-json\/wp\/v2\/posts\/3933\/revisions"}],"predecessor-version":[{"id":3941,"href":"https:\/\/www.confederaciondelcobre.cl\/index.php\/wp-json\/wp\/v2\/posts\/3933\/revisions\/3941"}],"wp:featuredmedia":[{"embeddable":true,"href":"https:\/\/www.confederaciondelcobre.cl\/index.php\/wp-json\/wp\/v2\/media\/3937"}],"wp:attachment":[{"href":"https:\/\/www.confederaciondelcobre.cl\/index.php\/wp-json\/wp\/v2\/media?parent=3933"}],"wp:term":[{"taxonomy":"category","embeddable":true,"href":"https:\/\/www.confederaciondelcobre.cl\/index.php\/wp-json\/wp\/v2\/categories?post=3933"},{"taxonomy":"post_tag","embeddable":true,"href":"https:\/\/www.confederaciondelcobre.cl\/index.php\/wp-json\/wp\/v2\/tags?post=3933"}],"curies":[{"name":"wp","href":"https:\/\/api.w.org\/{rel}","templated":true}]}}