{"id":3983,"date":"2023-08-23T16:24:14","date_gmt":"2023-08-23T20:24:14","guid":{"rendered":"https:\/\/www.confederaciondelcobre.cl\/?p=3983"},"modified":"2023-08-23T16:24:17","modified_gmt":"2023-08-23T20:24:17","slug":"presidenta-de-la-ctc-integra-directorio-de-chilevalora","status":"publish","type":"post","link":"https:\/\/www.confederaciondelcobre.cl\/index.php\/2023\/08\/23\/presidenta-de-la-ctc-integra-directorio-de-chilevalora\/","title":{"rendered":"Presidenta de la CTC integra Directorio de ChileValora."},"content":{"rendered":"\n<p>Como representante de las y los trabajadores, y en su calidad de Consejera Nacional de la Central Unitaria de Trabajadores (CUT), <strong>la Presidenta de la Confederaci\u00f3n de Trabajadores del Cobre (CTC), Ana Lamas Aguirre, ha pasado a integrar el <a rel=\"noreferrer noopener\" href=\"https:\/\/www.chilevalora.cl\/nosotros\/quienes-somos\/\" data-type=\"link\" data-id=\"https:\/\/www.chilevalora.cl\/nosotros\/quienes-somos\/\" target=\"_blank\">Directorio de ChileValora<\/a><\/strong>. Dicho organismo (ChileValora), que es la Comisi\u00f3n del Sistema Nacional de Competencias Laborales, tiene por funci\u00f3n reconocer formalmente las competencias laborales de las personas mediante la certificaci\u00f3n, independientemente de la forma en que hayan adquirido los conocimientos y de si tienen o no un t\u00edtulo o grado acad\u00e9mico.<\/p>\n\n\n\n<blockquote class=\"wp-block-quote is-layout-flow wp-block-quote-is-layout-flow\">\n<p>El Directorio de ChileValora es un \u00f3rgano de direcci\u00f3n superior, que se integra de forma tripartita (trabajadores y sus sindicatos, empleadores y sus organizaciones, organizaci\u00f3n central del Estado), paritaria y con car\u00e1cter resolutivo. Su composici\u00f3n es de nueve miembros: tres representantes de trabajadoras y trabajadores, tres representantes de empleadores y tres del sector p\u00fablico (ministerios de educaci\u00f3n, trabajo y econom\u00eda).<\/p>\n<\/blockquote>\n\n\n\n<p>El trabajo a desarrollar, en palabras de Ana Lamas Aguirre, dice relaci\u00f3n con &#8220;facilitar a las trabajadoras y trabajadores la posibilidad de que sus experiencias laborales sean certificadas formalmente y, con aquello, adem\u00e1s, fomentar el aprendizaje continuo a trav\u00e9s de la formaci\u00f3n y capacitaci\u00f3n [a trav\u00e9s de SENCE, Centros de Formaci\u00f3n T\u00e9cnica, etc]&#8221;. De esta manera, destac\u00f3 la Presidenta de la CTC, &#8220;las trabajadoras y trabajadores podr\u00e1n ver su experiencia laboral no solo reconocida y certificada, sino que tambi\u00e9n valorizada en sus puestos de trabajo, como ocurri\u00f3 en 2019 cuando<a rel=\"noreferrer noopener\" href=\"https:\/\/archivoconfecobre.cl\/index.php\/2019\/05\/13\/trabajadores-de-la-ctc-certificaron-sus-competencias-laborales\/\" data-type=\"link\" data-id=\"https:\/\/archivoconfecobre.cl\/index.php\/2019\/05\/13\/trabajadores-de-la-ctc-certificaron-sus-competencias-laborales\/\" target=\"_blank\"> trabajadores de la Confederaci\u00f3n obtuvieron su certificaci\u00f3n<\/a>&#8220;. Esta positiva experiencia, recalc\u00f3 Ana Lamas Aguirre, &#8220;signific\u00f3, para ellos y sus familias, avanzar en dignidad, en el sentido de que finalmente sus capacidades y experiencia fueran formalmente reconocidas y debidamente certificadas&#8221;.<\/p>\n\n\n\n<p><\/p>\n\n\n\n<p><\/p>\n","protected":false},"excerpt":{"rendered":"<p>Como representante de las y los trabajadores, y en su calidad de Consejera Nacional de la Central Unitaria de Trabajadores (CUT), la Presidenta de la Confederaci\u00f3n de Trabajadores del Cobre &hellip; <\/p>\n","protected":false},"author":2,"featured_media":4037,"comment_status":"closed","ping_status":"closed","sticky":false,"template":"","format":"standard","meta":{"jetpack_post_was_ever_published":false,"_jetpack_newsletter_access":"","_jetpack_dont_email_post_to_subs":false,"_jetpack_newsletter_tier_id":0,"_jetpack_memberships_contains_paywalled_content":false,"_jetpack_memberships_contains_paid_content":false,"footnotes":"","jetpack_publicize_message":"","jetpack_publicize_feature_enabled":false,"jetpack_social_post_already_shared":true,"jetpack_social_options":{"image_generator_settings":{"template":"highway","default_image_id":0,"enabled":false},"version":2}},"categories":[9,27,19],"tags":[],"class_list":["post-3983","post","type-post","status-publish","format-standard","has-post-thumbnail","hentry","category-confederacion","category-cut","category-trabajadores"],"jetpack_publicize_connections":[],"jetpack_featured_media_url":"https:\/\/www.confederaciondelcobre.cl\/wp-content\/uploads\/2023\/08\/Port-9.jpg","jetpack_sharing_enabled":true,"post_mailing_queue_ids":[],"_links":{"self":[{"href":"https:\/\/www.confederaciondelcobre.cl\/index.php\/wp-json\/wp\/v2\/posts\/3983","targetHints":{"allow":["GET"]}}],"collection":[{"href":"https:\/\/www.confederaciondelcobre.cl\/index.php\/wp-json\/wp\/v2\/posts"}],"about":[{"href":"https:\/\/www.confederaciondelcobre.cl\/index.php\/wp-json\/wp\/v2\/types\/post"}],"author":[{"embeddable":true,"href":"https:\/\/www.confederaciondelcobre.cl\/index.php\/wp-json\/wp\/v2\/users\/2"}],"replies":[{"embeddable":true,"href":"https:\/\/www.confederaciondelcobre.cl\/index.php\/wp-json\/wp\/v2\/comments?post=3983"}],"version-history":[{"count":10,"href":"https:\/\/www.confederaciondelcobre.cl\/index.php\/wp-json\/wp\/v2\/posts\/3983\/revisions"}],"predecessor-version":[{"id":4042,"href":"https:\/\/www.confederaciondelcobre.cl\/index.php\/wp-json\/wp\/v2\/posts\/3983\/revisions\/4042"}],"wp:featuredmedia":[{"embeddable":true,"href":"https:\/\/www.confederaciondelcobre.cl\/index.php\/wp-json\/wp\/v2\/media\/4037"}],"wp:attachment":[{"href":"https:\/\/www.confederaciondelcobre.cl\/index.php\/wp-json\/wp\/v2\/media?parent=3983"}],"wp:term":[{"taxonomy":"category","embeddable":true,"href":"https:\/\/www.confederaciondelcobre.cl\/index.php\/wp-json\/wp\/v2\/categories?post=3983"},{"taxonomy":"post_tag","embeddable":true,"href":"https:\/\/www.confederaciondelcobre.cl\/index.php\/wp-json\/wp\/v2\/tags?post=3983"}],"curies":[{"name":"wp","href":"https:\/\/api.w.org\/{rel}","templated":true}]}}