{"id":3986,"date":"2023-08-19T15:06:44","date_gmt":"2023-08-19T19:06:44","guid":{"rendered":"https:\/\/www.confederaciondelcobre.cl\/?p=3986"},"modified":"2023-08-19T15:17:34","modified_gmt":"2023-08-19T19:17:34","slug":"federacion-de-la-ctc-en-los-andes-se-reunio-con-diputado-nelson-venegas","status":"publish","type":"post","link":"https:\/\/www.confederaciondelcobre.cl\/index.php\/2023\/08\/19\/federacion-de-la-ctc-en-los-andes-se-reunio-con-diputado-nelson-venegas\/","title":{"rendered":"Federaci\u00f3n de la CTC en Los Andes se reuni\u00f3 con diputado Nelson Venegas."},"content":{"rendered":"\n<p>El encuentro, de car\u00e1cter principalmente protocolar, tuvo como principal eje las condiciones en que desempe\u00f1an sus labores las y los trabajadores contratistas y subcontratistas de la miner\u00eda.<\/p>\n\n\n\n<hr class=\"wp-block-separator has-alpha-channel-opacity\"\/>\n\n\n\n<p>El mi\u00e9rcoles 16 de agosto, la Federaci\u00f3n de Trabajadores de la Miner\u00eda de Aconcagua (FETRAMAC, que es federaci\u00f3n de la CTC en la V Regi\u00f3n) sostuvo una reuni\u00f3n con el <strong>diputado de la rep\u00fablica, Nelson Venegas Salazar<\/strong>. El encuentro, de car\u00e1cter principalmente protocolar, y en el que particip\u00f3 el directorio de la FETRAMAC en pleno, tuvo como principal eje las condiciones en que desempe\u00f1an sus labores las y los trabajadores contratistas y subcontratistas de la miner\u00eda. Al respecto, los directores de la FETRAMAC, se\u00f1alaron situaciones con las que a diario deben lidiar y que dicen relaci\u00f3n con deficiencias en torno a la seguridad y salud de las y los trabajadores, como tambi\u00e9n algunas pr\u00e1cticas antisindicales que, junto con afectar la gesti\u00f3n de sindicatos y la propia federaci\u00f3n, genera entre las y los trabajadores un ambiente de trabajo que no es el m\u00e1s propicio para desarrollar con normalidad sus funciones.<\/p>\n\n\n\n<blockquote class=\"wp-block-quote is-layout-flow wp-block-quote-is-layout-flow\">\n<p>El directorio de la Federaci\u00f3n de Trabajadores de la Miner\u00eda de Aconcagua (FETRAMAC) est\u00e1 compuesto por Miguel V\u00e1zquez Rodr\u00edguez, Presidente; Patricio Roco Bucarey, Secretario y Director Nacional de la CTC; Claudio Escobar Albornoz, Tesorero y Director Nacional de la CTC; los Directores Luis P\u00e1ez Maldonado y Juan Carlos Guerra; y Francisco Ibaceta, Encargado de medios.<\/p>\n<\/blockquote>\n\n\n\n<p>Por su parte, el diputado por el Distrito N\u00ba 6 de la Regi\u00f3n de Valpara\u00edso, Nelson Venegas, junto con establecer v\u00ednculos y canales permanentes de comunicaci\u00f3n con la FETRAMAC, se comprometi\u00f3 a gestionar audiencias y reuniones con las Secretar\u00edas Regionales Ministeriales, tanto de Miner\u00eda como del Trabajo. Esto a fin de desarrollar l\u00edneas de trabajo en conjunto, y tambi\u00e9n revisar con mayor detalle lo expuesto por los dirigentes sindicales.<\/p>\n\n\n\n<figure class=\"wp-block-image size-large\"><img loading=\"lazy\" decoding=\"async\" width=\"1024\" height=\"768\" src=\"https:\/\/www.confederaciondelcobre.cl\/wp-content\/uploads\/2023\/08\/280ef858-99ab-4897-8624-5a893fbdce55-1024x768.jpeg\" alt=\"\" class=\"wp-image-3989\" srcset=\"https:\/\/www.confederaciondelcobre.cl\/wp-content\/uploads\/2023\/08\/280ef858-99ab-4897-8624-5a893fbdce55-1024x768.jpeg 1024w, https:\/\/www.confederaciondelcobre.cl\/wp-content\/uploads\/2023\/08\/280ef858-99ab-4897-8624-5a893fbdce55-300x225.jpeg 300w, https:\/\/www.confederaciondelcobre.cl\/wp-content\/uploads\/2023\/08\/280ef858-99ab-4897-8624-5a893fbdce55-768x576.jpeg 768w, https:\/\/www.confederaciondelcobre.cl\/wp-content\/uploads\/2023\/08\/280ef858-99ab-4897-8624-5a893fbdce55.jpeg 1280w\" sizes=\"auto, (max-width: 1024px) 100vw, 1024px\" \/><\/figure>\n","protected":false},"excerpt":{"rendered":"<p>El encuentro, de car\u00e1cter principalmente protocolar, tuvo como principal eje las condiciones en que desempe\u00f1an sus labores las y los trabajadores contratistas y subcontratistas de la miner\u00eda. El mi\u00e9rcoles 16 &hellip; <\/p>\n","protected":false},"author":2,"featured_media":3988,"comment_status":"closed","ping_status":"closed","sticky":false,"template":"","format":"standard","meta":{"jetpack_post_was_ever_published":false,"_jetpack_newsletter_access":"","_jetpack_dont_email_post_to_subs":false,"_jetpack_newsletter_tier_id":0,"_jetpack_memberships_contains_paywalled_content":false,"_jetpack_memberships_contains_paid_content":false,"footnotes":"","jetpack_publicize_message":"","jetpack_publicize_feature_enabled":false,"jetpack_social_post_already_shared":true,"jetpack_social_options":{"image_generator_settings":{"template":"highway","default_image_id":0,"enabled":false},"version":2}},"categories":[9,21,29,17,19],"tags":[],"class_list":["post-3986","post","type-post","status-publish","format-standard","has-post-thumbnail","hentry","category-confederacion","category-federaciones","category-fetramac","category-regiones","category-trabajadores"],"jetpack_publicize_connections":[],"jetpack_featured_media_url":"https:\/\/www.confederaciondelcobre.cl\/wp-content\/uploads\/2023\/08\/Port-4.jpg","jetpack_sharing_enabled":true,"post_mailing_queue_ids":[],"_links":{"self":[{"href":"https:\/\/www.confederaciondelcobre.cl\/index.php\/wp-json\/wp\/v2\/posts\/3986","targetHints":{"allow":["GET"]}}],"collection":[{"href":"https:\/\/www.confederaciondelcobre.cl\/index.php\/wp-json\/wp\/v2\/posts"}],"about":[{"href":"https:\/\/www.confederaciondelcobre.cl\/index.php\/wp-json\/wp\/v2\/types\/post"}],"author":[{"embeddable":true,"href":"https:\/\/www.confederaciondelcobre.cl\/index.php\/wp-json\/wp\/v2\/users\/2"}],"replies":[{"embeddable":true,"href":"https:\/\/www.confederaciondelcobre.cl\/index.php\/wp-json\/wp\/v2\/comments?post=3986"}],"version-history":[{"count":5,"href":"https:\/\/www.confederaciondelcobre.cl\/index.php\/wp-json\/wp\/v2\/posts\/3986\/revisions"}],"predecessor-version":[{"id":4001,"href":"https:\/\/www.confederaciondelcobre.cl\/index.php\/wp-json\/wp\/v2\/posts\/3986\/revisions\/4001"}],"wp:featuredmedia":[{"embeddable":true,"href":"https:\/\/www.confederaciondelcobre.cl\/index.php\/wp-json\/wp\/v2\/media\/3988"}],"wp:attachment":[{"href":"https:\/\/www.confederaciondelcobre.cl\/index.php\/wp-json\/wp\/v2\/media?parent=3986"}],"wp:term":[{"taxonomy":"category","embeddable":true,"href":"https:\/\/www.confederaciondelcobre.cl\/index.php\/wp-json\/wp\/v2\/categories?post=3986"},{"taxonomy":"post_tag","embeddable":true,"href":"https:\/\/www.confederaciondelcobre.cl\/index.php\/wp-json\/wp\/v2\/tags?post=3986"}],"curies":[{"name":"wp","href":"https:\/\/api.w.org\/{rel}","templated":true}]}}