{"id":3995,"date":"2023-08-17T19:02:21","date_gmt":"2023-08-17T23:02:21","guid":{"rendered":"https:\/\/www.confederaciondelcobre.cl\/?p=3995"},"modified":"2023-08-17T19:02:25","modified_gmt":"2023-08-17T23:02:25","slug":"ctc-saluda-nombramiento-de-ivan-mlynarz-como-vicepresidente-de-enami","status":"publish","type":"post","link":"https:\/\/www.confederaciondelcobre.cl\/index.php\/2023\/08\/17\/ctc-saluda-nombramiento-de-ivan-mlynarz-como-vicepresidente-de-enami\/","title":{"rendered":"CTC saluda nombramiento de Iv\u00e1n Mlynarz como Vicepresidente de ENAMI."},"content":{"rendered":"\n<p class=\"has-text-align-left\">Desde la Confederaci\u00f3n de Trabajadores del Cobre (CTC), saludamos y felicitamos el nombramiento de Iv\u00e1n Mlynarz Puig como Vicepresidente de la Empresa Nacional de Miner\u00eda (ENAMI).<br><\/p>\n\n\n\n<p class=\"has-text-align-left\">Confiamos en que su formaci\u00f3n profesional, junto a su vocaci\u00f3n y compromiso siempre del lado de las y los trabajadores, que conocimos en su gesti\u00f3n como representante de la Federaci\u00f3n de Supervisores de la Miner\u00eda Privada (FESUMIN) en la Coordinadora de Trabajadores de la Miner\u00eda (CTMIN), har\u00e1n que el desempe\u00f1o de nuestro compa\u00f1ero est\u00e9 a la altura de este nuevo y gran desaf\u00edo.<br><br>CONFEDERACI\u00d3N DE TRABAJADORES DEL COBRE<\/p>\n\n\n\n<p class=\"has-text-align-left\"><br>Chile, 17 de agosto de 2023.<\/p>\n\n\n<div class=\"wp-block-image\">\n<figure class=\"aligncenter size-large\"><img loading=\"lazy\" decoding=\"async\" width=\"1024\" height=\"1024\" src=\"https:\/\/www.confederaciondelcobre.cl\/wp-content\/uploads\/2023\/08\/Ivan-Mlynarz-1024x1024.png\" alt=\"\" class=\"wp-image-3998\" srcset=\"https:\/\/www.confederaciondelcobre.cl\/wp-content\/uploads\/2023\/08\/Ivan-Mlynarz-1024x1024.png 1024w, https:\/\/www.confederaciondelcobre.cl\/wp-content\/uploads\/2023\/08\/Ivan-Mlynarz-300x300.png 300w, https:\/\/www.confederaciondelcobre.cl\/wp-content\/uploads\/2023\/08\/Ivan-Mlynarz-150x150.png 150w, https:\/\/www.confederaciondelcobre.cl\/wp-content\/uploads\/2023\/08\/Ivan-Mlynarz-768x768.png 768w, https:\/\/www.confederaciondelcobre.cl\/wp-content\/uploads\/2023\/08\/Ivan-Mlynarz.png 1080w\" sizes=\"auto, (max-width: 1024px) 100vw, 1024px\" \/><\/figure><\/div>","protected":false},"excerpt":{"rendered":"<p>Desde la Confederaci\u00f3n de Trabajadores del Cobre (CTC), saludamos y felicitamos el nombramiento de Iv\u00e1n Mlynarz Puig como Vicepresidente de la Empresa Nacional de Miner\u00eda (ENAMI). Confiamos en que su &hellip; <\/p>\n","protected":false},"author":2,"featured_media":3996,"comment_status":"closed","ping_status":"closed","sticky":false,"template":"","format":"standard","meta":{"jetpack_post_was_ever_published":false,"_jetpack_newsletter_access":"","_jetpack_dont_email_post_to_subs":false,"_jetpack_newsletter_tier_id":0,"_jetpack_memberships_contains_paywalled_content":false,"_jetpack_memberships_contains_paid_content":false,"footnotes":"","jetpack_publicize_message":"","jetpack_publicize_feature_enabled":false,"jetpack_social_post_already_shared":true,"jetpack_social_options":{"image_generator_settings":{"template":"highway","default_image_id":0,"enabled":false},"version":2}},"categories":[9,11,36,19],"tags":[],"class_list":["post-3995","post","type-post","status-publish","format-standard","has-post-thumbnail","hentry","category-confederacion","category-ctmin","category-el-cobre-para-chile","category-trabajadores"],"jetpack_publicize_connections":[],"jetpack_featured_media_url":"https:\/\/www.confederaciondelcobre.cl\/wp-content\/uploads\/2023\/08\/Port-5.jpg","jetpack_sharing_enabled":true,"post_mailing_queue_ids":[],"_links":{"self":[{"href":"https:\/\/www.confederaciondelcobre.cl\/index.php\/wp-json\/wp\/v2\/posts\/3995","targetHints":{"allow":["GET"]}}],"collection":[{"href":"https:\/\/www.confederaciondelcobre.cl\/index.php\/wp-json\/wp\/v2\/posts"}],"about":[{"href":"https:\/\/www.confederaciondelcobre.cl\/index.php\/wp-json\/wp\/v2\/types\/post"}],"author":[{"embeddable":true,"href":"https:\/\/www.confederaciondelcobre.cl\/index.php\/wp-json\/wp\/v2\/users\/2"}],"replies":[{"embeddable":true,"href":"https:\/\/www.confederaciondelcobre.cl\/index.php\/wp-json\/wp\/v2\/comments?post=3995"}],"version-history":[{"count":2,"href":"https:\/\/www.confederaciondelcobre.cl\/index.php\/wp-json\/wp\/v2\/posts\/3995\/revisions"}],"predecessor-version":[{"id":3999,"href":"https:\/\/www.confederaciondelcobre.cl\/index.php\/wp-json\/wp\/v2\/posts\/3995\/revisions\/3999"}],"wp:featuredmedia":[{"embeddable":true,"href":"https:\/\/www.confederaciondelcobre.cl\/index.php\/wp-json\/wp\/v2\/media\/3996"}],"wp:attachment":[{"href":"https:\/\/www.confederaciondelcobre.cl\/index.php\/wp-json\/wp\/v2\/media?parent=3995"}],"wp:term":[{"taxonomy":"category","embeddable":true,"href":"https:\/\/www.confederaciondelcobre.cl\/index.php\/wp-json\/wp\/v2\/categories?post=3995"},{"taxonomy":"post_tag","embeddable":true,"href":"https:\/\/www.confederaciondelcobre.cl\/index.php\/wp-json\/wp\/v2\/tags?post=3995"}],"curies":[{"name":"wp","href":"https:\/\/api.w.org\/{rel}","templated":true}]}}