{"id":4002,"date":"2023-08-21T20:06:49","date_gmt":"2023-08-22T00:06:49","guid":{"rendered":"https:\/\/www.confederaciondelcobre.cl\/?p=4002"},"modified":"2023-08-21T20:06:53","modified_gmt":"2023-08-22T00:06:53","slug":"se-funda-la-actual-central-unitaria-de-trabajadores-de-chile-cut","status":"publish","type":"post","link":"https:\/\/www.confederaciondelcobre.cl\/index.php\/2023\/08\/21\/se-funda-la-actual-central-unitaria-de-trabajadores-de-chile-cut\/","title":{"rendered":"Se funda la actual Central Unitaria de Trabajadores de Chile &#8211; CUT."},"content":{"rendered":"\n<p>Fundada en agosto de 1988, y luego de que en septiembre de 1973 la dictadura c\u00edvio-militar de Pinochet disolviera y prohibiera la existencia, organizaci\u00f3n o funcionamiento de la antigua Central \u00danica de Trabajadores, nace la actual Central Unitaria de Trabajadores (CUT-Chile).<\/p>\n\n\n\n<p>Conscientes y convencidos de que solo la unidad, conciencia, organizaci\u00f3n y lucha nos llevar\u00e1 por la senda de la conquista de un futuro m\u00e1s digno para las y los trabajadores y sus familias, desde la Confederaci\u00f3n de Trabajadores del Cobre (CTC) saludamos el 35\u00ba aniversario de la Central Unitaria de Trabajadores de Chile, organizaci\u00f3n que ayer jug\u00f3 un protag\u00f3nico rol en la recuperaci\u00f3n de la democracia, y que hoy, ante la amenaza de grupos de derecha nost\u00e1lgicos de la dictadura, mantiene en alto su mismo e hist\u00f3rico rol.<\/p>\n\n\n<div class=\"wp-block-image\">\n<figure class=\"aligncenter size-large\"><img loading=\"lazy\" decoding=\"async\" width=\"1024\" height=\"1024\" src=\"https:\/\/www.confederaciondelcobre.cl\/wp-content\/uploads\/2023\/08\/35CUT-1024x1024.png\" alt=\"\" class=\"wp-image-4014\" srcset=\"https:\/\/www.confederaciondelcobre.cl\/wp-content\/uploads\/2023\/08\/35CUT-1024x1024.png 1024w, https:\/\/www.confederaciondelcobre.cl\/wp-content\/uploads\/2023\/08\/35CUT-300x300.png 300w, https:\/\/www.confederaciondelcobre.cl\/wp-content\/uploads\/2023\/08\/35CUT-150x150.png 150w, https:\/\/www.confederaciondelcobre.cl\/wp-content\/uploads\/2023\/08\/35CUT-768x768.png 768w, https:\/\/www.confederaciondelcobre.cl\/wp-content\/uploads\/2023\/08\/35CUT.png 1080w\" sizes=\"auto, (max-width: 1024px) 100vw, 1024px\" \/><\/figure><\/div>","protected":false},"excerpt":{"rendered":"<p>Fundada en agosto de 1988, y luego de que en septiembre de 1973 la dictadura c\u00edvio-militar de Pinochet disolviera y prohibiera la existencia, organizaci\u00f3n o funcionamiento de la antigua Central &hellip; <\/p>\n","protected":false},"author":2,"featured_media":4011,"comment_status":"closed","ping_status":"closed","sticky":false,"template":"","format":"standard","meta":{"jetpack_post_was_ever_published":false,"_jetpack_newsletter_access":"","_jetpack_dont_email_post_to_subs":false,"_jetpack_newsletter_tier_id":0,"_jetpack_memberships_contains_paywalled_content":false,"_jetpack_memberships_contains_paid_content":false,"footnotes":"","jetpack_publicize_message":"","jetpack_publicize_feature_enabled":false,"jetpack_social_post_already_shared":true,"jetpack_social_options":{"image_generator_settings":{"template":"highway","default_image_id":0,"enabled":false},"version":2}},"categories":[9,27,15,19],"tags":[],"class_list":["post-4002","post","type-post","status-publish","format-standard","has-post-thumbnail","hentry","category-confederacion","category-cut","category-nacional","category-trabajadores"],"jetpack_publicize_connections":[],"jetpack_featured_media_url":"https:\/\/www.confederaciondelcobre.cl\/wp-content\/uploads\/2023\/08\/Port-6.jpg","jetpack_sharing_enabled":true,"post_mailing_queue_ids":[],"_links":{"self":[{"href":"https:\/\/www.confederaciondelcobre.cl\/index.php\/wp-json\/wp\/v2\/posts\/4002","targetHints":{"allow":["GET"]}}],"collection":[{"href":"https:\/\/www.confederaciondelcobre.cl\/index.php\/wp-json\/wp\/v2\/posts"}],"about":[{"href":"https:\/\/www.confederaciondelcobre.cl\/index.php\/wp-json\/wp\/v2\/types\/post"}],"author":[{"embeddable":true,"href":"https:\/\/www.confederaciondelcobre.cl\/index.php\/wp-json\/wp\/v2\/users\/2"}],"replies":[{"embeddable":true,"href":"https:\/\/www.confederaciondelcobre.cl\/index.php\/wp-json\/wp\/v2\/comments?post=4002"}],"version-history":[{"count":3,"href":"https:\/\/www.confederaciondelcobre.cl\/index.php\/wp-json\/wp\/v2\/posts\/4002\/revisions"}],"predecessor-version":[{"id":4015,"href":"https:\/\/www.confederaciondelcobre.cl\/index.php\/wp-json\/wp\/v2\/posts\/4002\/revisions\/4015"}],"wp:featuredmedia":[{"embeddable":true,"href":"https:\/\/www.confederaciondelcobre.cl\/index.php\/wp-json\/wp\/v2\/media\/4011"}],"wp:attachment":[{"href":"https:\/\/www.confederaciondelcobre.cl\/index.php\/wp-json\/wp\/v2\/media?parent=4002"}],"wp:term":[{"taxonomy":"category","embeddable":true,"href":"https:\/\/www.confederaciondelcobre.cl\/index.php\/wp-json\/wp\/v2\/categories?post=4002"},{"taxonomy":"post_tag","embeddable":true,"href":"https:\/\/www.confederaciondelcobre.cl\/index.php\/wp-json\/wp\/v2\/tags?post=4002"}],"curies":[{"name":"wp","href":"https:\/\/api.w.org\/{rel}","templated":true}]}}