{"id":4006,"date":"2023-08-22T15:28:34","date_gmt":"2023-08-22T19:28:34","guid":{"rendered":"https:\/\/www.confederaciondelcobre.cl\/?p=4006"},"modified":"2023-08-22T15:28:38","modified_gmt":"2023-08-22T19:28:38","slug":"ctc-recibio-y-se-reunio-con-secretario-general-de-comisiones-obreras-de-castilla-y-leon-espana","status":"publish","type":"post","link":"https:\/\/www.confederaciondelcobre.cl\/index.php\/2023\/08\/22\/ctc-recibio-y-se-reunio-con-secretario-general-de-comisiones-obreras-de-castilla-y-leon-espana\/","title":{"rendered":"CTC recibi\u00f3 y se reuni\u00f3 con Secretario General de Comisiones Obreras de Castilla y Le\u00f3n &#8211; Espa\u00f1a."},"content":{"rendered":"\n<p>La jornada, que se desarroll\u00f3 en la sede de la CTC en la ciudad de Rancagua, tuvo el prop\u00f3sito de intercambiar experiencias a la vez que estrechar lazos entre ambas organizaciones.<\/p>\n\n\n\n<hr class=\"wp-block-separator has-alpha-channel-opacity\"\/>\n\n\n\n<p>El viernes 18 de agosto, miembros del Ejecutivo y Directorio Nacional de la CTC, encabezados por su Presidenta, Ana Lamas Aguirre, en conjunto con dirigentes de la Federaci\u00f3n de Trabajadores Territorial del Cobre (Fetratec, que es federaci\u00f3n de la CTC en la regi\u00f3n de O&#8217;Higgins) y de sus sindicatos afiliados, se llev\u00f3 a cabo un encuentro con Vicente Andr\u00e9s, Secretario General de Comisiones Obreras (CCOO) de Castilla y Le\u00f3n (Espa\u00f1a).<\/p>\n\n\n<div class=\"wp-block-image\">\n<figure class=\"aligncenter size-large\"><img loading=\"lazy\" decoding=\"async\" width=\"1024\" height=\"576\" src=\"https:\/\/www.confederaciondelcobre.cl\/wp-content\/uploads\/2023\/08\/25e65ee8-f6bc-4b9b-bcc0-2e038efb306a-1024x576.jpeg\" alt=\"\" class=\"wp-image-4017\" srcset=\"https:\/\/www.confederaciondelcobre.cl\/wp-content\/uploads\/2023\/08\/25e65ee8-f6bc-4b9b-bcc0-2e038efb306a-1024x576.jpeg 1024w, https:\/\/www.confederaciondelcobre.cl\/wp-content\/uploads\/2023\/08\/25e65ee8-f6bc-4b9b-bcc0-2e038efb306a-300x169.jpeg 300w, https:\/\/www.confederaciondelcobre.cl\/wp-content\/uploads\/2023\/08\/25e65ee8-f6bc-4b9b-bcc0-2e038efb306a-768x432.jpeg 768w, https:\/\/www.confederaciondelcobre.cl\/wp-content\/uploads\/2023\/08\/25e65ee8-f6bc-4b9b-bcc0-2e038efb306a-1536x864.jpeg 1536w, https:\/\/www.confederaciondelcobre.cl\/wp-content\/uploads\/2023\/08\/25e65ee8-f6bc-4b9b-bcc0-2e038efb306a.jpeg 1600w\" sizes=\"auto, (max-width: 1024px) 100vw, 1024px\" \/><\/figure><\/div>\n\n\n<p>La jornada, que se desarroll\u00f3 en la sede de la CTC en la ciudad de Rancagua, tuvo el prop\u00f3sito de estrechar lazos entre ambas organizaciones a la vez que compartir experiencias en torno a la defensa, promoci\u00f3n y conquista de derechos para las y los trabajadores y sus familias. Es as\u00ed como, junto con hacer una breve presentaci\u00f3n de su organizaci\u00f3n, el Secretario General de CCOO de Castilla y Le\u00f3n destac\u00f3 que, al igual que la CTC, se reconocen como una agrupaci\u00f3n pol\u00edtico-sindical. Lo anterior, precis\u00f3 Vicente Andr\u00e9s, se refiere a que adem\u00e1s defender los intereses de las y los trabajadores en un contexto propiamente laboral, tambi\u00e9n se proponen incidir en cambios pol\u00edticos que busquen acercar la justicia social a la poblaci\u00f3n en su conjunto.<\/p>\n\n\n\n<p>La visita a nuestro pa\u00eds del Secretario General de CCOO de Castilla y Le\u00f3n, cabe se\u00f1alar, se enmarca en el aniversario N\u00ba 35 de la Central Unitaria de Trabajadores de Chile (CUT), y es en ese contexto que se puso de relieve el hecho de que si bien ambas realidades (de Chile y Espa\u00f1a) son distintas, para las y los trabajadores hay asuntos muy en com\u00fan. Est\u00e1, por ejemplo, la seria amenaza de un grave retroceso en materia de derechos y garant\u00edas sociales. Lo anterior, por ejemplo, marcado por el surgimiento de gobiernos de extrema derecha, tanto en Europa como Am\u00e9rica, que buscan abiertamente eliminar todo vestigio de conquistas laborales. Es en ese sentido, entonces, y en en la din\u00e1mica de compartir experiencias y puntos de vista, las y los dirigentes concluyeron que solo el fortalecimiento de la conciencia de clase, en torno a la organizaci\u00f3n sindical, robustecer\u00e1 la posici\u00f3n de las y los trabajadores frente a las mencionadas amenazas.<\/p>\n\n\n\n<p>Finalmente, y luego de ser esta la segunda oportunidad en que ambas organizaciones sostienen encuentros (primero en Espa\u00f1a y hoy en Chile), tanto el Secretario General de CCOO de Castilla y Le\u00f3n, Vicente Andr\u00e9s; y la Presidenta de la CTC, Ana Lamas Aguirre, reafirmaron la amistad y vinculo que ambos dirigentes esperan seguir fortaleciendo entre ambas organizaciones.<\/p>\n\n\n\n<figure class=\"wp-block-gallery has-nested-images columns-default is-cropped wp-block-gallery-1 is-layout-flex wp-block-gallery-is-layout-flex\">\n<figure class=\"wp-block-image size-large\"><img loading=\"lazy\" decoding=\"async\" width=\"1024\" height=\"576\" data-id=\"4019\" src=\"https:\/\/www.confederaciondelcobre.cl\/wp-content\/uploads\/2023\/08\/a86129cd-865d-4746-86e5-892519637534-1024x576.jpeg\" alt=\"\" class=\"wp-image-4019\" srcset=\"https:\/\/www.confederaciondelcobre.cl\/wp-content\/uploads\/2023\/08\/a86129cd-865d-4746-86e5-892519637534-1024x576.jpeg 1024w, https:\/\/www.confederaciondelcobre.cl\/wp-content\/uploads\/2023\/08\/a86129cd-865d-4746-86e5-892519637534-300x169.jpeg 300w, https:\/\/www.confederaciondelcobre.cl\/wp-content\/uploads\/2023\/08\/a86129cd-865d-4746-86e5-892519637534-768x432.jpeg 768w, https:\/\/www.confederaciondelcobre.cl\/wp-content\/uploads\/2023\/08\/a86129cd-865d-4746-86e5-892519637534-1536x864.jpeg 1536w, https:\/\/www.confederaciondelcobre.cl\/wp-content\/uploads\/2023\/08\/a86129cd-865d-4746-86e5-892519637534.jpeg 1600w\" sizes=\"auto, (max-width: 1024px) 100vw, 1024px\" \/><\/figure>\n\n\n\n<figure class=\"wp-block-image size-large\"><img loading=\"lazy\" decoding=\"async\" width=\"1024\" height=\"576\" data-id=\"4018\" src=\"https:\/\/www.confederaciondelcobre.cl\/wp-content\/uploads\/2023\/08\/a4d8936b-8e94-4051-ae33-8141a3c46612-1024x576.jpeg\" alt=\"\" class=\"wp-image-4018\" srcset=\"https:\/\/www.confederaciondelcobre.cl\/wp-content\/uploads\/2023\/08\/a4d8936b-8e94-4051-ae33-8141a3c46612-1024x576.jpeg 1024w, https:\/\/www.confederaciondelcobre.cl\/wp-content\/uploads\/2023\/08\/a4d8936b-8e94-4051-ae33-8141a3c46612-300x169.jpeg 300w, https:\/\/www.confederaciondelcobre.cl\/wp-content\/uploads\/2023\/08\/a4d8936b-8e94-4051-ae33-8141a3c46612-768x432.jpeg 768w, https:\/\/www.confederaciondelcobre.cl\/wp-content\/uploads\/2023\/08\/a4d8936b-8e94-4051-ae33-8141a3c46612-1536x864.jpeg 1536w, https:\/\/www.confederaciondelcobre.cl\/wp-content\/uploads\/2023\/08\/a4d8936b-8e94-4051-ae33-8141a3c46612.jpeg 1600w\" sizes=\"auto, (max-width: 1024px) 100vw, 1024px\" \/><\/figure>\n<\/figure>\n","protected":false},"excerpt":{"rendered":"<p>La jornada, que se desarroll\u00f3 en la sede de la CTC en la ciudad de Rancagua, tuvo el prop\u00f3sito de intercambiar experiencias a la vez que estrechar lazos entre ambas &hellip; <\/p>\n","protected":false},"author":2,"featured_media":4016,"comment_status":"closed","ping_status":"closed","sticky":false,"template":"","format":"standard","meta":{"jetpack_post_was_ever_published":false,"_jetpack_newsletter_access":"","_jetpack_dont_email_post_to_subs":false,"_jetpack_newsletter_tier_id":0,"_jetpack_memberships_contains_paywalled_content":false,"_jetpack_memberships_contains_paid_content":false,"footnotes":"","jetpack_publicize_message":"","jetpack_publicize_feature_enabled":false,"jetpack_social_post_already_shared":false,"jetpack_social_options":{"image_generator_settings":{"template":"highway","default_image_id":0,"enabled":false},"version":2}},"categories":[9,21,13,19],"tags":[],"class_list":["post-4006","post","type-post","status-publish","format-standard","has-post-thumbnail","hentry","category-confederacion","category-federaciones","category-internacional","category-trabajadores"],"jetpack_publicize_connections":[],"jetpack_featured_media_url":"https:\/\/www.confederaciondelcobre.cl\/wp-content\/uploads\/2023\/08\/Port-7.jpg","jetpack_sharing_enabled":true,"post_mailing_queue_ids":[],"_links":{"self":[{"href":"https:\/\/www.confederaciondelcobre.cl\/index.php\/wp-json\/wp\/v2\/posts\/4006","targetHints":{"allow":["GET"]}}],"collection":[{"href":"https:\/\/www.confederaciondelcobre.cl\/index.php\/wp-json\/wp\/v2\/posts"}],"about":[{"href":"https:\/\/www.confederaciondelcobre.cl\/index.php\/wp-json\/wp\/v2\/types\/post"}],"author":[{"embeddable":true,"href":"https:\/\/www.confederaciondelcobre.cl\/index.php\/wp-json\/wp\/v2\/users\/2"}],"replies":[{"embeddable":true,"href":"https:\/\/www.confederaciondelcobre.cl\/index.php\/wp-json\/wp\/v2\/comments?post=4006"}],"version-history":[{"count":6,"href":"https:\/\/www.confederaciondelcobre.cl\/index.php\/wp-json\/wp\/v2\/posts\/4006\/revisions"}],"predecessor-version":[{"id":4026,"href":"https:\/\/www.confederaciondelcobre.cl\/index.php\/wp-json\/wp\/v2\/posts\/4006\/revisions\/4026"}],"wp:featuredmedia":[{"embeddable":true,"href":"https:\/\/www.confederaciondelcobre.cl\/index.php\/wp-json\/wp\/v2\/media\/4016"}],"wp:attachment":[{"href":"https:\/\/www.confederaciondelcobre.cl\/index.php\/wp-json\/wp\/v2\/media?parent=4006"}],"wp:term":[{"taxonomy":"category","embeddable":true,"href":"https:\/\/www.confederaciondelcobre.cl\/index.php\/wp-json\/wp\/v2\/categories?post=4006"},{"taxonomy":"post_tag","embeddable":true,"href":"https:\/\/www.confederaciondelcobre.cl\/index.php\/wp-json\/wp\/v2\/tags?post=4006"}],"curies":[{"name":"wp","href":"https:\/\/api.w.org\/{rel}","templated":true}]}}