{"id":4021,"date":"2023-08-22T11:10:36","date_gmt":"2023-08-22T15:10:36","guid":{"rendered":"https:\/\/www.confederaciondelcobre.cl\/?p=4021"},"modified":"2023-08-22T11:10:40","modified_gmt":"2023-08-22T15:10:40","slug":"condolencias-por-fallecimiento-de-jose-figueroa-historico-dirigente-de-las-y-los-trabajadores","status":"publish","type":"post","link":"https:\/\/www.confederaciondelcobre.cl\/index.php\/2023\/08\/22\/condolencias-por-fallecimiento-de-jose-figueroa-historico-dirigente-de-las-y-los-trabajadores\/","title":{"rendered":"Condolencias por fallecimiento de Jos\u00e9 Figueroa, hist\u00f3rico dirigente de las y los trabajadores."},"content":{"rendered":"\n<p class=\"has-text-align-center\"><strong>Condolencias<\/strong><\/p>\n\n\n\n<p>Hist\u00f3rico dirigente social y sindical, ex regidor, concejal y alcalde de San Fernando.<\/p>\n\n\n\n<p><strong>Jos\u00e9 Figueroa Jorquera<\/strong> puso todos sus esfuerzos en la rearticulaci\u00f3n del movimiento sindical durante la dictadura c\u00edvico-militar, y vi\u00f3 resurgir a la actual Central Unitaria de Trabajadores (CUT), continuadora de la antigua Central \u00danica de Trabajadores que hab\u00eda sido disuelta por la dictadura de Pinochet.<\/p>\n\n\n\n<p>La Confederaci\u00f3n de Trabajadores del Cobre (CTC) env\u00eda sus m\u00e1s sentidas condolencias a la familia, amigas, amigos, compa\u00f1eras y compa\u00f1eros de <strong>Jos\u00e9 Figueroa Jorquera<\/strong>. Especialmente a su hija, B\u00e1rbara Figueroa Sandoval, expresidenta de la CUT y actual embajadora de Chile en la hermana rep\u00fablica de Argentina.<\/p>\n\n\n\n<p class=\"has-text-align-center\">\u00a1Honor y gloria, compa\u00f1ero Jos\u00e9 Figueroa!<\/p>\n\n\n\n<p class=\"has-text-align-right\">Chile, 22 de agosto de 2023.<\/p>\n\n\n<div class=\"wp-block-image\">\n<figure class=\"aligncenter size-large\"><img loading=\"lazy\" decoding=\"async\" width=\"1024\" height=\"1024\" src=\"https:\/\/www.confederaciondelcobre.cl\/wp-content\/uploads\/2023\/08\/Condolencias-Jose-Figueroa-Jorquera-22.08.2023-1024x1024.png\" alt=\"\" class=\"wp-image-4023\" srcset=\"https:\/\/www.confederaciondelcobre.cl\/wp-content\/uploads\/2023\/08\/Condolencias-Jose-Figueroa-Jorquera-22.08.2023-1024x1024.png 1024w, https:\/\/www.confederaciondelcobre.cl\/wp-content\/uploads\/2023\/08\/Condolencias-Jose-Figueroa-Jorquera-22.08.2023-300x300.png 300w, https:\/\/www.confederaciondelcobre.cl\/wp-content\/uploads\/2023\/08\/Condolencias-Jose-Figueroa-Jorquera-22.08.2023-150x150.png 150w, https:\/\/www.confederaciondelcobre.cl\/wp-content\/uploads\/2023\/08\/Condolencias-Jose-Figueroa-Jorquera-22.08.2023-768x768.png 768w, https:\/\/www.confederaciondelcobre.cl\/wp-content\/uploads\/2023\/08\/Condolencias-Jose-Figueroa-Jorquera-22.08.2023.png 1080w\" sizes=\"auto, (max-width: 1024px) 100vw, 1024px\" \/><\/figure><\/div>","protected":false},"excerpt":{"rendered":"<p>Condolencias Hist\u00f3rico dirigente social y sindical, ex regidor, concejal y alcalde de San Fernando. Jos\u00e9 Figueroa Jorquera puso todos sus esfuerzos en la rearticulaci\u00f3n del movimiento sindical durante la dictadura &hellip; <\/p>\n","protected":false},"author":2,"featured_media":4022,"comment_status":"closed","ping_status":"closed","sticky":false,"template":"","format":"standard","meta":{"jetpack_post_was_ever_published":false,"_jetpack_newsletter_access":"","_jetpack_dont_email_post_to_subs":false,"_jetpack_newsletter_tier_id":0,"_jetpack_memberships_contains_paywalled_content":false,"_jetpack_memberships_contains_paid_content":false,"footnotes":"","jetpack_publicize_message":"","jetpack_publicize_feature_enabled":false,"jetpack_social_post_already_shared":true,"jetpack_social_options":{"image_generator_settings":{"template":"highway","default_image_id":0,"enabled":false},"version":2}},"categories":[9,27,15,19],"tags":[],"class_list":["post-4021","post","type-post","status-publish","format-standard","has-post-thumbnail","hentry","category-confederacion","category-cut","category-nacional","category-trabajadores"],"jetpack_publicize_connections":[],"jetpack_featured_media_url":"https:\/\/www.confederaciondelcobre.cl\/wp-content\/uploads\/2023\/08\/PortCond.jpg","jetpack_sharing_enabled":true,"post_mailing_queue_ids":[],"_links":{"self":[{"href":"https:\/\/www.confederaciondelcobre.cl\/index.php\/wp-json\/wp\/v2\/posts\/4021","targetHints":{"allow":["GET"]}}],"collection":[{"href":"https:\/\/www.confederaciondelcobre.cl\/index.php\/wp-json\/wp\/v2\/posts"}],"about":[{"href":"https:\/\/www.confederaciondelcobre.cl\/index.php\/wp-json\/wp\/v2\/types\/post"}],"author":[{"embeddable":true,"href":"https:\/\/www.confederaciondelcobre.cl\/index.php\/wp-json\/wp\/v2\/users\/2"}],"replies":[{"embeddable":true,"href":"https:\/\/www.confederaciondelcobre.cl\/index.php\/wp-json\/wp\/v2\/comments?post=4021"}],"version-history":[{"count":2,"href":"https:\/\/www.confederaciondelcobre.cl\/index.php\/wp-json\/wp\/v2\/posts\/4021\/revisions"}],"predecessor-version":[{"id":4025,"href":"https:\/\/www.confederaciondelcobre.cl\/index.php\/wp-json\/wp\/v2\/posts\/4021\/revisions\/4025"}],"wp:featuredmedia":[{"embeddable":true,"href":"https:\/\/www.confederaciondelcobre.cl\/index.php\/wp-json\/wp\/v2\/media\/4022"}],"wp:attachment":[{"href":"https:\/\/www.confederaciondelcobre.cl\/index.php\/wp-json\/wp\/v2\/media?parent=4021"}],"wp:term":[{"taxonomy":"category","embeddable":true,"href":"https:\/\/www.confederaciondelcobre.cl\/index.php\/wp-json\/wp\/v2\/categories?post=4021"},{"taxonomy":"post_tag","embeddable":true,"href":"https:\/\/www.confederaciondelcobre.cl\/index.php\/wp-json\/wp\/v2\/tags?post=4021"}],"curies":[{"name":"wp","href":"https:\/\/api.w.org\/{rel}","templated":true}]}}