{"id":4029,"date":"2023-08-22T17:54:04","date_gmt":"2023-08-22T21:54:04","guid":{"rendered":"https:\/\/www.confederaciondelcobre.cl\/?p=4029"},"modified":"2023-08-22T17:54:07","modified_gmt":"2023-08-22T21:54:07","slug":"mantoverde-sindicato-resiter-se-afilia-a-federacion-de-la-ctc","status":"publish","type":"post","link":"https:\/\/www.confederaciondelcobre.cl\/index.php\/2023\/08\/22\/mantoverde-sindicato-resiter-se-afilia-a-federacion-de-la-ctc\/","title":{"rendered":"MantoVerde: sindicato Resiter se afilia a federaci\u00f3n de la CTC."},"content":{"rendered":"\n<p>Constituido el 05 de abril del presente, el sindicato que agrupa a trabajadores que se desempe\u00f1an principalmente en aseo industrial, recolecci\u00f3n de residuos y mantenci\u00f3n de sanitarios en la faena MantoVerde operada por Capstone Copper, el viernes 18 de agosto resolvi\u00f3 afiliarse a la Federaci\u00f3n de Trabajadores Contratistas Divisi\u00f3n MantoVerde (FESAMAV), que es federaci\u00f3n de la CTC en la regi\u00f3n Atacama.<\/p>\n\n\n\n<hr class=\"wp-block-separator has-alpha-channel-opacity\"\/>\n\n\n\n<p>Con un 100% de aprobaci\u00f3n por parte de los trabajadores asociados, el viernes 18 de abril el Sindicato Resiter resolvi\u00f3 afiliarse a la Federaci\u00f3n de Trabajadores Contratistas Divisi\u00f3n MantoVerde (FESAMAV), que es federaci\u00f3n de la Confederaci\u00f3n de Trabajadores del Cobre (CTC) en la regi\u00f3n de Atacama. La decisi\u00f3n, adoptada por el sindicato que agrupa a trabajadores que se desempe\u00f1an principalmente en aseo industrial, recolecci\u00f3n de residuos y mantenci\u00f3n de sanitarios en la faena MantoVerde, que es operada por Capstone Copper, obedece principalmente a la idea de fortalecer la organizaci\u00f3n, a la vez que tambi\u00e9n avanzar en mejores condiciones laborales y salariales para sus socios. As\u00ed lo afirm\u00f3 <strong>Pedro Pueyes Pallero, Presidente del Sindicato Resiter<\/strong>, al indicar que entre los objetivos del sindicato se encuentra &#8220;nivelar las oportunidades de crecer del personal auxiliar, como tambi\u00e9n mejorar el sustento de todos los trabajadores del contrato&#8221;. En cuanto a la afiliaci\u00f3n a la FESAMAV, y por extensi\u00f3n a la CTC, el Presidente del sindicato se\u00f1al\u00f3 que dicho paso se fundamenta en la b\u00fasqueda de &#8220;crecer de manera solida en cuanto a conocimiento, para poder dar a nuestros socios una verdadera red de apoyo cuando lo necesiten y, de igual forma, tambi\u00e9n ser un aporte para la CTC&#8221;. Lo anterior, afirm\u00f3 Pedro Pueyes, &#8220;para hacer valorar nuestros derechos&#8221;.<\/p>\n\n\n\n<p>En tanto, <strong>Stephanie Gonz\u00e1les Ch\u00e1vez, Presidenta de la  FESAMAV y Secretaria General de la CTC<\/strong>, junto con saludar el importante paso dado por los socios del Sindicato Resiter, se\u00f1al\u00f3 que &#8220;como federaci\u00f3n y la propia CTC estamos contentos y muy honrados por la confianza depositada&#8221;, agregando que &#8220;nuestra organizaci\u00f3n los acompa\u00f1ar\u00e1 en su andar sindical&#8221;. Para finalizar, la Secretaria General de la CTC reiter\u00f3 su saludo y &#8220;bienvenida a los socios del Sindicato Resiter, sindicato que a partir del 18 de agosto ya es parte de la Federaci\u00f3n de Trabajadores Contratistas Divisi\u00f3n MantoVerde y de la propia Confederaci\u00f3n de Trabajadores del Cobre&#8221;.<\/p>\n\n\n\n<figure class=\"wp-block-image size-large\"><img loading=\"lazy\" decoding=\"async\" width=\"1024\" height=\"768\" src=\"https:\/\/www.confederaciondelcobre.cl\/wp-content\/uploads\/2023\/08\/9a0e690f-17bd-4c4a-b442-9ac23cbc918f-1024x768.jpeg\" alt=\"\" class=\"wp-image-4033\" srcset=\"https:\/\/www.confederaciondelcobre.cl\/wp-content\/uploads\/2023\/08\/9a0e690f-17bd-4c4a-b442-9ac23cbc918f-1024x768.jpeg 1024w, https:\/\/www.confederaciondelcobre.cl\/wp-content\/uploads\/2023\/08\/9a0e690f-17bd-4c4a-b442-9ac23cbc918f-300x225.jpeg 300w, https:\/\/www.confederaciondelcobre.cl\/wp-content\/uploads\/2023\/08\/9a0e690f-17bd-4c4a-b442-9ac23cbc918f-768x576.jpeg 768w, https:\/\/www.confederaciondelcobre.cl\/wp-content\/uploads\/2023\/08\/9a0e690f-17bd-4c4a-b442-9ac23cbc918f.jpeg 1280w\" sizes=\"auto, (max-width: 1024px) 100vw, 1024px\" \/><\/figure>\n\n\n\n<p><\/p>\n","protected":false},"excerpt":{"rendered":"<p>Constituido el 05 de abril del presente, el sindicato que agrupa a trabajadores que se desempe\u00f1an principalmente en aseo industrial, recolecci\u00f3n de residuos y mantenci\u00f3n de sanitarios en la faena &hellip; <\/p>\n","protected":false},"author":2,"featured_media":4031,"comment_status":"closed","ping_status":"closed","sticky":false,"template":"","format":"standard","meta":{"jetpack_post_was_ever_published":false,"_jetpack_newsletter_access":"","_jetpack_dont_email_post_to_subs":false,"_jetpack_newsletter_tier_id":0,"_jetpack_memberships_contains_paywalled_content":false,"_jetpack_memberships_contains_paid_content":false,"footnotes":"","jetpack_publicize_message":"","jetpack_publicize_feature_enabled":false,"jetpack_social_post_already_shared":false,"jetpack_social_options":{"image_generator_settings":{"template":"highway","default_image_id":0,"enabled":false},"version":2}},"categories":[9,21,25,17,19],"tags":[],"class_list":["post-4029","post","type-post","status-publish","format-standard","has-post-thumbnail","hentry","category-confederacion","category-federaciones","category-fesamav","category-regiones","category-trabajadores"],"jetpack_publicize_connections":[],"jetpack_featured_media_url":"https:\/\/www.confederaciondelcobre.cl\/wp-content\/uploads\/2023\/08\/Port-8.jpg","jetpack_sharing_enabled":true,"post_mailing_queue_ids":[],"_links":{"self":[{"href":"https:\/\/www.confederaciondelcobre.cl\/index.php\/wp-json\/wp\/v2\/posts\/4029","targetHints":{"allow":["GET"]}}],"collection":[{"href":"https:\/\/www.confederaciondelcobre.cl\/index.php\/wp-json\/wp\/v2\/posts"}],"about":[{"href":"https:\/\/www.confederaciondelcobre.cl\/index.php\/wp-json\/wp\/v2\/types\/post"}],"author":[{"embeddable":true,"href":"https:\/\/www.confederaciondelcobre.cl\/index.php\/wp-json\/wp\/v2\/users\/2"}],"replies":[{"embeddable":true,"href":"https:\/\/www.confederaciondelcobre.cl\/index.php\/wp-json\/wp\/v2\/comments?post=4029"}],"version-history":[{"count":4,"href":"https:\/\/www.confederaciondelcobre.cl\/index.php\/wp-json\/wp\/v2\/posts\/4029\/revisions"}],"predecessor-version":[{"id":4035,"href":"https:\/\/www.confederaciondelcobre.cl\/index.php\/wp-json\/wp\/v2\/posts\/4029\/revisions\/4035"}],"wp:featuredmedia":[{"embeddable":true,"href":"https:\/\/www.confederaciondelcobre.cl\/index.php\/wp-json\/wp\/v2\/media\/4031"}],"wp:attachment":[{"href":"https:\/\/www.confederaciondelcobre.cl\/index.php\/wp-json\/wp\/v2\/media?parent=4029"}],"wp:term":[{"taxonomy":"category","embeddable":true,"href":"https:\/\/www.confederaciondelcobre.cl\/index.php\/wp-json\/wp\/v2\/categories?post=4029"},{"taxonomy":"post_tag","embeddable":true,"href":"https:\/\/www.confederaciondelcobre.cl\/index.php\/wp-json\/wp\/v2\/tags?post=4029"}],"curies":[{"name":"wp","href":"https:\/\/api.w.org\/{rel}","templated":true}]}}