{"id":4043,"date":"2023-08-25T17:54:50","date_gmt":"2023-08-25T21:54:50","guid":{"rendered":"https:\/\/www.confederaciondelcobre.cl\/?p=4043"},"modified":"2023-08-25T17:54:53","modified_gmt":"2023-08-25T21:54:53","slug":"35-anos-de-la-cut-unidos-para-avanzar-hacia-un-chile-mas-justo-y-solidario","status":"publish","type":"post","link":"https:\/\/www.confederaciondelcobre.cl\/index.php\/2023\/08\/25\/35-anos-de-la-cut-unidos-para-avanzar-hacia-un-chile-mas-justo-y-solidario\/","title":{"rendered":"35 a\u00f1os de la CUT: unidos para avanzar hacia un Chile m\u00e1s justo y solidario."},"content":{"rendered":"\n<p>Con la presencia de dirigentas y dirigentes de todo el pa\u00eds, entre ellos de la Confederaci\u00f3n de Trabajadores del Cobre (CTC), representada por <strong>Ana Lamas Aguirre, Presidenta; Jedry Velis Palma, Tesorero; y Patricio Roco Bucarey, Encargado de Organizaci\u00f3n<\/strong>, el martes 22 de agosto se realiz\u00f3 el acto central que celebr\u00f3 el aniversario N\u00ba35 de la Central Unitaria de Trabajadores (CUT) de Chile.<\/p>\n\n\n\n<p>El acto, desarrollado en la sede de la CUT en Santiago, al que adem\u00e1s asistieron invitadas e invitados especiales venidos desde distintas latitudes del mundo, como Argentina, Uruguay, Paraguay, Brasil, Espa\u00f1a, Italia y Turqu\u00eda, cont\u00f3 tambi\u00e9n con la concurrencia de diversas autoridades de gobierno y representantes de partidos pol\u00edticos de nuestro pa\u00eds, quienes con su presencia dieron realce al hist\u00f3rico rol de la Central en torno a la promoci\u00f3n y defensa de mejores condiciones de vida y trabajo para las y los trabajadores de nuestro pa\u00eds y sus familias, como tambi\u00e9n en la recuperaci\u00f3n y defensa de la democracia.<\/p>\n\n\n\n<figure class=\"wp-block-gallery has-nested-images columns-default is-cropped wp-block-gallery-1 is-layout-flex wp-block-gallery-is-layout-flex\">\n<figure class=\"wp-block-image size-large\"><img loading=\"lazy\" decoding=\"async\" width=\"800\" height=\"452\" data-id=\"4052\" src=\"https:\/\/www.confederaciondelcobre.cl\/wp-content\/uploads\/2023\/08\/IMG_0417.jpg\" alt=\"\" class=\"wp-image-4052\" srcset=\"https:\/\/www.confederaciondelcobre.cl\/wp-content\/uploads\/2023\/08\/IMG_0417.jpg 800w, https:\/\/www.confederaciondelcobre.cl\/wp-content\/uploads\/2023\/08\/IMG_0417-300x170.jpg 300w, https:\/\/www.confederaciondelcobre.cl\/wp-content\/uploads\/2023\/08\/IMG_0417-768x434.jpg 768w\" sizes=\"auto, (max-width: 800px) 100vw, 800px\" \/><\/figure>\n\n\n\n<figure class=\"wp-block-image size-large\"><img loading=\"lazy\" decoding=\"async\" width=\"800\" height=\"452\" data-id=\"4051\" src=\"https:\/\/www.confederaciondelcobre.cl\/wp-content\/uploads\/2023\/08\/IMG_0416.jpg\" alt=\"\" class=\"wp-image-4051\" srcset=\"https:\/\/www.confederaciondelcobre.cl\/wp-content\/uploads\/2023\/08\/IMG_0416.jpg 800w, https:\/\/www.confederaciondelcobre.cl\/wp-content\/uploads\/2023\/08\/IMG_0416-300x170.jpg 300w, https:\/\/www.confederaciondelcobre.cl\/wp-content\/uploads\/2023\/08\/IMG_0416-768x434.jpg 768w\" sizes=\"auto, (max-width: 800px) 100vw, 800px\" \/><\/figure>\n<\/figure>\n\n\n\n<p class=\"has-medium-font-size\"><strong>Unidos para avanzar hacia un Chile m\u00e1s justo y solidario.<\/strong><\/p>\n\n\n\n<p>&#8220;Al sindicalismo nada le ha sido regalado, todo ha nacido de nuestras convicciones, nuestros sue\u00f1os, nuestras batallas y luchas, que son el camino que hemos construido a lo largo de nuestra experiencia&#8221;, fueron algunas de las palabras que el <strong>Presidente de la CUT, David Acu\u00f1a Millahueique<\/strong>, ofreci\u00f3 en su discurso central donde tambi\u00e9n enfatiz\u00f3, a prop\u00f3sito del avance y cumplimiento del programa de Gobierno, que &#8220;la clase trabajadora va a seguir luchando&#8221;, agregando que &#8220;no olvide a la fuerza de la clase trabajadora, que no olvide que se comprometi\u00f3 con cambios sociales y estructurales&#8221;, indicando adem\u00e1s que &#8220;es nuestro deber estar aqu\u00ed, incidiendo, participando e incomodando, para recordarle para quien tiene que gobernar&#8221;.<\/p>\n\n\n\n<figure class=\"wp-block-image size-full\"><img loading=\"lazy\" decoding=\"async\" width=\"800\" height=\"452\" src=\"https:\/\/www.confederaciondelcobre.cl\/wp-content\/uploads\/2023\/08\/IMG_0447.jpg\" alt=\"\" class=\"wp-image-4053\" srcset=\"https:\/\/www.confederaciondelcobre.cl\/wp-content\/uploads\/2023\/08\/IMG_0447.jpg 800w, https:\/\/www.confederaciondelcobre.cl\/wp-content\/uploads\/2023\/08\/IMG_0447-300x170.jpg 300w, https:\/\/www.confederaciondelcobre.cl\/wp-content\/uploads\/2023\/08\/IMG_0447-768x434.jpg 768w\" sizes=\"auto, (max-width: 800px) 100vw, 800px\" \/><figcaption class=\"wp-element-caption\">David Acu\u00f1a Millahueique, Presidente de la CUT.<\/figcaption><\/figure>\n\n\n\n<p>La jornada, cabe destacar, estuvo marcada por mensajes y reconocimientos ante el lamentable fallecimiento el d\u00eda anterior (lunes 21 de agosto) de <a rel=\"noreferrer noopener\" href=\"https:\/\/www.confederaciondelcobre.cl\/index.php\/2023\/08\/22\/condolencias-por-fallecimiento-de-jose-figueroa-historico-dirigente-de-las-y-los-trabajadores\/\" target=\"_blank\">Jos\u00e9 Figueroa Jorquera<\/a>, hist\u00f3rico dirigente social y sindical, ex regidor, concejal y alcalde de San Fernando, quien en su incansable lucha puso todos sus esfuerzos en la rearticulaci\u00f3n del movimiento sindical durante la dictadura civil-militar, y vi\u00f3 resurgir a la actual Central Unitaria de Trabajadores (CUT), que es continuadora de la antigua Central \u00danica de Trabajadores que hab\u00eda sido disuelta por la dictadura de Pinochet.<\/p>\n\n\n\n<figure class=\"wp-block-image size-full\"><img loading=\"lazy\" decoding=\"async\" width=\"800\" height=\"452\" src=\"https:\/\/www.confederaciondelcobre.cl\/wp-content\/uploads\/2023\/08\/IMG_0419.jpg\" alt=\"\" class=\"wp-image-4054\" srcset=\"https:\/\/www.confederaciondelcobre.cl\/wp-content\/uploads\/2023\/08\/IMG_0419.jpg 800w, https:\/\/www.confederaciondelcobre.cl\/wp-content\/uploads\/2023\/08\/IMG_0419-300x170.jpg 300w, https:\/\/www.confederaciondelcobre.cl\/wp-content\/uploads\/2023\/08\/IMG_0419-768x434.jpg 768w\" sizes=\"auto, (max-width: 800px) 100vw, 800px\" \/><figcaption class=\"wp-element-caption\">Ana Lamas Aguirre y Patricio Roco Bucarey, Presidenta y Encargado de Organizaci\u00f3n de la CTC.<\/figcaption><\/figure>\n\n\n\n<p class=\"has-medium-font-size\"><strong>Actividades<\/strong><\/p>\n\n\n\n<p><strong>Lunes 21 de agosto, CUT lanza sello conmemorativo a los 70 a\u00f1os de su fundaci\u00f3n<\/strong> | Emitido por Correos de Chile, el sello conmemora el rol que las y los trabajadores organizados han tenido durante estos 70 a\u00f1os. As\u00ed lo destac\u00f3 Gloria Maldonado, Presidenta del Directorio de Correos de Chile en la ceremonia llevada a cabo en la sede nacional de la CUT, al se\u00f1alar que &#8220;la emisi\u00f3n postal es una forma hermosa y tangible de preservar momentos hist\u00f3ricos y compartirlos con el mundo&#8221;, agregando que &#8220;adem\u00e1s de ser una expresi\u00f3n art\u00edstica y creativa, los sellos postales tambi\u00e9n tienen un valor educativo y cultural, ya que permiten transmitir informaci\u00f3n sobre la historia, los logros y los valores de la entidad que se est\u00e1 conmemorando&#8221;.<\/p>\n\n\n\n<p>\u201cCon este testimonio gr\u00e1fico ponemos en valor nuestra memoria. Una historia que comienza hace 70 a\u00f1os, con un conjunto de trabajadores que, desde la necesidad, se unieron para enfrentar una lucha social, enfrentando as\u00ed las vulneraciones laborales y la desigualdad social\u201d,  apunt\u00f3 David Acu\u00f1a, Presidente de la CUT, quien se\u00f1al\u00f3 que este sello &#8220;representa a la clase trabajadora, con historia de gloria y lucha, una clase con tradiciones, valores y expresiones propias&#8221;, recalcando que representa &#8220;la historia del sindicalismo chileno\u201d.<\/p>\n\n\n\n<figure class=\"wp-block-image size-large\"><img loading=\"lazy\" decoding=\"async\" width=\"1024\" height=\"512\" src=\"https:\/\/www.confederaciondelcobre.cl\/wp-content\/uploads\/2023\/08\/Sello-1024x512.jpeg\" alt=\"\" class=\"wp-image-4055\" srcset=\"https:\/\/www.confederaciondelcobre.cl\/wp-content\/uploads\/2023\/08\/Sello-1024x512.jpeg 1024w, https:\/\/www.confederaciondelcobre.cl\/wp-content\/uploads\/2023\/08\/Sello-300x150.jpeg 300w, https:\/\/www.confederaciondelcobre.cl\/wp-content\/uploads\/2023\/08\/Sello-768x384.jpeg 768w, https:\/\/www.confederaciondelcobre.cl\/wp-content\/uploads\/2023\/08\/Sello.jpeg 1140w\" sizes=\"auto, (max-width: 1024px) 100vw, 1024px\" \/><figcaption class=\"wp-element-caption\">fuente: www.cut.cl<\/figcaption><\/figure>\n\n\n\n<p>Si bien el sello ha sido emitido en el marco del aniversario 35 de la Central Unitaria de Trabajadores, este conmemora los 70 a\u00f1os de la Central \u00danica de Trabajadores, que logr\u00f3 agrupar en una sola organizaci\u00f3n a las y los trabajadores del sector p\u00fablico y privado. La Central \u00danica de Trabajadores, cabe recordar, fue proscrita por la dictadura civil y militar de Pinochet en septiembre 1973 y refundada por el movimiento sindical en agosto de 1988, con el nombre de Central Unitaria de Trabajadores.<\/p>\n\n\n\n<p><strong>Mi\u00e9rcoles 23 de agosto, seminario internacional &#8220;Operaci\u00f3n C\u00f3ndor: el vuelo maldito sobre Sudam\u00e9rica&#8221;<\/strong> | Realizado en el sal\u00f3n auditorio del Museo de la Memoria y los Derechos Humanos, abord\u00f3 la Operaci\u00f3n o Plan C\u00f3ndor, que fue una red de represi\u00f3n y terrorismo de Estado integrada por los servicios de seguridad de Argentina, Bolivia, Brasil, Chile, Paraguay y Uruguay en la d\u00e9cada de 1970. Dicha operaci\u00f3n, impulsada y asesorada activamente por la Central de Inteligencia Americana (CIA), tuvo entre sus objetivos la persecuci\u00f3n y aniquilamiento de militantes de izquierda y opositores a los reg\u00edmenes dictatoriales de dichos pa\u00edses. <\/p>\n\n\n\n<figure class=\"wp-block-gallery has-nested-images columns-default is-cropped wp-block-gallery-2 is-layout-flex wp-block-gallery-is-layout-flex\">\n<figure class=\"wp-block-image size-large\"><img loading=\"lazy\" decoding=\"async\" width=\"1024\" height=\"576\" data-id=\"4057\" src=\"https:\/\/www.confederaciondelcobre.cl\/wp-content\/uploads\/2023\/08\/2e612c75-f185-4597-985d-92a318f352b9-1024x576.jpeg\" alt=\"\" class=\"wp-image-4057\" srcset=\"https:\/\/www.confederaciondelcobre.cl\/wp-content\/uploads\/2023\/08\/2e612c75-f185-4597-985d-92a318f352b9-1024x576.jpeg 1024w, https:\/\/www.confederaciondelcobre.cl\/wp-content\/uploads\/2023\/08\/2e612c75-f185-4597-985d-92a318f352b9-300x169.jpeg 300w, https:\/\/www.confederaciondelcobre.cl\/wp-content\/uploads\/2023\/08\/2e612c75-f185-4597-985d-92a318f352b9-768x432.jpeg 768w, https:\/\/www.confederaciondelcobre.cl\/wp-content\/uploads\/2023\/08\/2e612c75-f185-4597-985d-92a318f352b9.jpeg 1280w\" sizes=\"auto, (max-width: 1024px) 100vw, 1024px\" \/><\/figure>\n\n\n\n<figure class=\"wp-block-image size-large\"><img loading=\"lazy\" decoding=\"async\" width=\"1024\" height=\"576\" data-id=\"4056\" src=\"https:\/\/www.confederaciondelcobre.cl\/wp-content\/uploads\/2023\/08\/0af41e87-193b-46d4-973b-f6b5f9d0e031-1024x576.jpeg\" alt=\"\" class=\"wp-image-4056\" srcset=\"https:\/\/www.confederaciondelcobre.cl\/wp-content\/uploads\/2023\/08\/0af41e87-193b-46d4-973b-f6b5f9d0e031-1024x576.jpeg 1024w, https:\/\/www.confederaciondelcobre.cl\/wp-content\/uploads\/2023\/08\/0af41e87-193b-46d4-973b-f6b5f9d0e031-300x169.jpeg 300w, https:\/\/www.confederaciondelcobre.cl\/wp-content\/uploads\/2023\/08\/0af41e87-193b-46d4-973b-f6b5f9d0e031-768x432.jpeg 768w, https:\/\/www.confederaciondelcobre.cl\/wp-content\/uploads\/2023\/08\/0af41e87-193b-46d4-973b-f6b5f9d0e031.jpeg 1280w\" sizes=\"auto, (max-width: 1024px) 100vw, 1024px\" \/><\/figure>\n<\/figure>\n\n\n\n<p>Luego de los saludos de bienvenida, a cargo de Fernanda Garc\u00eda, directora del Museo de la Memoria y los Derechos Humanos; de David Acu\u00f1a Millahueique, Presidente de la CUT; y de Jos\u00e9 P\u00e9rez Debelli, Presidente de la Fundaci\u00f3n Instituto de Estudios Laborales (FIEL), vino la presentaci\u00f3n del libro &#8220;Operaci\u00f3n C\u00f3ndor, 40 a\u00f1os despu\u00e9s&#8221; creado bajo la direcci\u00f3n de Baltazar Garz\u00f3n Real, con Stella Calloni como coordinadora general y M\u00f3nica Gonz\u00e1lez como parte del equipo de expertas y expertos. En la oportunidad, la periodista de investigaci\u00f3n M\u00f3nica Gonz\u00e1lez, ofreci\u00f3, junto con profundas reflexiones en torno al ejercicio de la memoria, una breve descripci\u00f3n del mencionado Plan C\u00f3ndor. El Plan C\u00f3ndor, cabe se\u00f1alar, si bien fue ejecutado por las dictaduras del continente de la \u00e9poca, tuvo un entramado en d\u00f3nde los intereses coloniales o imperiales, sumado a grandes intereses econ\u00f3micos privados, ejerc\u00edan una funci\u00f3n rectora. Es as\u00ed, por ejemplo, que el golpe de Estado en Chile fue motivado para detener el avance y afianzamiento de la clase trabajadora como fuerza gobernante, pero tambi\u00e9n para evitar que el pa\u00eds ejerciera real soberan\u00eda sobre sus recursos naturales y econ\u00f3micos, por ejemplo el cobre. As\u00ed lo describi\u00f3 el Presidente de la CUT en sus palabras de apertura al se\u00f1alar que lo que intent\u00f3 derrotar la dictadura no fue solo el gobierno de la Unidad Popular, sino que a la propia clase trabajadora, por eso, m\u00e1s tarde, se implement\u00f3 el plan laboral de Jos\u00e9 Pi\u00f1era, por ejemplo.<\/p>\n\n\n\n<figure class=\"wp-block-image size-large is-resized\"><img loading=\"lazy\" decoding=\"async\" src=\"https:\/\/www.confederaciondelcobre.cl\/wp-content\/uploads\/2023\/08\/006146d0-fc0e-420f-a46f-32259420544b-1024x576.jpeg\" alt=\"\" class=\"wp-image-4058\" style=\"width:735px;height:413px\" width=\"735\" height=\"413\" srcset=\"https:\/\/www.confederaciondelcobre.cl\/wp-content\/uploads\/2023\/08\/006146d0-fc0e-420f-a46f-32259420544b-1024x576.jpeg 1024w, https:\/\/www.confederaciondelcobre.cl\/wp-content\/uploads\/2023\/08\/006146d0-fc0e-420f-a46f-32259420544b-300x169.jpeg 300w, https:\/\/www.confederaciondelcobre.cl\/wp-content\/uploads\/2023\/08\/006146d0-fc0e-420f-a46f-32259420544b-768x432.jpeg 768w, https:\/\/www.confederaciondelcobre.cl\/wp-content\/uploads\/2023\/08\/006146d0-fc0e-420f-a46f-32259420544b.jpeg 1280w\" sizes=\"auto, (max-width: 735px) 100vw, 735px\" \/><figcaption class=\"wp-element-caption\">Vicente Andr\u00e9s, Secretario General de Comisiones Obreras de Castilla y Le\u00f3n (Espa\u00f1a); M\u00f3nica Gonz\u00e1lez, Periodista, Escritora y Premio Nacional de Periodismo 2019; Ana Lamas Aguirre, Presidenta CTC; Patricio Roco Bucarey, Encargado de Organizaci\u00f3n CTC; Jedry Velis Palma, Tesorero CTC.<\/figcaption><\/figure>\n\n\n\n<p>Despu\u00e9s se llev\u00f3 a cabo un conversatorio o mesa redonda, en donde expusieron Hugo Ernesto Godoy, de la CTA Aut\u00f3noma Argentina; Andr\u00e9s Larisgoitia, de la CTA Trabajadores Argentina; Antonio Lisboa, de la SRI CUT Brasil; Jorge Berm\u00fadez, de la PIT-CNT de Uruguay; Mart\u00edn Almeda, abogado y activista de DD.HH de Paraguay; y Julia Urquieta, abogada de DD.HH de Chile. En la oportunidad los exponentes coincidieron en que esta red de represi\u00f3n y terrorismo de Estado (Plan C\u00f3ndor) tuvo el prop\u00f3sito de detener el avance democratizador de la izquierda en el continente, pero a la vez tambi\u00e9n buscaba mantener (y profundizar) el dominio colonial o imperial de los Estados Unidos y de grandes corporaciones privadas sobre el continente sudamericano.<\/p>\n","protected":false},"excerpt":{"rendered":"<p>Con la presencia de dirigentas y dirigentes de todo el pa\u00eds, entre ellos de la Confederaci\u00f3n de Trabajadores del Cobre (CTC), representada por Ana Lamas Aguirre, Presidenta; Jedry Velis Palma, &hellip; <\/p>\n","protected":false},"author":2,"featured_media":4050,"comment_status":"closed","ping_status":"closed","sticky":false,"template":"","format":"standard","meta":{"jetpack_post_was_ever_published":false,"_jetpack_newsletter_access":"","_jetpack_dont_email_post_to_subs":false,"_jetpack_newsletter_tier_id":0,"_jetpack_memberships_contains_paywalled_content":false,"_jetpack_memberships_contains_paid_content":false,"footnotes":"","jetpack_publicize_message":"","jetpack_publicize_feature_enabled":false,"jetpack_social_post_already_shared":true,"jetpack_social_options":{"image_generator_settings":{"template":"highway","default_image_id":0,"enabled":false},"version":2}},"categories":[9,27,15,19],"tags":[],"class_list":["post-4043","post","type-post","status-publish","format-standard","has-post-thumbnail","hentry","category-confederacion","category-cut","category-nacional","category-trabajadores"],"jetpack_publicize_connections":[],"jetpack_featured_media_url":"https:\/\/www.confederaciondelcobre.cl\/wp-content\/uploads\/2023\/08\/Port-10.jpg","jetpack_sharing_enabled":true,"post_mailing_queue_ids":[],"_links":{"self":[{"href":"https:\/\/www.confederaciondelcobre.cl\/index.php\/wp-json\/wp\/v2\/posts\/4043","targetHints":{"allow":["GET"]}}],"collection":[{"href":"https:\/\/www.confederaciondelcobre.cl\/index.php\/wp-json\/wp\/v2\/posts"}],"about":[{"href":"https:\/\/www.confederaciondelcobre.cl\/index.php\/wp-json\/wp\/v2\/types\/post"}],"author":[{"embeddable":true,"href":"https:\/\/www.confederaciondelcobre.cl\/index.php\/wp-json\/wp\/v2\/users\/2"}],"replies":[{"embeddable":true,"href":"https:\/\/www.confederaciondelcobre.cl\/index.php\/wp-json\/wp\/v2\/comments?post=4043"}],"version-history":[{"count":8,"href":"https:\/\/www.confederaciondelcobre.cl\/index.php\/wp-json\/wp\/v2\/posts\/4043\/revisions"}],"predecessor-version":[{"id":4060,"href":"https:\/\/www.confederaciondelcobre.cl\/index.php\/wp-json\/wp\/v2\/posts\/4043\/revisions\/4060"}],"wp:featuredmedia":[{"embeddable":true,"href":"https:\/\/www.confederaciondelcobre.cl\/index.php\/wp-json\/wp\/v2\/media\/4050"}],"wp:attachment":[{"href":"https:\/\/www.confederaciondelcobre.cl\/index.php\/wp-json\/wp\/v2\/media?parent=4043"}],"wp:term":[{"taxonomy":"category","embeddable":true,"href":"https:\/\/www.confederaciondelcobre.cl\/index.php\/wp-json\/wp\/v2\/categories?post=4043"},{"taxonomy":"post_tag","embeddable":true,"href":"https:\/\/www.confederaciondelcobre.cl\/index.php\/wp-json\/wp\/v2\/tags?post=4043"}],"curies":[{"name":"wp","href":"https:\/\/api.w.org\/{rel}","templated":true}]}}