{"id":4067,"date":"2023-08-28T12:17:52","date_gmt":"2023-08-28T16:17:52","guid":{"rendered":"https:\/\/www.confederaciondelcobre.cl\/?p=4067"},"modified":"2023-08-28T12:17:56","modified_gmt":"2023-08-28T16:17:56","slug":"comunicadoctc-dos-accidentes-y-tres-trabajadores-fallecidos-el-mismo-dia-y-en-distintas-faenas-mineras","status":"publish","type":"post","link":"https:\/\/www.confederaciondelcobre.cl\/index.php\/2023\/08\/28\/comunicadoctc-dos-accidentes-y-tres-trabajadores-fallecidos-el-mismo-dia-y-en-distintas-faenas-mineras\/","title":{"rendered":"#ComunicadoCTC: dos accidentes y tres trabajadores fallecidos, el mismo d\u00eda y en distintas faenas mineras."},"content":{"rendered":"\n<p class=\"has-text-align-center has-medium-font-size\"><strong>Dos accidentes y tres trabajadores fallecidos, el mismo d\u00eda y en distintas faenas mineras.<\/strong><\/p>\n\n\n\n<p>En la tarde del s\u00e1bado 26 de agosto, se inform\u00f3 <strong>el lamentable y fatal accidente que sufrieron<\/strong> <strong>Gerardo Carim\u00e1n Cruz y Jorge Alberto Navarrete, ambos trabajadores de la empresa contratista Netaxion que presta servicios en la faena Los Bronces de AngloAmerican, ubicada en la comuna de Lo Barnechea, Regi\u00f3n Metropolitana<\/strong>. Los trabajadores, t\u00e9cnico y supervisor, respectivamente, se encontraban desempe\u00f1ando sus labores en los sistemas de comunicaci\u00f3n de la operaci\u00f3n, en instalaciones ubicadas en el sector de Riecillos.<\/p>\n\n\n\n<p>En tanto ayer, domingo 27, se inform\u00f3 otro fatal accidente ocurrido el mismo s\u00e1bado 26, pero esta vez en faenas de la <strong>Minera ACF, <\/strong><strong>que se encuentra en la comuna de Pozo Almonte<\/strong><strong>, Regi\u00f3n de Tarapac\u00e1. Walter Barraza D\u00edaz era un trabajador mec\u00e1nico, que sufri\u00f3 una ca\u00edda desde una estructura en altura<\/strong>.<\/p>\n\n\n\n<p>Por la responsabilidad empresarial que les compete, y a fin de esclarecer las causas de tan lamentables desenlaces, la Confederaci\u00f3n de Trabajadores del Cobre hace un en\u00e9rgico llamado a las empresas Netaxion, AngloAmerican y ACF Minera S.A. a poner absolutamente todos los antecedentes a disposici\u00f3n de las autoridades pertinentes. <strong>Del mismo modo, en la necesidad de <\/strong><strong>avanzar decididamente hacia una pol\u00edtica nacional de seguridad y salud en el trabajo de la miner\u00eda, y para garantizar los derechos de las y los trabajadores en la materia, llamamos tambi\u00e9n al Gobierno de Chile a reafirmar su compromiso y a agilizar el tr\u00e1mite para ratificar el Convenio 176 de la Organizaci\u00f3n Internacional del Trabajo&nbsp;sobre seguridad y salud en las minas<\/strong>.<\/p>\n\n\n\n<p>La realizaci\u00f3n de cada trabajo, labor o faena minera, debe desarrollarse en condiciones que aseguren el absoluto cuidado y respeto de la salud, seguridad y vida de las personas. Las y los trabajadores merecemos la certeza de que al salir a trabajar volveremos sanos y salvos con nuestras familias.<\/p>\n\n\n\n<p><strong>Enviamos nuestras<\/strong> <strong>m\u00e1s sentidas condolencias a la familia, amigas, amigos, compa\u00f1eras y compa\u00f1eros de trabajo de Gerardo Carim\u00e1n Cruz, Jorge Alberto Navarrete y Walter Barraza D\u00edaz.<\/strong><\/p>\n\n\n\n<p class=\"has-text-align-center\"><strong>CONFEDERACI\u00d3N DE TRABAJADORES DEL COBRE<\/strong><\/p>\n\n\n\n<p class=\"has-text-align-right\">Chile, lunes 28 de agosto de 2023.<\/p>\n\n\n<div class=\"wp-block-image\">\n<figure class=\"aligncenter size-large\"><img loading=\"lazy\" decoding=\"async\" width=\"563\" height=\"1024\" src=\"https:\/\/www.confederaciondelcobre.cl\/wp-content\/uploads\/2023\/08\/DosAccidentesTresFallecidos-563x1024.png\" alt=\"\" class=\"wp-image-4068\" srcset=\"https:\/\/www.confederaciondelcobre.cl\/wp-content\/uploads\/2023\/08\/DosAccidentesTresFallecidos-563x1024.png 563w, https:\/\/www.confederaciondelcobre.cl\/wp-content\/uploads\/2023\/08\/DosAccidentesTresFallecidos-165x300.png 165w, https:\/\/www.confederaciondelcobre.cl\/wp-content\/uploads\/2023\/08\/DosAccidentesTresFallecidos.png 594w\" sizes=\"auto, (max-width: 563px) 100vw, 563px\" \/><\/figure><\/div>","protected":false},"excerpt":{"rendered":"<p>Dos accidentes y tres trabajadores fallecidos, el mismo d\u00eda y en distintas faenas mineras. En la tarde del s\u00e1bado 26 de agosto, se inform\u00f3 el lamentable y fatal accidente que &hellip; <\/p>\n","protected":false},"author":2,"featured_media":4069,"comment_status":"closed","ping_status":"closed","sticky":false,"template":"","format":"standard","meta":{"jetpack_post_was_ever_published":false,"_jetpack_newsletter_access":"","_jetpack_dont_email_post_to_subs":false,"_jetpack_newsletter_tier_id":0,"_jetpack_memberships_contains_paywalled_content":false,"_jetpack_memberships_contains_paid_content":false,"footnotes":"","jetpack_publicize_message":"","jetpack_publicize_feature_enabled":false,"jetpack_social_post_already_shared":true,"jetpack_social_options":{"image_generator_settings":{"template":"highway","default_image_id":0,"enabled":false},"version":2}},"categories":[8,9,21,15,17,19],"tags":[],"class_list":["post-4067","post","type-post","status-publish","format-standard","has-post-thumbnail","hentry","category-comunicado","category-confederacion","category-federaciones","category-nacional","category-regiones","category-trabajadores"],"jetpack_publicize_connections":[],"jetpack_featured_media_url":"https:\/\/www.confederaciondelcobre.cl\/wp-content\/uploads\/2023\/08\/Port-12.jpg","jetpack_sharing_enabled":true,"post_mailing_queue_ids":[],"_links":{"self":[{"href":"https:\/\/www.confederaciondelcobre.cl\/index.php\/wp-json\/wp\/v2\/posts\/4067","targetHints":{"allow":["GET"]}}],"collection":[{"href":"https:\/\/www.confederaciondelcobre.cl\/index.php\/wp-json\/wp\/v2\/posts"}],"about":[{"href":"https:\/\/www.confederaciondelcobre.cl\/index.php\/wp-json\/wp\/v2\/types\/post"}],"author":[{"embeddable":true,"href":"https:\/\/www.confederaciondelcobre.cl\/index.php\/wp-json\/wp\/v2\/users\/2"}],"replies":[{"embeddable":true,"href":"https:\/\/www.confederaciondelcobre.cl\/index.php\/wp-json\/wp\/v2\/comments?post=4067"}],"version-history":[{"count":1,"href":"https:\/\/www.confederaciondelcobre.cl\/index.php\/wp-json\/wp\/v2\/posts\/4067\/revisions"}],"predecessor-version":[{"id":4070,"href":"https:\/\/www.confederaciondelcobre.cl\/index.php\/wp-json\/wp\/v2\/posts\/4067\/revisions\/4070"}],"wp:featuredmedia":[{"embeddable":true,"href":"https:\/\/www.confederaciondelcobre.cl\/index.php\/wp-json\/wp\/v2\/media\/4069"}],"wp:attachment":[{"href":"https:\/\/www.confederaciondelcobre.cl\/index.php\/wp-json\/wp\/v2\/media?parent=4067"}],"wp:term":[{"taxonomy":"category","embeddable":true,"href":"https:\/\/www.confederaciondelcobre.cl\/index.php\/wp-json\/wp\/v2\/categories?post=4067"},{"taxonomy":"post_tag","embeddable":true,"href":"https:\/\/www.confederaciondelcobre.cl\/index.php\/wp-json\/wp\/v2\/tags?post=4067"}],"curies":[{"name":"wp","href":"https:\/\/api.w.org\/{rel}","templated":true}]}}