{"id":4071,"date":"2023-08-28T19:22:38","date_gmt":"2023-08-28T23:22:38","guid":{"rendered":"https:\/\/www.confederaciondelcobre.cl\/?p=4071"},"modified":"2023-08-28T20:34:27","modified_gmt":"2023-08-29T00:34:27","slug":"presidenta-de-la-ctc-visito-planta-las-ananucas-de-el-salvador","status":"publish","type":"post","link":"https:\/\/www.confederaciondelcobre.cl\/index.php\/2023\/08\/28\/presidenta-de-la-ctc-visito-planta-las-ananucas-de-el-salvador\/","title":{"rendered":"Presidenta de la CTC visit\u00f3 Planta Las A\u00f1a\u00f1ucas de El Salvador."},"content":{"rendered":"\n<p>Junto con participar en reuniones y asambleas, de sindicatos base y federaciones, el trabajo de las dirigentas y dirigentes nacionales de la CTC tambi\u00e9n se desarrolla visitando a las y los trabajadores en sus lugares de trabajo. Es de tal modo que la tercera semana de agosto del presente, <strong>Ana Lamas Aguirre, Presidenta de la CTC, visit\u00f3 la Planta de tratamiento de relaves Las A\u00f1a\u00f1ucas de la Divisi\u00f3n El Salvador de Codelco Chile<\/strong>. <\/p>\n\n\n\n<blockquote class=\"wp-block-quote is-layout-flow wp-block-quote-is-layout-flow\">\n<p>Anunciada en abril de 2022 como la primera planta de la industria minera operada exclusivamente por mujeres, Las A\u00f1a\u00f1ucas es una planta de tratamiento de relaves de la Divisi\u00f3n El Salvador de Codelco, y consecuentemente con dicho anuncio cuenta una infraestructura adecuada para las trabajadoras, donde se encuentra una sala de extracci\u00f3n de leche materna, entre otras instalaciones.<\/p>\n<\/blockquote>\n\n\n\n<p>En la oportunidad, la Presidenta de la CTC, acompa\u00f1ada de Carolina Rojas, quien es dirigenta de la Federaci\u00f3n de Sindicatos El Salvador (FESAL), recorrieron parte de las instalaciones de Las A\u00f1a\u00f1ucas y constataron in situ c\u00f3mo se desarrolla el trabajo en la primera planta de la industria minera que es operada exclusivamente por mujeres. Acompa\u00f1adas por la Ingeniera Especialista, Danisa Urrutia Contreras, ambas dirigentas recorrieron algunas dependencias, como instalaciones sanitarias y casa de cambio, adem\u00e1s de la sala de extracci\u00f3n de leche materna.<\/p>\n\n\n\n<figure class=\"wp-block-gallery has-nested-images columns-default is-cropped wp-block-gallery-1 is-layout-flex wp-block-gallery-is-layout-flex\">\n<figure class=\"wp-block-image size-large\"><img loading=\"lazy\" decoding=\"async\" width=\"1024\" height=\"768\" data-id=\"4078\" src=\"https:\/\/www.confederaciondelcobre.cl\/wp-content\/uploads\/2023\/08\/94c53e2e-a2ca-4609-8f71-433eeaeaa015-1024x768.jpeg\" alt=\"\" class=\"wp-image-4078\" srcset=\"https:\/\/www.confederaciondelcobre.cl\/wp-content\/uploads\/2023\/08\/94c53e2e-a2ca-4609-8f71-433eeaeaa015-1024x768.jpeg 1024w, https:\/\/www.confederaciondelcobre.cl\/wp-content\/uploads\/2023\/08\/94c53e2e-a2ca-4609-8f71-433eeaeaa015-300x225.jpeg 300w, https:\/\/www.confederaciondelcobre.cl\/wp-content\/uploads\/2023\/08\/94c53e2e-a2ca-4609-8f71-433eeaeaa015-768x576.jpeg 768w, https:\/\/www.confederaciondelcobre.cl\/wp-content\/uploads\/2023\/08\/94c53e2e-a2ca-4609-8f71-433eeaeaa015-1536x1152.jpeg 1536w, https:\/\/www.confederaciondelcobre.cl\/wp-content\/uploads\/2023\/08\/94c53e2e-a2ca-4609-8f71-433eeaeaa015.jpeg 1600w\" sizes=\"auto, (max-width: 1024px) 100vw, 1024px\" \/><\/figure>\n\n\n\n<figure class=\"wp-block-image size-large\"><img loading=\"lazy\" decoding=\"async\" width=\"1024\" height=\"768\" data-id=\"4079\" src=\"https:\/\/www.confederaciondelcobre.cl\/wp-content\/uploads\/2023\/08\/f8f3ca9c-2efe-40b9-a13f-cc94ae84fa2b-1024x768.jpeg\" alt=\"\" class=\"wp-image-4079\" srcset=\"https:\/\/www.confederaciondelcobre.cl\/wp-content\/uploads\/2023\/08\/f8f3ca9c-2efe-40b9-a13f-cc94ae84fa2b-1024x768.jpeg 1024w, https:\/\/www.confederaciondelcobre.cl\/wp-content\/uploads\/2023\/08\/f8f3ca9c-2efe-40b9-a13f-cc94ae84fa2b-300x225.jpeg 300w, https:\/\/www.confederaciondelcobre.cl\/wp-content\/uploads\/2023\/08\/f8f3ca9c-2efe-40b9-a13f-cc94ae84fa2b-768x576.jpeg 768w, https:\/\/www.confederaciondelcobre.cl\/wp-content\/uploads\/2023\/08\/f8f3ca9c-2efe-40b9-a13f-cc94ae84fa2b-1536x1152.jpeg 1536w, https:\/\/www.confederaciondelcobre.cl\/wp-content\/uploads\/2023\/08\/f8f3ca9c-2efe-40b9-a13f-cc94ae84fa2b.jpeg 1600w\" sizes=\"auto, (max-width: 1024px) 100vw, 1024px\" \/><\/figure>\n<\/figure>\n\n\n\n<p><strong>Ana Lamas Aguirre, Presidenta de la CTC<\/strong>, se\u00f1al\u00f3 que ya era tiempo que la industria del cobre (particularmente Codelco) tomara iniciativas largamente requeridas por las trabajadoras del sector. As\u00ed lo manifest\u00f3 al se\u00f1alar que &#8220;las mujeres en miner\u00eda, hace a\u00f1os, venimos solicitando que la industria desarrolle una pol\u00edtica de inclusi\u00f3n m\u00e1s concreta, no solo en cuando a una mayor incorporaci\u00f3n femenina, sino que tambi\u00e9n adec\u00fae sus instalaciones para nuestras necesidades y realidad&#8221;. En ese sentido, la Presidenta de la CTC tuvo palabras que dicen relaci\u00f3n con ir mas all\u00e1, se\u00f1alando que &#8220;si bien esta planta [Las A\u00f1a\u00f1ucas] es un importante y gran paso para la inclusi\u00f3n, nos gustar\u00eda que la adecuaci\u00f3n de instalaciones se extendiera al resto de las plantas y divisiones del pa\u00eds, donde adem\u00e1s se aseguren las mismas posibilidades para las mujeres que trabajan en empresas contratistas y subcontratistas. Recordemos \u2014insisti\u00f3 Ana Lamas\u2014 que de la gran masa de mujeres en miner\u00eda, la mayor\u00eda trabaja como subcontratadas y se desempe\u00f1an b\u00e1sicamente en labores como hoteler\u00eda, aseo, casinos, etc\u00e9tera, por lo que si bien valoramos la experiencia de Las A\u00f1a\u00f1ucas, tambi\u00e9n esperamos que las puertas se abran para que las mujeres accedamos a todos los puestos de trabajo de forma transversal&#8221;,  concluy\u00f3 la Presidenta de la CTC.<\/p>\n\n\n\n<figure class=\"wp-block-gallery has-nested-images columns-default is-cropped wp-block-gallery-2 is-layout-flex wp-block-gallery-is-layout-flex\">\n<figure class=\"wp-block-image size-large\"><img loading=\"lazy\" decoding=\"async\" width=\"1024\" height=\"768\" data-id=\"4080\" src=\"https:\/\/www.confederaciondelcobre.cl\/wp-content\/uploads\/2023\/08\/06d4d008-5834-4ada-86c4-479465f56639-1024x768.jpeg\" alt=\"\" class=\"wp-image-4080\" srcset=\"https:\/\/www.confederaciondelcobre.cl\/wp-content\/uploads\/2023\/08\/06d4d008-5834-4ada-86c4-479465f56639-1024x768.jpeg 1024w, https:\/\/www.confederaciondelcobre.cl\/wp-content\/uploads\/2023\/08\/06d4d008-5834-4ada-86c4-479465f56639-300x225.jpeg 300w, https:\/\/www.confederaciondelcobre.cl\/wp-content\/uploads\/2023\/08\/06d4d008-5834-4ada-86c4-479465f56639-768x576.jpeg 768w, https:\/\/www.confederaciondelcobre.cl\/wp-content\/uploads\/2023\/08\/06d4d008-5834-4ada-86c4-479465f56639-1536x1152.jpeg 1536w, https:\/\/www.confederaciondelcobre.cl\/wp-content\/uploads\/2023\/08\/06d4d008-5834-4ada-86c4-479465f56639.jpeg 1600w\" sizes=\"auto, (max-width: 1024px) 100vw, 1024px\" \/><\/figure>\n\n\n\n<figure class=\"wp-block-image size-large\"><img loading=\"lazy\" decoding=\"async\" width=\"1024\" height=\"768\" data-id=\"4081\" src=\"https:\/\/www.confederaciondelcobre.cl\/wp-content\/uploads\/2023\/08\/fd6676a5-1dbf-48b3-b058-041ee0fe8076-1024x768.jpeg\" alt=\"\" class=\"wp-image-4081\" srcset=\"https:\/\/www.confederaciondelcobre.cl\/wp-content\/uploads\/2023\/08\/fd6676a5-1dbf-48b3-b058-041ee0fe8076-1024x768.jpeg 1024w, https:\/\/www.confederaciondelcobre.cl\/wp-content\/uploads\/2023\/08\/fd6676a5-1dbf-48b3-b058-041ee0fe8076-300x225.jpeg 300w, https:\/\/www.confederaciondelcobre.cl\/wp-content\/uploads\/2023\/08\/fd6676a5-1dbf-48b3-b058-041ee0fe8076-768x576.jpeg 768w, https:\/\/www.confederaciondelcobre.cl\/wp-content\/uploads\/2023\/08\/fd6676a5-1dbf-48b3-b058-041ee0fe8076-1536x1152.jpeg 1536w, https:\/\/www.confederaciondelcobre.cl\/wp-content\/uploads\/2023\/08\/fd6676a5-1dbf-48b3-b058-041ee0fe8076.jpeg 1600w\" sizes=\"auto, (max-width: 1024px) 100vw, 1024px\" \/><\/figure>\n<\/figure>\n","protected":false},"excerpt":{"rendered":"<p>Junto con participar en reuniones y asambleas, de sindicatos base y federaciones, el trabajo de las dirigentas y dirigentes nacionales de la CTC tambi\u00e9n se desarrolla visitando a las y &hellip; <\/p>\n","protected":false},"author":2,"featured_media":4077,"comment_status":"closed","ping_status":"closed","sticky":false,"template":"","format":"standard","meta":{"jetpack_post_was_ever_published":false,"_jetpack_newsletter_access":"","_jetpack_dont_email_post_to_subs":false,"_jetpack_newsletter_tier_id":0,"_jetpack_memberships_contains_paywalled_content":false,"_jetpack_memberships_contains_paid_content":false,"footnotes":"","jetpack_publicize_message":"","jetpack_publicize_feature_enabled":false,"jetpack_social_post_already_shared":true,"jetpack_social_options":{"image_generator_settings":{"template":"highway","default_image_id":0,"enabled":false},"version":2}},"categories":[9,21,15,19],"tags":[],"class_list":["post-4071","post","type-post","status-publish","format-standard","has-post-thumbnail","hentry","category-confederacion","category-federaciones","category-nacional","category-trabajadores"],"jetpack_publicize_connections":[],"jetpack_featured_media_url":"https:\/\/www.confederaciondelcobre.cl\/wp-content\/uploads\/2023\/08\/Port-13.jpg","jetpack_sharing_enabled":true,"post_mailing_queue_ids":[],"_links":{"self":[{"href":"https:\/\/www.confederaciondelcobre.cl\/index.php\/wp-json\/wp\/v2\/posts\/4071","targetHints":{"allow":["GET"]}}],"collection":[{"href":"https:\/\/www.confederaciondelcobre.cl\/index.php\/wp-json\/wp\/v2\/posts"}],"about":[{"href":"https:\/\/www.confederaciondelcobre.cl\/index.php\/wp-json\/wp\/v2\/types\/post"}],"author":[{"embeddable":true,"href":"https:\/\/www.confederaciondelcobre.cl\/index.php\/wp-json\/wp\/v2\/users\/2"}],"replies":[{"embeddable":true,"href":"https:\/\/www.confederaciondelcobre.cl\/index.php\/wp-json\/wp\/v2\/comments?post=4071"}],"version-history":[{"count":7,"href":"https:\/\/www.confederaciondelcobre.cl\/index.php\/wp-json\/wp\/v2\/posts\/4071\/revisions"}],"predecessor-version":[{"id":4085,"href":"https:\/\/www.confederaciondelcobre.cl\/index.php\/wp-json\/wp\/v2\/posts\/4071\/revisions\/4085"}],"wp:featuredmedia":[{"embeddable":true,"href":"https:\/\/www.confederaciondelcobre.cl\/index.php\/wp-json\/wp\/v2\/media\/4077"}],"wp:attachment":[{"href":"https:\/\/www.confederaciondelcobre.cl\/index.php\/wp-json\/wp\/v2\/media?parent=4071"}],"wp:term":[{"taxonomy":"category","embeddable":true,"href":"https:\/\/www.confederaciondelcobre.cl\/index.php\/wp-json\/wp\/v2\/categories?post=4071"},{"taxonomy":"post_tag","embeddable":true,"href":"https:\/\/www.confederaciondelcobre.cl\/index.php\/wp-json\/wp\/v2\/tags?post=4071"}],"curies":[{"name":"wp","href":"https:\/\/api.w.org\/{rel}","templated":true}]}}