{"id":4086,"date":"2023-08-30T11:15:22","date_gmt":"2023-08-30T15:15:22","guid":{"rendered":"https:\/\/www.confederaciondelcobre.cl\/?p=4086"},"modified":"2023-08-30T11:15:24","modified_gmt":"2023-08-30T15:15:24","slug":"honor-y-gloria-para-el-companero-guillermo-teillier","status":"publish","type":"post","link":"https:\/\/www.confederaciondelcobre.cl\/index.php\/2023\/08\/30\/honor-y-gloria-para-el-companero-guillermo-teillier\/","title":{"rendered":"\u00a1HONOR Y GLORIA PARA EL COMPA\u00d1ERO GUILLERMO TEILLIER!"},"content":{"rendered":"\n<p><strong>Guillermo Teillier del Valle,<\/strong> desde muy joven militante de las causas m\u00e1s justas del pueblo, fue un ejemplar promotor y defensor de los derechos de las y los trabajadores de Chile. Apoy\u00f3 decididamente el proyecto y gobierno de la Unidad Popular, y despu\u00e9s un fundamental luchador antifascista contra la dictadura.<\/p>\n\n\n\n<p><strong>Como Presidente del Partido Comunista de Chile apoy\u00f3 a la Confederaci\u00f3n de Trabajadores del Cobre desde sus inicios, asistiendo incluso como invitado de honor a nuestro congreso fundacional en 2007<\/strong>. Junto con reconocer en \u00e9l a uno de los nuestros, en Guillermo Teillier reconocemos a una importante y se\u00f1era figura en la lucha por la justicia social, por la promoci\u00f3n y defensa de la democracia en nuestro pa\u00eds. Levant\u00f3 siempre en alto las banderas del movimiento obrero y del sindicalismo Chileno.<\/p>\n\n\n\n<p>El d\u00eda de hoy, <strong>la Confederaci\u00f3n de Trabajadores del Cobre enviamos nuestras m\u00e1s sentidas condolencias a la familia, amigas, amigos, compa\u00f1eras y compa\u00f1eros de Guillermo Teillier del Valle, especialmente al Partido Comunista de Chile y a toda su militancia<\/strong>.<\/p>\n\n\n\n<p class=\"has-text-align-center\"><strong>\u00a1Honor y gloria a quien estuvo siempre del lado de las y los trabajadores!<\/strong><\/p>\n\n\n\n<p class=\"has-text-align-center\"><strong>\u00a1Honor y gloria para el compa\u00f1ero Guillermo Teillier!<\/strong><\/p>\n\n\n\n<p class=\"has-text-align-center\"><strong>CONFEDERACI\u00d3N DE TRABAJADORES DEL COBRE<\/strong><\/p>\n\n\n\n<p class=\"has-text-align-right\">Chile, mi\u00e9rcoles 30 de agosto de 2023.<\/p>\n\n\n<div class=\"wp-block-image\">\n<figure class=\"aligncenter size-large\"><img loading=\"lazy\" decoding=\"async\" width=\"732\" height=\"1024\" src=\"https:\/\/www.confederaciondelcobre.cl\/wp-content\/uploads\/2023\/08\/Condolencias-Guillermo-Teillier-732x1024.png\" alt=\"\" class=\"wp-image-4088\" srcset=\"https:\/\/www.confederaciondelcobre.cl\/wp-content\/uploads\/2023\/08\/Condolencias-Guillermo-Teillier-732x1024.png 732w, https:\/\/www.confederaciondelcobre.cl\/wp-content\/uploads\/2023\/08\/Condolencias-Guillermo-Teillier-214x300.png 214w, https:\/\/www.confederaciondelcobre.cl\/wp-content\/uploads\/2023\/08\/Condolencias-Guillermo-Teillier-768x1074.png 768w, https:\/\/www.confederaciondelcobre.cl\/wp-content\/uploads\/2023\/08\/Condolencias-Guillermo-Teillier.png 772w\" sizes=\"auto, (max-width: 732px) 100vw, 732px\" \/><\/figure><\/div>","protected":false},"excerpt":{"rendered":"<p>Guillermo Teillier del Valle, desde muy joven militante de las causas m\u00e1s justas del pueblo, fue un ejemplar promotor y defensor de los derechos de las y los trabajadores de &hellip; <\/p>\n","protected":false},"author":2,"featured_media":4087,"comment_status":"closed","ping_status":"closed","sticky":false,"template":"","format":"standard","meta":{"jetpack_post_was_ever_published":false,"_jetpack_newsletter_access":"","_jetpack_dont_email_post_to_subs":false,"_jetpack_newsletter_tier_id":0,"_jetpack_memberships_contains_paywalled_content":false,"_jetpack_memberships_contains_paid_content":false,"footnotes":"","jetpack_publicize_message":"","jetpack_publicize_feature_enabled":false,"jetpack_social_post_already_shared":false,"jetpack_social_options":{"image_generator_settings":{"template":"highway","default_image_id":0,"enabled":false},"version":2}},"categories":[8,9,15,19],"tags":[],"class_list":["post-4086","post","type-post","status-publish","format-standard","has-post-thumbnail","hentry","category-comunicado","category-confederacion","category-nacional","category-trabajadores"],"jetpack_publicize_connections":[],"jetpack_featured_media_url":"https:\/\/www.confederaciondelcobre.cl\/wp-content\/uploads\/2023\/08\/Port-14.jpg","jetpack_sharing_enabled":true,"post_mailing_queue_ids":[],"_links":{"self":[{"href":"https:\/\/www.confederaciondelcobre.cl\/index.php\/wp-json\/wp\/v2\/posts\/4086","targetHints":{"allow":["GET"]}}],"collection":[{"href":"https:\/\/www.confederaciondelcobre.cl\/index.php\/wp-json\/wp\/v2\/posts"}],"about":[{"href":"https:\/\/www.confederaciondelcobre.cl\/index.php\/wp-json\/wp\/v2\/types\/post"}],"author":[{"embeddable":true,"href":"https:\/\/www.confederaciondelcobre.cl\/index.php\/wp-json\/wp\/v2\/users\/2"}],"replies":[{"embeddable":true,"href":"https:\/\/www.confederaciondelcobre.cl\/index.php\/wp-json\/wp\/v2\/comments?post=4086"}],"version-history":[{"count":1,"href":"https:\/\/www.confederaciondelcobre.cl\/index.php\/wp-json\/wp\/v2\/posts\/4086\/revisions"}],"predecessor-version":[{"id":4089,"href":"https:\/\/www.confederaciondelcobre.cl\/index.php\/wp-json\/wp\/v2\/posts\/4086\/revisions\/4089"}],"wp:featuredmedia":[{"embeddable":true,"href":"https:\/\/www.confederaciondelcobre.cl\/index.php\/wp-json\/wp\/v2\/media\/4087"}],"wp:attachment":[{"href":"https:\/\/www.confederaciondelcobre.cl\/index.php\/wp-json\/wp\/v2\/media?parent=4086"}],"wp:term":[{"taxonomy":"category","embeddable":true,"href":"https:\/\/www.confederaciondelcobre.cl\/index.php\/wp-json\/wp\/v2\/categories?post=4086"},{"taxonomy":"post_tag","embeddable":true,"href":"https:\/\/www.confederaciondelcobre.cl\/index.php\/wp-json\/wp\/v2\/tags?post=4086"}],"curies":[{"name":"wp","href":"https:\/\/api.w.org\/{rel}","templated":true}]}}