{"id":4090,"date":"2023-09-01T19:02:14","date_gmt":"2023-09-01T23:02:14","guid":{"rendered":"https:\/\/www.confederaciondelcobre.cl\/?p=4090"},"modified":"2023-09-01T19:02:17","modified_gmt":"2023-09-01T23:02:17","slug":"ctc-participo-en-presentacion-de-libro-identidad-y-trabajo-el-proceso-de-construccion-identitaria-en-los-trabajadores-subcontratados-de-la-gran-mineria-del-cobre-en-chile","status":"publish","type":"post","link":"https:\/\/www.confederaciondelcobre.cl\/index.php\/2023\/09\/01\/ctc-participo-en-presentacion-de-libro-identidad-y-trabajo-el-proceso-de-construccion-identitaria-en-los-trabajadores-subcontratados-de-la-gran-mineria-del-cobre-en-chile\/","title":{"rendered":"CTC particip\u00f3 en presentaci\u00f3n de libro &#8220;Identidad y trabajo: el proceso de construcci\u00f3n identitaria en los trabajadores subcontratados de la gran miner\u00eda del cobre en Chile&#8221;."},"content":{"rendered":"\n<p>El d\u00eda de ayer, jueves 31 de agosto, la Presidenta de la Confederaci\u00f3n de Trabajadores del Cobre (CTC), Ana Lamas Aguirre, particip\u00f3 del panel que present\u00f3 el libro &#8220;Identidad y trabajo: el proceso de construcci\u00f3n identitaria en los trabajadores subcontratados de la gran miner\u00eda del cobre en Chile&#8221;, del Soci\u00f3logo y Doctor en Ciencias Sociales, Mauricio Mu\u00f1oz.<\/p>\n\n\n\n<p>El evento, realizado en el Auditorio de la Facultad de Psicolog\u00eda de la Universidad Diego Portales, cont\u00f3 con la asistencia de alumnas y alumnos de dicha casa de estudios, de profesores, familia y amigos del autor. A la ocasi\u00f3n, cabe agregar, tambi\u00e9n asistieron los dirigentes nacionales de la CTC Jedry Velis, Patricio Roco y Claudio Escobar; y tuvo como panelistas de presentaci\u00f3n, junto a la Presidenta de la CTC, a Antonio Aravena, investigador adjunto del Programa de Estudios Psicosociales del Trabajo (PEPET); y a Francisco Zapata, profesor e investigador del Centro de Estudios Sociol\u00f3gicos (CES) de El Colegio de M\u00e9xico, quienes se refirieron al trabajo realizado por el autor, quien, en una labor investigativa de larga data, logra dar con importantes elementos que han ido determinando la identidad social de las y los trabajadores subcontratados de la gran miner\u00eda del cobre. <\/p>\n\n\n\n<figure class=\"wp-block-image size-full\"><img loading=\"lazy\" decoding=\"async\" width=\"800\" height=\"452\" src=\"https:\/\/www.confederaciondelcobre.cl\/wp-content\/uploads\/2023\/09\/4.jpg\" alt=\"\" class=\"wp-image-4096\" srcset=\"https:\/\/www.confederaciondelcobre.cl\/wp-content\/uploads\/2023\/09\/4.jpg 800w, https:\/\/www.confederaciondelcobre.cl\/wp-content\/uploads\/2023\/09\/4-300x170.jpg 300w, https:\/\/www.confederaciondelcobre.cl\/wp-content\/uploads\/2023\/09\/4-768x434.jpg 768w\" sizes=\"auto, (max-width: 800px) 100vw, 800px\" \/><\/figure>\n\n\n\n<p class=\"has-medium-font-size\"><strong>Precariedad laboral y discriminaci\u00f3n.<\/strong><\/p>\n\n\n\n<p>Mauricio Mu\u00f1oz, autor del libro, se\u00f1al\u00f3 que (en Chile) entre las formas de contrataci\u00f3n de personas la subcontrataci\u00f3n est\u00e1 en el primer lugar. Lo mismo, como es sabido, ocurre en la gran miner\u00eda del cobre, donde alrededor del 75% de la masa trabajadora est\u00e1 bajo el r\u00e9gimen de subcontrato. Lo anterior, explica el autor, y por la naturaleza de este tipo de empleo, determina realidades que finalmente van construyendo identidad en la masa de trabajadoras y trabajadores subcontratados. es as\u00ed como la alta movilidad laboral, en el sentido de que se trata de una mano de obra que circula mucho, tanto geogr\u00e1ficamente como entre contratos y\/\u00f3 faenas, y que se debe principalmente a la relativamente corta duraci\u00f3n de sus contratos, ponen a la y el trabajador subcontratado en una condici\u00f3n de permanente incertidumbre e inestabilidad laboral. Por otro lado, y tambi\u00e9n debido al sistema de contrataci\u00f3n en el que se encuentran, existen marcadas diferencias en comparaci\u00f3n a sus pares de labor que se desempe\u00f1an bajo un r\u00e9gimen de contrataci\u00f3n directa con la empresa mandante. Diferencias, apunt\u00f3 el autor, que se evidencian, por ejemplo, en lo salarial y en las condiciones de trabajo. Es de tal manera que entre otros, estos dos elementos (precariedad laboral y discriminaci\u00f3n), entonces, han ido determinando la identidad de las y los trabajadores subcontratados, que, sabi\u00e9ndose precarizados y discriminados, gatill\u00f3 \u2014por ejemplo\u2014 la gran huelga contratista del cobre el a\u00f1o 2007, irrumpiendo con ello una identidad contestataria ante el abuso.<\/p>\n\n\n<div class=\"wp-block-image\">\n<figure class=\"aligncenter size-full\"><img loading=\"lazy\" decoding=\"async\" width=\"800\" height=\"600\" src=\"https:\/\/www.confederaciondelcobre.cl\/wp-content\/uploads\/2023\/09\/1.jpg\" alt=\"\" class=\"wp-image-4093\" srcset=\"https:\/\/www.confederaciondelcobre.cl\/wp-content\/uploads\/2023\/09\/1.jpg 800w, https:\/\/www.confederaciondelcobre.cl\/wp-content\/uploads\/2023\/09\/1-300x225.jpg 300w, https:\/\/www.confederaciondelcobre.cl\/wp-content\/uploads\/2023\/09\/1-768x576.jpg 768w\" sizes=\"auto, (max-width: 800px) 100vw, 800px\" \/><\/figure><\/div>\n\n\n<p>En tanto, Ana Lamas Aguirre, Presidenta de la CTC, junto con poner en valor la profunda reflexi\u00f3n del autor y su publicaci\u00f3n &#8220;en torno al proceso de construcci\u00f3n identitaria de los trabajadores y trabajadoras subcontratados de la miner\u00eda&#8221;, se\u00f1al\u00f3 que se logra identificar los diversos elementos que se ponen en juego en los distintos espacios colectivos, &#8220;entre ellos la familia, la clase social, las organizaciones territoriales, el trabajo y las organizaciones sindicales&#8221;. Sobre el cap\u00edtulo que en particular aborda a la CTC, Ana Lamas Aguirre, indic\u00f3 que &#8220;describe y analiza el contexto de surgimiento de nuestra organizaci\u00f3n, destacando su nacimiento e instalaci\u00f3n, la propensi\u00f3n al conflicto y nuestras huelgas m\u00e1s importantes, vincul\u00e1ndolo con el sentido de identidad y de clase que ha caracterizado a nuestra organizaci\u00f3n desde su fundaci\u00f3n.&#8221; Adem\u00e1s, la Presidenta de la CTC tambi\u00e9n relev\u00f3 que Mauricio Mu\u00f1oz &#8220;nos lleva, a trav\u00e9s de su relato, a esos momentos de lucha y organizaci\u00f3n, y las distintas reacciones del Estado y el empresariado, a la solidaridad y sentido de identidad que nuestra huelga fue generando en nuestro pueblo&#8221;, donde finalmente &#8220;tras 37 largas, intensas y combativas jornadas\u00a0 de huelga, el 01 de agosto [de 2007] la Confederaci\u00f3n de Trabajadores del Cobre \u00a0y CODELCO firmamos el acuerdo final [Acuerdo Marco]. Acuerdo que, en la pr\u00e1ctica, ha funcionado como negociaci\u00f3n ramal y que ha mejorado sustantivamente la vida de las y los trabajadores subcontratados de la Miner\u00eda&#8221;.<\/p>\n\n\n\n<p>Ya al final, la Presidenta de la CTC se\u00f1al\u00f3 que &#8220;que existe un imperativo para todos los trabajadores y trabajadoras de asegurar m\u00ednimos laborales, y ello m\u00e1s all\u00e1 de su estatus formal en la cadena de subcontrataci\u00f3n&#8221;, es por ello que \u2014concluy\u00f3 Ana Lamas\u2014 &#8220;rechazamos la pretensi\u00f3n actual, de justificar la subcontrataci\u00f3n como una fatalidad irremediable. Seguimos luchando por la \u00a0creaci\u00f3n de mayor valor del trabajo bajo los principios de \u201ca igual trabajo igual salario\u201d, raz\u00f3n por la cual reafirmamos el principio de que \u201cla productividad no se incrementa pagando menos salarios\u201d.<\/p>\n\n\n\n<figure class=\"wp-block-gallery has-nested-images columns-default is-cropped wp-block-gallery-1 is-layout-flex wp-block-gallery-is-layout-flex\">\n<figure class=\"wp-block-image size-large\"><img loading=\"lazy\" decoding=\"async\" width=\"800\" height=\"452\" data-id=\"4094\" src=\"https:\/\/www.confederaciondelcobre.cl\/wp-content\/uploads\/2023\/09\/2.jpg\" alt=\"\" class=\"wp-image-4094\" srcset=\"https:\/\/www.confederaciondelcobre.cl\/wp-content\/uploads\/2023\/09\/2.jpg 800w, https:\/\/www.confederaciondelcobre.cl\/wp-content\/uploads\/2023\/09\/2-300x170.jpg 300w, https:\/\/www.confederaciondelcobre.cl\/wp-content\/uploads\/2023\/09\/2-768x434.jpg 768w\" sizes=\"auto, (max-width: 800px) 100vw, 800px\" \/><\/figure>\n\n\n\n<figure class=\"wp-block-image size-large\"><img loading=\"lazy\" decoding=\"async\" width=\"800\" height=\"452\" data-id=\"4095\" src=\"https:\/\/www.confederaciondelcobre.cl\/wp-content\/uploads\/2023\/09\/3.jpg\" alt=\"\" class=\"wp-image-4095\" srcset=\"https:\/\/www.confederaciondelcobre.cl\/wp-content\/uploads\/2023\/09\/3.jpg 800w, https:\/\/www.confederaciondelcobre.cl\/wp-content\/uploads\/2023\/09\/3-300x170.jpg 300w, https:\/\/www.confederaciondelcobre.cl\/wp-content\/uploads\/2023\/09\/3-768x434.jpg 768w\" sizes=\"auto, (max-width: 800px) 100vw, 800px\" \/><\/figure>\n<\/figure>\n","protected":false},"excerpt":{"rendered":"<p>El d\u00eda de ayer, jueves 31 de agosto, la Presidenta de la Confederaci\u00f3n de Trabajadores del Cobre (CTC), Ana Lamas Aguirre, particip\u00f3 del panel que present\u00f3 el libro &#8220;Identidad y &hellip; <\/p>\n","protected":false},"author":2,"featured_media":4092,"comment_status":"closed","ping_status":"closed","sticky":false,"template":"","format":"standard","meta":{"jetpack_post_was_ever_published":false,"_jetpack_newsletter_access":"","_jetpack_dont_email_post_to_subs":false,"_jetpack_newsletter_tier_id":0,"_jetpack_memberships_contains_paywalled_content":false,"_jetpack_memberships_contains_paid_content":false,"footnotes":"","jetpack_publicize_message":"","jetpack_publicize_feature_enabled":false,"jetpack_social_post_already_shared":false,"jetpack_social_options":{"image_generator_settings":{"template":"highway","default_image_id":0,"enabled":false},"version":2}},"categories":[9,21,15,19],"tags":[],"class_list":["post-4090","post","type-post","status-publish","format-standard","has-post-thumbnail","hentry","category-confederacion","category-federaciones","category-nacional","category-trabajadores"],"jetpack_publicize_connections":[],"jetpack_featured_media_url":"https:\/\/www.confederaciondelcobre.cl\/wp-content\/uploads\/2023\/09\/Port.jpg","jetpack_sharing_enabled":true,"post_mailing_queue_ids":[],"_links":{"self":[{"href":"https:\/\/www.confederaciondelcobre.cl\/index.php\/wp-json\/wp\/v2\/posts\/4090","targetHints":{"allow":["GET"]}}],"collection":[{"href":"https:\/\/www.confederaciondelcobre.cl\/index.php\/wp-json\/wp\/v2\/posts"}],"about":[{"href":"https:\/\/www.confederaciondelcobre.cl\/index.php\/wp-json\/wp\/v2\/types\/post"}],"author":[{"embeddable":true,"href":"https:\/\/www.confederaciondelcobre.cl\/index.php\/wp-json\/wp\/v2\/users\/2"}],"replies":[{"embeddable":true,"href":"https:\/\/www.confederaciondelcobre.cl\/index.php\/wp-json\/wp\/v2\/comments?post=4090"}],"version-history":[{"count":3,"href":"https:\/\/www.confederaciondelcobre.cl\/index.php\/wp-json\/wp\/v2\/posts\/4090\/revisions"}],"predecessor-version":[{"id":4098,"href":"https:\/\/www.confederaciondelcobre.cl\/index.php\/wp-json\/wp\/v2\/posts\/4090\/revisions\/4098"}],"wp:featuredmedia":[{"embeddable":true,"href":"https:\/\/www.confederaciondelcobre.cl\/index.php\/wp-json\/wp\/v2\/media\/4092"}],"wp:attachment":[{"href":"https:\/\/www.confederaciondelcobre.cl\/index.php\/wp-json\/wp\/v2\/media?parent=4090"}],"wp:term":[{"taxonomy":"category","embeddable":true,"href":"https:\/\/www.confederaciondelcobre.cl\/index.php\/wp-json\/wp\/v2\/categories?post=4090"},{"taxonomy":"post_tag","embeddable":true,"href":"https:\/\/www.confederaciondelcobre.cl\/index.php\/wp-json\/wp\/v2\/tags?post=4090"}],"curies":[{"name":"wp","href":"https:\/\/api.w.org\/{rel}","templated":true}]}}