{"id":4099,"date":"2023-09-04T13:21:52","date_gmt":"2023-09-04T17:21:52","guid":{"rendered":"https:\/\/www.confederaciondelcobre.cl\/?p=4099"},"modified":"2023-09-04T13:21:55","modified_gmt":"2023-09-04T17:21:55","slug":"fetramac-y-ctc-se-reunieron-con-diputado-y-seremis-del-trabajo-y-de-mineria","status":"publish","type":"post","link":"https:\/\/www.confederaciondelcobre.cl\/index.php\/2023\/09\/04\/fetramac-y-ctc-se-reunieron-con-diputado-y-seremis-del-trabajo-y-de-mineria\/","title":{"rendered":"FETRAMAC y CTC se reunieron con diputado y Seremis del Trabajo y de Miner\u00eda."},"content":{"rendered":"\n<p>El martes 29 de agosto, y en dependencias del Congreso Nacional en la ciudad de Valpara\u00edso, la Federaci\u00f3n de Trabajadores de la Miner\u00eda de Aconcagua (FETRAMAC, que es federaci\u00f3n de la CTC en la quinta regi\u00f3n) se reuni\u00f3 con el Diputado por el distrito N\u00ba6, <strong>Nelson Venegas Salazar, y con los Secretarios Regionales Ministeriales (Seremis) Susana Calder\u00f3n, del trabajo y previsi\u00f3n social; y Jaime Rojas, de miner\u00eda<\/strong>.<\/p>\n\n\n\n<p>El encuentro, en el que tambi\u00e9n participaron los dirigentes nacionales de la CTC, <strong>Ana Lamas Aguirre, Presidenta; Patricio Roco Bucarey, Encargado de organizaci\u00f3n; y Claudio Escobar Albornoz, Director Nacional<\/strong>, se desarroll\u00f3 a prop\u00f3sito de lo acordado en un <a rel=\"noreferrer noopener\" href=\"https:\/\/www.confederaciondelcobre.cl\/index.php\/2023\/08\/19\/federacion-de-la-ctc-en-los-andes-se-reunio-con-diputado-nelson-venegas\/\" target=\"_blank\">encuentro anterior sostenido con el diputado en la ciudad de Los Andes<\/a>. En dicha oportunidad, cabe recordar, dirigentes y parlamentario comprometieron desarrollar lineas de trabajo en conjunto. Lo anterior, a fin de revisar con mayor detalle diversas situaciones que se dan en su lugar de trabajo y el de sus asociados que dicen relaci\u00f3n con deficiencias en torno a la seguridad y salud, como tambi\u00e9n en torno a algunas pr\u00e1cticas antisindicales por parte de sus empleadores, que, junto con afectar la gesti\u00f3n de sindicatos y de la propia federaci\u00f3n, genera entre las y los trabajadores un ambiente de trabajo que no es el m\u00e1s propicio para desarrollar con normalidad sus funciones.<\/p>\n\n\n\n<figure class=\"wp-block-image size-large\"><img loading=\"lazy\" decoding=\"async\" width=\"1024\" height=\"768\" src=\"https:\/\/www.confederaciondelcobre.cl\/wp-content\/uploads\/2023\/09\/abf0a610-1907-4aa4-a192-f5254f4b04a3-1024x768.jpeg\" alt=\"\" class=\"wp-image-4103\" srcset=\"https:\/\/www.confederaciondelcobre.cl\/wp-content\/uploads\/2023\/09\/abf0a610-1907-4aa4-a192-f5254f4b04a3-1024x768.jpeg 1024w, https:\/\/www.confederaciondelcobre.cl\/wp-content\/uploads\/2023\/09\/abf0a610-1907-4aa4-a192-f5254f4b04a3-300x225.jpeg 300w, https:\/\/www.confederaciondelcobre.cl\/wp-content\/uploads\/2023\/09\/abf0a610-1907-4aa4-a192-f5254f4b04a3-768x576.jpeg 768w, https:\/\/www.confederaciondelcobre.cl\/wp-content\/uploads\/2023\/09\/abf0a610-1907-4aa4-a192-f5254f4b04a3-1536x1152.jpeg 1536w, https:\/\/www.confederaciondelcobre.cl\/wp-content\/uploads\/2023\/09\/abf0a610-1907-4aa4-a192-f5254f4b04a3.jpeg 1600w\" sizes=\"auto, (max-width: 1024px) 100vw, 1024px\" \/><\/figure>\n\n\n\n<p>Es as\u00ed que, entonces, y ya con la participaci\u00f3n de la Seremi del trabajo y previsi\u00f3n social, como tambi\u00e9n del seremi de miner\u00eda, los dirigentes nuevamente hicieron exposici\u00f3n de la situaci\u00f3n descrita anteriormente. Por su parte, los Seremis, quienes acogieron las aprensiones de los dirigentes, manifestaron su disposici\u00f3n y compromiso de llevar a cabo gestiones tendientes a evaluar y verificar lo denunciado por los representantes de las y los trabajadores.<\/p>\n\n\n\n<p>Por su parte, el directorio de la FETRAMAC, que est\u00e1 compuesto por <strong>Miguel V\u00e1zquez Rodr\u00edguez, Presidente; Patricio Roco Bucarey, Secretario y Director Nacional de la CTC; Claudio Escobar Albornoz, Tesorero y Director Nacional de la CTC; los Directores Luis P\u00e1ez Maldonado y Juan Carlos Guerra; y Francisco Ibaceta, Encargado de medios<\/strong>, manifest\u00f3 gratitud y optimismo ante la gesti\u00f3n del diputado Venegas y la recepci\u00f3n de las autoridades regionales, se\u00f1alando que como federaci\u00f3n de la Confederaci\u00f3n de Trabajadores del Cobre en la regi\u00f3n de Valpara\u00edso esperan seguir trabajando y desarrollando un di\u00e1logo social triparito con autoridades y representantes de la zona. Lo anterior, se\u00f1alaron, en la idea de promover y asegurar que los derechos de las y los trabajadores que representan sean efectivamente respetados.<\/p>\n","protected":false},"excerpt":{"rendered":"<p>El martes 29 de agosto, y en dependencias del Congreso Nacional en la ciudad de Valpara\u00edso, la Federaci\u00f3n de Trabajadores de la Miner\u00eda de Aconcagua (FETRAMAC, que es federaci\u00f3n de &hellip; <\/p>\n","protected":false},"author":2,"featured_media":4102,"comment_status":"closed","ping_status":"closed","sticky":false,"template":"","format":"standard","meta":{"jetpack_post_was_ever_published":false,"_jetpack_newsletter_access":"","_jetpack_dont_email_post_to_subs":false,"_jetpack_newsletter_tier_id":0,"_jetpack_memberships_contains_paywalled_content":false,"_jetpack_memberships_contains_paid_content":false,"footnotes":"","jetpack_publicize_message":"","jetpack_publicize_feature_enabled":false,"jetpack_social_post_already_shared":false,"jetpack_social_options":{"image_generator_settings":{"template":"highway","default_image_id":0,"enabled":false},"version":2}},"categories":[9,21,29,19],"tags":[],"class_list":["post-4099","post","type-post","status-publish","format-standard","has-post-thumbnail","hentry","category-confederacion","category-federaciones","category-fetramac","category-trabajadores"],"jetpack_publicize_connections":[],"jetpack_featured_media_url":"https:\/\/www.confederaciondelcobre.cl\/wp-content\/uploads\/2023\/09\/Port-1.jpg","jetpack_sharing_enabled":true,"post_mailing_queue_ids":[],"_links":{"self":[{"href":"https:\/\/www.confederaciondelcobre.cl\/index.php\/wp-json\/wp\/v2\/posts\/4099","targetHints":{"allow":["GET"]}}],"collection":[{"href":"https:\/\/www.confederaciondelcobre.cl\/index.php\/wp-json\/wp\/v2\/posts"}],"about":[{"href":"https:\/\/www.confederaciondelcobre.cl\/index.php\/wp-json\/wp\/v2\/types\/post"}],"author":[{"embeddable":true,"href":"https:\/\/www.confederaciondelcobre.cl\/index.php\/wp-json\/wp\/v2\/users\/2"}],"replies":[{"embeddable":true,"href":"https:\/\/www.confederaciondelcobre.cl\/index.php\/wp-json\/wp\/v2\/comments?post=4099"}],"version-history":[{"count":5,"href":"https:\/\/www.confederaciondelcobre.cl\/index.php\/wp-json\/wp\/v2\/posts\/4099\/revisions"}],"predecessor-version":[{"id":4110,"href":"https:\/\/www.confederaciondelcobre.cl\/index.php\/wp-json\/wp\/v2\/posts\/4099\/revisions\/4110"}],"wp:featuredmedia":[{"embeddable":true,"href":"https:\/\/www.confederaciondelcobre.cl\/index.php\/wp-json\/wp\/v2\/media\/4102"}],"wp:attachment":[{"href":"https:\/\/www.confederaciondelcobre.cl\/index.php\/wp-json\/wp\/v2\/media?parent=4099"}],"wp:term":[{"taxonomy":"category","embeddable":true,"href":"https:\/\/www.confederaciondelcobre.cl\/index.php\/wp-json\/wp\/v2\/categories?post=4099"},{"taxonomy":"post_tag","embeddable":true,"href":"https:\/\/www.confederaciondelcobre.cl\/index.php\/wp-json\/wp\/v2\/tags?post=4099"}],"curies":[{"name":"wp","href":"https:\/\/api.w.org\/{rel}","templated":true}]}}