{"id":4111,"date":"2023-09-04T16:50:14","date_gmt":"2023-09-04T20:50:14","guid":{"rendered":"https:\/\/www.confederaciondelcobre.cl\/?p=4111"},"modified":"2023-09-04T16:50:18","modified_gmt":"2023-09-04T20:50:18","slug":"memoriactc-04-09-70-allende-gana-las-elecciones-presidenciales","status":"publish","type":"post","link":"https:\/\/www.confederaciondelcobre.cl\/index.php\/2023\/09\/04\/memoriactc-04-09-70-allende-gana-las-elecciones-presidenciales\/","title":{"rendered":"#MemoriaCTC [04.09.70] Allende gana las elecciones presidenciales."},"content":{"rendered":"\n<p>Con una mayor\u00eda relativa del 36.63% de los votos, Salvador Allende se impuso por sobre el 35.29% obtenido por Jorge Alessandri. De acuerdo a la Constituci\u00f3n pol\u00edtica de la \u00e9poca, si ninguno de los candidatos obten\u00eda la mayor\u00eda absoluta, la elecci\u00f3n deb\u00eda realizarla el Congreso Pleno entre los dos candidatos que obtuvieran la m\u00e1s alta votaci\u00f3n.<\/p>\n\n\n\n<p>Antes de la decisi\u00f3n del Congreso, que deb\u00eda realizarse el 24 de octubre, y con el fin de evitar la ratificaci\u00f3n de Allende como Presidente del pa\u00eds, el grupo paramilitar y de derecha llamado Patria y Libertad secuestr\u00f3 y asesin\u00f3 al comandante en jefe del Ej\u00e9rcito, general Ren\u00e9 Schneider. Acciones como la descrita, adem\u00e1s de otras tendientes a generar un clima adverso, no impidieron que el Congreso ratifcara el triunfo de Allende en las elecciones del 04 de septiembre y lo confirmara como el nuevo Presidente de Chile.<\/p>\n\n\n\n<p>El 03 de noviembre de 1970, Salvador Allende, el m\u00e9dico cirujano, socialista y l\u00edder de la Unidad Popular recibi\u00f3 la banda presidencial que lo envisti\u00f3 como leg\u00edtimo y constitucional mandatario de la naci\u00f3n hasta el 03 de noviembre 1976.<\/p>\n\n\n\n<p>El 11 de septiembre de 1973, instigado por la derecha chilena y for\u00e1nea, y con la ayuda de capitales y gobiernos extranjeros, se llevar\u00eda a cabo un golpe de Estado civil y militar en contra del gobierno de la Unidad Popular y del Presidente Salvador Allende.<\/p>\n\n\n<div class=\"wp-block-image\">\n<figure class=\"aligncenter size-large\"><img loading=\"lazy\" decoding=\"async\" width=\"1024\" height=\"1024\" src=\"https:\/\/www.confederaciondelcobre.cl\/wp-content\/uploads\/2023\/09\/MemoriaCTC_04.09.73-1024x1024.png\" alt=\"\" class=\"wp-image-4112\" srcset=\"https:\/\/www.confederaciondelcobre.cl\/wp-content\/uploads\/2023\/09\/MemoriaCTC_04.09.73-1024x1024.png 1024w, https:\/\/www.confederaciondelcobre.cl\/wp-content\/uploads\/2023\/09\/MemoriaCTC_04.09.73-300x300.png 300w, https:\/\/www.confederaciondelcobre.cl\/wp-content\/uploads\/2023\/09\/MemoriaCTC_04.09.73-150x150.png 150w, https:\/\/www.confederaciondelcobre.cl\/wp-content\/uploads\/2023\/09\/MemoriaCTC_04.09.73-768x768.png 768w, https:\/\/www.confederaciondelcobre.cl\/wp-content\/uploads\/2023\/09\/MemoriaCTC_04.09.73.png 1080w\" sizes=\"auto, (max-width: 1024px) 100vw, 1024px\" \/><\/figure><\/div>","protected":false},"excerpt":{"rendered":"<p>Con una mayor\u00eda relativa del 36.63% de los votos, Salvador Allende se impuso por sobre el 35.29% obtenido por Jorge Alessandri. De acuerdo a la Constituci\u00f3n pol\u00edtica de la \u00e9poca, &hellip; <\/p>\n","protected":false},"author":2,"featured_media":4113,"comment_status":"closed","ping_status":"closed","sticky":false,"template":"","format":"standard","meta":{"jetpack_post_was_ever_published":false,"_jetpack_newsletter_access":"","_jetpack_dont_email_post_to_subs":false,"_jetpack_newsletter_tier_id":0,"_jetpack_memberships_contains_paywalled_content":false,"_jetpack_memberships_contains_paid_content":false,"footnotes":"","jetpack_publicize_message":"","jetpack_publicize_feature_enabled":false,"jetpack_social_post_already_shared":true,"jetpack_social_options":{"image_generator_settings":{"template":"highway","default_image_id":0,"enabled":false},"version":2}},"categories":[37,9,15,19],"tags":[],"class_list":["post-4111","post","type-post","status-publish","format-standard","has-post-thumbnail","hentry","category-memoriactc","category-confederacion","category-nacional","category-trabajadores"],"jetpack_publicize_connections":[],"jetpack_featured_media_url":"https:\/\/www.confederaciondelcobre.cl\/wp-content\/uploads\/2023\/09\/Port-2.jpg","jetpack_sharing_enabled":true,"post_mailing_queue_ids":[],"_links":{"self":[{"href":"https:\/\/www.confederaciondelcobre.cl\/index.php\/wp-json\/wp\/v2\/posts\/4111","targetHints":{"allow":["GET"]}}],"collection":[{"href":"https:\/\/www.confederaciondelcobre.cl\/index.php\/wp-json\/wp\/v2\/posts"}],"about":[{"href":"https:\/\/www.confederaciondelcobre.cl\/index.php\/wp-json\/wp\/v2\/types\/post"}],"author":[{"embeddable":true,"href":"https:\/\/www.confederaciondelcobre.cl\/index.php\/wp-json\/wp\/v2\/users\/2"}],"replies":[{"embeddable":true,"href":"https:\/\/www.confederaciondelcobre.cl\/index.php\/wp-json\/wp\/v2\/comments?post=4111"}],"version-history":[{"count":1,"href":"https:\/\/www.confederaciondelcobre.cl\/index.php\/wp-json\/wp\/v2\/posts\/4111\/revisions"}],"predecessor-version":[{"id":4114,"href":"https:\/\/www.confederaciondelcobre.cl\/index.php\/wp-json\/wp\/v2\/posts\/4111\/revisions\/4114"}],"wp:featuredmedia":[{"embeddable":true,"href":"https:\/\/www.confederaciondelcobre.cl\/index.php\/wp-json\/wp\/v2\/media\/4113"}],"wp:attachment":[{"href":"https:\/\/www.confederaciondelcobre.cl\/index.php\/wp-json\/wp\/v2\/media?parent=4111"}],"wp:term":[{"taxonomy":"category","embeddable":true,"href":"https:\/\/www.confederaciondelcobre.cl\/index.php\/wp-json\/wp\/v2\/categories?post=4111"},{"taxonomy":"post_tag","embeddable":true,"href":"https:\/\/www.confederaciondelcobre.cl\/index.php\/wp-json\/wp\/v2\/tags?post=4111"}],"curies":[{"name":"wp","href":"https:\/\/api.w.org\/{rel}","templated":true}]}}