{"id":4119,"date":"2023-09-06T15:26:41","date_gmt":"2023-09-06T19:26:41","guid":{"rendered":"https:\/\/www.confederaciondelcobre.cl\/?p=4119"},"modified":"2023-09-06T15:26:44","modified_gmt":"2023-09-06T19:26:44","slug":"en-rancagua-sindicato-nacional-metrika-no-3-se-afilia-a-federacion-de-la-ctc-e-inicia-su-primera-negociacion-colectiva","status":"publish","type":"post","link":"https:\/\/www.confederaciondelcobre.cl\/index.php\/2023\/09\/06\/en-rancagua-sindicato-nacional-metrika-no-3-se-afilia-a-federacion-de-la-ctc-e-inicia-su-primera-negociacion-colectiva\/","title":{"rendered":"En Rancagua: Sindicato Nacional Metrika N\u00ba 3 se afilia a federaci\u00f3n de la CTC, e inicia su primera negociaci\u00f3n colectiva."},"content":{"rendered":"\n<p>Mejoras a las condiciones de seguridad y remuneracionales, beneficios y derechos sociales, entre otras, son las principales demandas que los trabajadores agrupados en el Sindicato Nacional Metrika N\u00ba3 han presentado en esta que es su primera negociaci\u00f3n colectiva.<\/p>\n\n\n\n<hr class=\"wp-block-separator has-alpha-channel-opacity\"\/>\n\n\n\n<p>El lunes 04 de septiembre y en la ciudad de Rancagua, el Sindicato Nacional Metrika N\u00ba3 present\u00f3 su primer proyecto de negociaci\u00f3n colectiva. Dicho instrumento, que contempla entre sus demandas mejoras a las condiciones de seguridad y remuneracionales, como tambi\u00e9n beneficios y derechos sociales, tiene por objetivo establecer un est\u00e1ndar de trabajo en que a los trabajadores y socios se les reconozca su aporte y esfuerzo. <\/p>\n\n\n\n<blockquote class=\"wp-block-quote is-layout-flow wp-block-quote-is-layout-flow\">\n<p>Dirigido por Jorge Gaona Naranjo, Presidente; Patricio Reyes Ram\u00edrez, Secretario; y Jorge Ch\u00e1vez Rossi, Tesorero, el Sindicato Nacional Metrika N\u00ba3 se constituy\u00f3 como tal el 19 de julio de este a\u00f1o, el 24 de agosto se afili\u00f3 a la FETRATEC (que es federaci\u00f3n de la CTC en la Regi\u00f3n de O&#8217;Higgins), y el 04 de septiembre present\u00f3 su primer proyecto de negociaci\u00f3n colectiva. Sus socios trabajan para la empresa Maximiliano Gonz\u00e1lez y Cia. Ltda., empresa que presta servicio en la Divisi\u00f3n El Teniente de Codelco.<\/p>\n<\/blockquote>\n\n\n\n<p><strong>Jorge Gaona, Presidente del sindicato<\/strong>, y a prop\u00f3sito del proceso que les ha tocado vivir en menos de dos meses, agradeci\u00f3 &#8220;todo el apoyo que [la FETRATEC y la CTC] nos han brindado, porque que no ha sido tan f\u00e1cil. Somos Dirigentes nuevos \u2014agreg\u00f3 Jorge Gaona\u2014  y nos han orientado en todo momento&#8221;. En tanto <strong>Luis Marchant, Presidente de la FETRATEC y dirigente nacional de la CTC<\/strong>, junto con agradecer la confianza depositada en nuestra organizaci\u00f3n, valor\u00f3 &#8220;que los trabajadores asuman en conciencia de que solo organizados es como se avanza en m\u00e1s y mejores derechos&#8221;. Para ello, concluy\u00f3 el Presidente de la FETRATEC, que &#8220;no quede dudas de que estaremos acompa\u00f1\u00e1ndolos en todo momento&#8221;.<\/p>\n\n\n\n<figure class=\"wp-block-image size-large\"><img loading=\"lazy\" decoding=\"async\" width=\"1024\" height=\"461\" src=\"https:\/\/www.confederaciondelcobre.cl\/wp-content\/uploads\/2023\/09\/ee92d838-19b5-49ff-aef6-a01c4506f9b9-1024x461.jpeg\" alt=\"\" class=\"wp-image-4126\" srcset=\"https:\/\/www.confederaciondelcobre.cl\/wp-content\/uploads\/2023\/09\/ee92d838-19b5-49ff-aef6-a01c4506f9b9-1024x461.jpeg 1024w, https:\/\/www.confederaciondelcobre.cl\/wp-content\/uploads\/2023\/09\/ee92d838-19b5-49ff-aef6-a01c4506f9b9-300x135.jpeg 300w, https:\/\/www.confederaciondelcobre.cl\/wp-content\/uploads\/2023\/09\/ee92d838-19b5-49ff-aef6-a01c4506f9b9-768x346.jpeg 768w, https:\/\/www.confederaciondelcobre.cl\/wp-content\/uploads\/2023\/09\/ee92d838-19b5-49ff-aef6-a01c4506f9b9-1536x691.jpeg 1536w, https:\/\/www.confederaciondelcobre.cl\/wp-content\/uploads\/2023\/09\/ee92d838-19b5-49ff-aef6-a01c4506f9b9.jpeg 1600w\" sizes=\"auto, (max-width: 1024px) 100vw, 1024px\" \/><\/figure>\n\n\n\n<p><\/p>\n","protected":false},"excerpt":{"rendered":"<p>Mejoras a las condiciones de seguridad y remuneracionales, beneficios y derechos sociales, entre otras, son las principales demandas que los trabajadores agrupados en el Sindicato Nacional Metrika N\u00ba3 han presentado &hellip; <\/p>\n","protected":false},"author":2,"featured_media":4121,"comment_status":"closed","ping_status":"closed","sticky":false,"template":"","format":"standard","meta":{"jetpack_post_was_ever_published":false,"_jetpack_newsletter_access":"","_jetpack_dont_email_post_to_subs":false,"_jetpack_newsletter_tier_id":0,"_jetpack_memberships_contains_paywalled_content":false,"_jetpack_memberships_contains_paid_content":false,"footnotes":"","jetpack_publicize_message":"","jetpack_publicize_feature_enabled":false,"jetpack_social_post_already_shared":false,"jetpack_social_options":{"image_generator_settings":{"template":"highway","default_image_id":0,"enabled":false},"version":2}},"categories":[9,21,31,20,19],"tags":[],"class_list":["post-4119","post","type-post","status-publish","format-standard","has-post-thumbnail","hentry","category-confederacion","category-federaciones","category-fetratec","category-negociacion-colectiva","category-trabajadores"],"jetpack_publicize_connections":[],"jetpack_featured_media_url":"https:\/\/www.confederaciondelcobre.cl\/wp-content\/uploads\/2023\/09\/Port-4.jpg","jetpack_sharing_enabled":true,"post_mailing_queue_ids":[],"_links":{"self":[{"href":"https:\/\/www.confederaciondelcobre.cl\/index.php\/wp-json\/wp\/v2\/posts\/4119","targetHints":{"allow":["GET"]}}],"collection":[{"href":"https:\/\/www.confederaciondelcobre.cl\/index.php\/wp-json\/wp\/v2\/posts"}],"about":[{"href":"https:\/\/www.confederaciondelcobre.cl\/index.php\/wp-json\/wp\/v2\/types\/post"}],"author":[{"embeddable":true,"href":"https:\/\/www.confederaciondelcobre.cl\/index.php\/wp-json\/wp\/v2\/users\/2"}],"replies":[{"embeddable":true,"href":"https:\/\/www.confederaciondelcobre.cl\/index.php\/wp-json\/wp\/v2\/comments?post=4119"}],"version-history":[{"count":8,"href":"https:\/\/www.confederaciondelcobre.cl\/index.php\/wp-json\/wp\/v2\/posts\/4119\/revisions"}],"predecessor-version":[{"id":4129,"href":"https:\/\/www.confederaciondelcobre.cl\/index.php\/wp-json\/wp\/v2\/posts\/4119\/revisions\/4129"}],"wp:featuredmedia":[{"embeddable":true,"href":"https:\/\/www.confederaciondelcobre.cl\/index.php\/wp-json\/wp\/v2\/media\/4121"}],"wp:attachment":[{"href":"https:\/\/www.confederaciondelcobre.cl\/index.php\/wp-json\/wp\/v2\/media?parent=4119"}],"wp:term":[{"taxonomy":"category","embeddable":true,"href":"https:\/\/www.confederaciondelcobre.cl\/index.php\/wp-json\/wp\/v2\/categories?post=4119"},{"taxonomy":"post_tag","embeddable":true,"href":"https:\/\/www.confederaciondelcobre.cl\/index.php\/wp-json\/wp\/v2\/tags?post=4119"}],"curies":[{"name":"wp","href":"https:\/\/api.w.org\/{rel}","templated":true}]}}