{"id":4145,"date":"2023-09-07T14:58:50","date_gmt":"2023-09-07T18:58:50","guid":{"rendered":"https:\/\/www.confederaciondelcobre.cl\/?p=4145"},"modified":"2023-09-07T14:59:07","modified_gmt":"2023-09-07T18:59:07","slug":"50anosdelgolpe-conversatorio-se-llevo-a-cabo-en-la-cut-de-el-loa-calama","status":"publish","type":"post","link":"https:\/\/www.confederaciondelcobre.cl\/index.php\/2023\/09\/07\/50anosdelgolpe-conversatorio-se-llevo-a-cabo-en-la-cut-de-el-loa-calama\/","title":{"rendered":"#50A\u00f1osDelGolpe: conversatorio se llev\u00f3 a cabo en la CUT de El Loa &#8211; Calama."},"content":{"rendered":"\n<p>El martes 05 de septiembre, en la sede de la Central Unitaria de Trabajadores, Provincial El Loa &#8211; Calama, se llev\u00f3 a cabo un conversatorio en el marco de la conmemoraci\u00f3n de los 50 a\u00f1os del golpe de Estado. En el encuentro, que cont\u00f3 con la participaci\u00f3n de <strong>Ana Lamas Aguirre, Presidenta de la Confederaci\u00f3n de Trabajadores del Cobre<\/strong>; de Miguel Velis, Tesorero del Sindicato Chuquicamata; de Ariel Aguirre, Presidente del Colegio de Profesores El Loa; de Manuel Cancino, Dirigente del Sindicato de Suplementeros de Calama; de Nicanor Araya, exdirigente CTC Codelco; de Juan Carlos Ch\u00e1vez, Vicepresidente de la CUT Provincial El Loa; y con la moderaci\u00f3n de David Zuleta, Director de la CUT Provincial El Loa,  se abord\u00f3 el mencionado golpe de Estado pero con una mirada desde las y los trabajadores.<\/p>\n\n\n\n<figure class=\"wp-block-image size-large\"><img loading=\"lazy\" decoding=\"async\" width=\"1024\" height=\"576\" src=\"https:\/\/www.confederaciondelcobre.cl\/wp-content\/uploads\/2023\/09\/4cc5a4b9-2db3-4034-9ed5-4b5ae79fac4f-1024x576.jpeg\" alt=\"\" class=\"wp-image-4154\" srcset=\"https:\/\/www.confederaciondelcobre.cl\/wp-content\/uploads\/2023\/09\/4cc5a4b9-2db3-4034-9ed5-4b5ae79fac4f-1024x576.jpeg 1024w, https:\/\/www.confederaciondelcobre.cl\/wp-content\/uploads\/2023\/09\/4cc5a4b9-2db3-4034-9ed5-4b5ae79fac4f-300x169.jpeg 300w, https:\/\/www.confederaciondelcobre.cl\/wp-content\/uploads\/2023\/09\/4cc5a4b9-2db3-4034-9ed5-4b5ae79fac4f-768x432.jpeg 768w, https:\/\/www.confederaciondelcobre.cl\/wp-content\/uploads\/2023\/09\/4cc5a4b9-2db3-4034-9ed5-4b5ae79fac4f-1536x864.jpeg 1536w, https:\/\/www.confederaciondelcobre.cl\/wp-content\/uploads\/2023\/09\/4cc5a4b9-2db3-4034-9ed5-4b5ae79fac4f.jpeg 1600w\" sizes=\"auto, (max-width: 1024px) 100vw, 1024px\" \/><\/figure>\n\n\n\n<p>En la oportunidad, las y los participantes coincidieron en que el valor y la importancia del programa de gobierno de la Unidad Popular, las medidas llevadas a cabo y por concretar, sumadas a la convicci\u00f3n democratizadora y de justicia social que inspir\u00f3 el proceso conocido como &#8220;revoluci\u00f3n con sabor a empanada y vino tinto&#8221;, eran absolutamente contrarias a los intereses y privilegios de la clase dominante de la \u00e9poca, tanto nacional como extranjera. Es decir, la reforma agraria, la nacionalizaci\u00f3n del cobre y pol\u00edticas sociales que apuntaban a dar soluci\u00f3n alimentaria, de salud, trabajo y vivienda a las y los habitantes del pa\u00eds, donde adem\u00e1s las y los trabajadores, junto con contar con derechos laborales reales,  eran protagonistas en la toma de decisiones. Dicha situaci\u00f3n, los grupos privilegiados de siempre no la iban a permitir. Y as\u00ed fue, pues contrarios a la mencionada convicci\u00f3n democratizadora y de justicia social que caracteriz\u00f3 al proyecto y gobierno de la Unidad Popular, el 11 de septiembre de 1973, hace 50 a\u00f1os, llevaron a cabo un golpe de Estado que en el acto mismo dio inicio a los a\u00f1os m\u00e1s oscuras de la historia de nuestro pa\u00eds.<\/p>\n\n\n\n<p>Revisa la transmisi\u00f3n en l\u00ednea de dicho conversatorio <a href=\"https:\/\/shorturl.at\/ilzW6\" target=\"_blank\" rel=\"noreferrer noopener\">haciendo click aqu\u00ed<\/a>.<\/p>\n\n\n\n<p><\/p>\n","protected":false},"excerpt":{"rendered":"<p>El martes 05 de septiembre, en la sede de la Central Unitaria de Trabajadores, Provincial El Loa &#8211; Calama, se llev\u00f3 a cabo un conversatorio en el marco de la &hellip; <\/p>\n","protected":false},"author":2,"featured_media":4153,"comment_status":"closed","ping_status":"closed","sticky":false,"template":"","format":"standard","meta":{"jetpack_post_was_ever_published":false,"_jetpack_newsletter_access":"","_jetpack_dont_email_post_to_subs":false,"_jetpack_newsletter_tier_id":0,"_jetpack_memberships_contains_paywalled_content":false,"_jetpack_memberships_contains_paid_content":false,"footnotes":"","jetpack_publicize_message":"","jetpack_publicize_feature_enabled":false,"jetpack_social_post_already_shared":true,"jetpack_social_options":{"image_generator_settings":{"template":"highway","default_image_id":0,"enabled":false},"version":2}},"categories":[9,21,33,19],"tags":[],"class_list":["post-4145","post","type-post","status-publish","format-standard","has-post-thumbnail","hentry","category-confederacion","category-federaciones","category-fesitram","category-trabajadores"],"jetpack_publicize_connections":[],"jetpack_featured_media_url":"https:\/\/www.confederaciondelcobre.cl\/wp-content\/uploads\/2023\/09\/Port-5.jpg","jetpack_sharing_enabled":true,"post_mailing_queue_ids":[],"_links":{"self":[{"href":"https:\/\/www.confederaciondelcobre.cl\/index.php\/wp-json\/wp\/v2\/posts\/4145","targetHints":{"allow":["GET"]}}],"collection":[{"href":"https:\/\/www.confederaciondelcobre.cl\/index.php\/wp-json\/wp\/v2\/posts"}],"about":[{"href":"https:\/\/www.confederaciondelcobre.cl\/index.php\/wp-json\/wp\/v2\/types\/post"}],"author":[{"embeddable":true,"href":"https:\/\/www.confederaciondelcobre.cl\/index.php\/wp-json\/wp\/v2\/users\/2"}],"replies":[{"embeddable":true,"href":"https:\/\/www.confederaciondelcobre.cl\/index.php\/wp-json\/wp\/v2\/comments?post=4145"}],"version-history":[{"count":9,"href":"https:\/\/www.confederaciondelcobre.cl\/index.php\/wp-json\/wp\/v2\/posts\/4145\/revisions"}],"predecessor-version":[{"id":4156,"href":"https:\/\/www.confederaciondelcobre.cl\/index.php\/wp-json\/wp\/v2\/posts\/4145\/revisions\/4156"}],"wp:featuredmedia":[{"embeddable":true,"href":"https:\/\/www.confederaciondelcobre.cl\/index.php\/wp-json\/wp\/v2\/media\/4153"}],"wp:attachment":[{"href":"https:\/\/www.confederaciondelcobre.cl\/index.php\/wp-json\/wp\/v2\/media?parent=4145"}],"wp:term":[{"taxonomy":"category","embeddable":true,"href":"https:\/\/www.confederaciondelcobre.cl\/index.php\/wp-json\/wp\/v2\/categories?post=4145"},{"taxonomy":"post_tag","embeddable":true,"href":"https:\/\/www.confederaciondelcobre.cl\/index.php\/wp-json\/wp\/v2\/tags?post=4145"}],"curies":[{"name":"wp","href":"https:\/\/api.w.org\/{rel}","templated":true}]}}