{"id":415,"date":"2019-09-25T19:20:40","date_gmt":"2019-09-25T19:20:40","guid":{"rendered":"http:\/\/www.ctc2018.cl\/?p=415"},"modified":"2020-04-26T23:41:46","modified_gmt":"2020-04-26T23:41:46","slug":"a-pesar-de-las-trabas-y-practicas-antisindicales-de-la-empresa-los-trabajadores-de-divalco-tienen-sindicato","status":"publish","type":"post","link":"https:\/\/www.confederaciondelcobre.cl\/index.php\/2019\/09\/25\/a-pesar-de-las-trabas-y-practicas-antisindicales-de-la-empresa-los-trabajadores-de-divalco-tienen-sindicato\/","title":{"rendered":"A pesar de las trabas y pr\u00e1cticas antisindicales de la empresa, \u00a1Los trabajadores de DIVALCO tienen sindicato!"},"content":{"rendered":"\n<p><em>Una gran victoria para los socios del sindicato DIVALCO fue la que se vivi\u00f3 el d\u00eda de hoy, luego de que dos de sus socios fundadores fueran reintegrados a sus labores por orden de la Direcci\u00f3n Regional del Trabajo<\/em>.<\/p>\n\n\n\n<p>Durante la primera semana de septiembre, y en pleno proceso de constituci\u00f3n del nuevo sindicato, la empresa DIVALCO que presta servicios en las operaciones de Mantos Blancos, junto con no reconocer la existencia o constituci\u00f3n de la nueva organizaci\u00f3n sindical, hab\u00eda procedido al despido -v\u00eda telef\u00f3nica- de dos de sus trabajadores que contaban con fuero. Dada aquella situaci\u00f3n es que el Sindicato hizo la correspondiente denuncia ante la Direcci\u00f3n Regional del Trabajo, logrando que la empresa y sus representantes, el d\u00eda de hoy mi\u00e9rcoles 25 de septiembre, luego de haberse negado en reiteradas oportunidades, reconocieran la existencia formal del sindicato, y que adem\u00e1s se reintegrara en sus funciones a los compa\u00f1eros que hab\u00edan sido ilegalmente despedidos.<\/p>\n\n\n\n<p>Para el sindicato de la empresa DIVALCO las cosas no han sido f\u00e1ciles. A pesar de las trabas y pr\u00e1cticas antisindicales por parte de la empresa, esta nueva organizaci\u00f3n ya cuenta con un importante triunfo a su haber. Como Confederaci\u00f3n de Trabajadores del Cobre (CTC) saludamos la decisi\u00f3n de los trabajadores de persistir y unirse en torno a sus derechos, saludamos la entereza con la que han enfrentado este proceso y que ratifica una vez m\u00e1s que solo la unidad, organizaci\u00f3n y lucha de los propios trabajadores es el camino seguir.<\/p>\n","protected":false},"excerpt":{"rendered":"<p>Una gran victoria para los socios del sindicato DIVALCO fue la que se vivi\u00f3 el d\u00eda de hoy, luego de que dos de sus socios fundadores fueran reintegrados a sus &hellip; <\/p>\n","protected":false},"author":2,"featured_media":416,"comment_status":"open","ping_status":"open","sticky":false,"template":"","format":"standard","meta":{"jetpack_post_was_ever_published":false,"_jetpack_newsletter_access":"","_jetpack_dont_email_post_to_subs":false,"_jetpack_newsletter_tier_id":0,"_jetpack_memberships_contains_paywalled_content":false,"_jetpack_memberships_contains_paid_content":false,"footnotes":"","jetpack_publicize_message":"","jetpack_publicize_feature_enabled":true,"jetpack_social_post_already_shared":false,"jetpack_social_options":{"image_generator_settings":{"template":"highway","default_image_id":0,"enabled":false},"version":2}},"categories":[9,21,26],"tags":[],"class_list":["post-415","post","type-post","status-publish","format-standard","has-post-thumbnail","hentry","category-confederacion","category-federaciones","category-fesamab"],"jetpack_publicize_connections":[],"jetpack_featured_media_url":"https:\/\/www.confederaciondelcobre.cl\/wp-content\/uploads\/2019\/11\/DIVALCO.jpg","jetpack_sharing_enabled":true,"post_mailing_queue_ids":[],"_links":{"self":[{"href":"https:\/\/www.confederaciondelcobre.cl\/index.php\/wp-json\/wp\/v2\/posts\/415","targetHints":{"allow":["GET"]}}],"collection":[{"href":"https:\/\/www.confederaciondelcobre.cl\/index.php\/wp-json\/wp\/v2\/posts"}],"about":[{"href":"https:\/\/www.confederaciondelcobre.cl\/index.php\/wp-json\/wp\/v2\/types\/post"}],"author":[{"embeddable":true,"href":"https:\/\/www.confederaciondelcobre.cl\/index.php\/wp-json\/wp\/v2\/users\/2"}],"replies":[{"embeddable":true,"href":"https:\/\/www.confederaciondelcobre.cl\/index.php\/wp-json\/wp\/v2\/comments?post=415"}],"version-history":[{"count":1,"href":"https:\/\/www.confederaciondelcobre.cl\/index.php\/wp-json\/wp\/v2\/posts\/415\/revisions"}],"predecessor-version":[{"id":417,"href":"https:\/\/www.confederaciondelcobre.cl\/index.php\/wp-json\/wp\/v2\/posts\/415\/revisions\/417"}],"wp:featuredmedia":[{"embeddable":true,"href":"https:\/\/www.confederaciondelcobre.cl\/index.php\/wp-json\/wp\/v2\/media\/416"}],"wp:attachment":[{"href":"https:\/\/www.confederaciondelcobre.cl\/index.php\/wp-json\/wp\/v2\/media?parent=415"}],"wp:term":[{"taxonomy":"category","embeddable":true,"href":"https:\/\/www.confederaciondelcobre.cl\/index.php\/wp-json\/wp\/v2\/categories?post=415"},{"taxonomy":"post_tag","embeddable":true,"href":"https:\/\/www.confederaciondelcobre.cl\/index.php\/wp-json\/wp\/v2\/tags?post=415"}],"curies":[{"name":"wp","href":"https:\/\/api.w.org\/{rel}","templated":true}]}}