{"id":4157,"date":"2023-09-07T19:16:04","date_gmt":"2023-09-07T23:16:04","guid":{"rendered":"https:\/\/www.confederaciondelcobre.cl\/?p=4157"},"modified":"2023-09-07T19:16:23","modified_gmt":"2023-09-07T23:16:23","slug":"federacion-de-la-ctc-se-reunio-con-codelco-en-calama","status":"publish","type":"post","link":"https:\/\/www.confederaciondelcobre.cl\/index.php\/2023\/09\/07\/federacion-de-la-ctc-se-reunio-con-codelco-en-calama\/","title":{"rendered":"Federaci\u00f3n de la CTC se reuni\u00f3 con Codelco en Calama."},"content":{"rendered":"\n<p>En el marco de un permanente ejercicio de di\u00e1logo social tripartito, que la CTC desarrolla en todos los territorios a trav\u00e9s de sus federaciones, el lunes 04 de septiembre la FESITRAM (que es federaci\u00f3n de la CTC en la Regi\u00f3n de Antofagasta) se reuni\u00f3 con representantes de Codelco en la ciudad de Calama.<\/p>\n\n\n\n<p>El encuentro, al que concurrieron dirigentas y dirigentes de la FESITRAM y la CTC, encabezados por su Presidenta, Ana Lamas Aguirre, se llev\u00f3 a cabo en torno a temas de inter\u00e9s com\u00fan entre las y los trabajadores con las empresas de la industria minera y la propia mandante Codelco. Abordaron, entre otros temas, el sistema de jornadas excepcionales en la miner\u00eda y como este debiera condecirse con el esp\u00edritu original de la ley que rebaja la jornada laboral de 45 a 40 horas semanales. Del mismo modo, y a prop\u00f3sito de la preocupante alza en la tasa de accidentes fatales en la industria, las y los dirigentes enfatizaron en la necesidad de agilizar el proceso de ratificaci\u00f3n del Convenio 176 de la Organizaci\u00f3n Internacional del Trabajo (OIT) sobre seguridad y salud en las minas.<\/p>\n\n\n\n<p>Otros puntos, que van a seguir siendo tratados de forma peri\u00f3dica, fueron el estado de negociaciones colectivas, las diversas pr\u00e1cticas antisindicales de las que han sido objeto trabajadoras, trabajadores y sus sindicatos; la implementaci\u00f3n de lo establecido en el Acuerdo Marco entre la CTC, Codelco y AGEMA; y la capacitaci\u00f3n de trabajadoras y trabajadores, que incluya la debida certificaci\u00f3n de competencias laborales.<\/p>\n\n\n\n<ul class=\"wp-block-list\">\n<li>Particparon por la CTC, Ana Lamas Aguirre, Presidenta; Francisco Cabezas Cort\u00e9s, Vicepresidente; y Jos\u00e9 Mardones Gallardo, Director Nacional Encargado Jur\u00eddico. Por pare de la FESITRAM, Leonardo Illesca, Tesorero; y Bernardo Toroco, Director. Por parte de Codelco, los directores de gesti\u00f3n y fiscalizaci\u00f3n de empresas contratistas Juan Ra\u00fal Zepeda; Milko Araya y Sibila Vald\u00e9s.<\/li>\n<\/ul>\n","protected":false},"excerpt":{"rendered":"<p>En el marco de un permanente ejercicio de di\u00e1logo social tripartito, que la CTC desarrolla en todos los territorios a trav\u00e9s de sus federaciones, el lunes 04 de septiembre la &hellip; <\/p>\n","protected":false},"author":2,"featured_media":4161,"comment_status":"closed","ping_status":"closed","sticky":false,"template":"","format":"standard","meta":{"jetpack_post_was_ever_published":false,"_jetpack_newsletter_access":"","_jetpack_dont_email_post_to_subs":false,"_jetpack_newsletter_tier_id":0,"_jetpack_memberships_contains_paywalled_content":false,"_jetpack_memberships_contains_paid_content":false,"footnotes":"","jetpack_publicize_message":"","jetpack_publicize_feature_enabled":false,"jetpack_social_post_already_shared":true,"jetpack_social_options":{"image_generator_settings":{"template":"highway","default_image_id":0,"enabled":false},"version":2}},"categories":[9,21,33,17,19],"tags":[],"class_list":["post-4157","post","type-post","status-publish","format-standard","has-post-thumbnail","hentry","category-confederacion","category-federaciones","category-fesitram","category-regiones","category-trabajadores"],"jetpack_publicize_connections":[],"jetpack_featured_media_url":"https:\/\/www.confederaciondelcobre.cl\/wp-content\/uploads\/2023\/09\/port-6.jpg","jetpack_sharing_enabled":true,"post_mailing_queue_ids":[],"_links":{"self":[{"href":"https:\/\/www.confederaciondelcobre.cl\/index.php\/wp-json\/wp\/v2\/posts\/4157","targetHints":{"allow":["GET"]}}],"collection":[{"href":"https:\/\/www.confederaciondelcobre.cl\/index.php\/wp-json\/wp\/v2\/posts"}],"about":[{"href":"https:\/\/www.confederaciondelcobre.cl\/index.php\/wp-json\/wp\/v2\/types\/post"}],"author":[{"embeddable":true,"href":"https:\/\/www.confederaciondelcobre.cl\/index.php\/wp-json\/wp\/v2\/users\/2"}],"replies":[{"embeddable":true,"href":"https:\/\/www.confederaciondelcobre.cl\/index.php\/wp-json\/wp\/v2\/comments?post=4157"}],"version-history":[{"count":4,"href":"https:\/\/www.confederaciondelcobre.cl\/index.php\/wp-json\/wp\/v2\/posts\/4157\/revisions"}],"predecessor-version":[{"id":4162,"href":"https:\/\/www.confederaciondelcobre.cl\/index.php\/wp-json\/wp\/v2\/posts\/4157\/revisions\/4162"}],"wp:featuredmedia":[{"embeddable":true,"href":"https:\/\/www.confederaciondelcobre.cl\/index.php\/wp-json\/wp\/v2\/media\/4161"}],"wp:attachment":[{"href":"https:\/\/www.confederaciondelcobre.cl\/index.php\/wp-json\/wp\/v2\/media?parent=4157"}],"wp:term":[{"taxonomy":"category","embeddable":true,"href":"https:\/\/www.confederaciondelcobre.cl\/index.php\/wp-json\/wp\/v2\/categories?post=4157"},{"taxonomy":"post_tag","embeddable":true,"href":"https:\/\/www.confederaciondelcobre.cl\/index.php\/wp-json\/wp\/v2\/tags?post=4157"}],"curies":[{"name":"wp","href":"https:\/\/api.w.org\/{rel}","templated":true}]}}