{"id":4163,"date":"2023-09-08T17:52:17","date_gmt":"2023-09-08T21:52:17","guid":{"rendered":"https:\/\/www.confederaciondelcobre.cl\/?p=4163"},"modified":"2023-09-08T17:52:29","modified_gmt":"2023-09-08T21:52:29","slug":"presidenta-de-la-ctc-expuso-en-seminario-de-la-cumbre-internacional-por-la-democracia-y-los-derechos-humanos-organizado-por-la-municipalidad-de-recoleta","status":"publish","type":"post","link":"https:\/\/www.confederaciondelcobre.cl\/index.php\/2023\/09\/08\/presidenta-de-la-ctc-expuso-en-seminario-de-la-cumbre-internacional-por-la-democracia-y-los-derechos-humanos-organizado-por-la-municipalidad-de-recoleta\/","title":{"rendered":"Presidenta de la CTC expuso en Seminario de la Cumbre Internacional por la Democracia y los Derechos Humanos, organizado por la Municipalidad de Recoleta."},"content":{"rendered":"\n<p>En el marco de la Cumbre Internacional por la Democracia y los Derechos Humanos, organizada estos d\u00edas por la Municipalidad de Recoleta, el d\u00eda de hoy, y como parte del Seminario #Allende50a\u00f1os, se llev\u00f3 a cabo el panel llamado \u201cTransici\u00f3n ecol\u00f3gica y la recuperaci\u00f3n de los recursos naturales\u201d. En dicho panel particip\u00f3 y expuso Ana Lamas Aguirre, Presidenta de la CTC.<\/p>\n\n\n\n<p>En la oportunidad, donde tambi\u00e9n participaron Guilherme Cortez (Brasil) y Juan Cruz Ayala (Argentina), la Presidenta de la CTC se refiri\u00f3 en \u2014primer lugar\u2014 a la renacionalizaci\u00f3n del cobre y los bienes comunes estrat\u00e9gicos como uno de los pilares fundacionales de la Confederaci\u00f3n de Trabajadores del Cobre, agregando que esta renacionalizaci\u00f3n debe implicar una pol\u00edtica de explotaci\u00f3n minera sustentable. Es decir, que tenga absoluto respeto y cuidado de la ecolog\u00eda y comunidades aleda\u00f1as. En ese sentido, adem\u00e1s, Ana Lamas insisti\u00f3 en la necesidad de dejar de ser un pa\u00eds meramente exportador de materias primas, se\u00f1alando que a las materias primas debe incorpor\u00e1rseles valor agregado, para con ello fomentar ciencias aplicadas en la materia y conocimientos en otras \u00e1reas a fin de cambiar la matriz productiva del pa\u00eds, pues los recursos, como el cobre y el litio, son base en la matriz energ\u00e9tica de nuestro pa\u00eds.<\/p>\n\n\n\n<p>Ya en contexto de conmemorar los 50 a\u00f1os del golpe de Estado, record\u00f3 algunas medidas llevadas a cabo por el gobierno de la Unidad Popular (nacionalizaci\u00f3n del cobre, reforma agraria, el medio litro de leche, entre otras), como tambi\u00e9n el hecho de que las y los trabajadores ten\u00edan plena garant\u00eda de sus derechos. Es m\u00e1s, recalc\u00f3 la Presidenta de la CTC, las y los trabajadores eran protagonistas incluso en la toma de decisiones.<\/p>\n\n\n\n<p>Sobre el golpe de Estado propiamente tal, y a prop\u00f3sito del sector pol\u00edtico que lo instig\u00f3 y que en definitiva lo produjo, alert\u00f3 que hoy, a 50 a\u00f1os del inicio de los a\u00f1os m\u00e1s oscuros de nuestra historia, nuevamente sectores de derecha han adoptado una actitud desestabilizadora que pone bajo amenaza a la democracia en nuestro pa\u00eds. Ante aquello, finaliz\u00f3 Ana Lamas, es que las y los trabajadores debemos retomar protagonismo, no solo para defender y conquistar m\u00e1s y mejores derechos, sino que tambi\u00e9n para promover y defender la democracia.<\/p>\n","protected":false},"excerpt":{"rendered":"<p>En el marco de la Cumbre Internacional por la Democracia y los Derechos Humanos, organizada estos d\u00edas por la Municipalidad de Recoleta, el d\u00eda de hoy, y como parte del &hellip; <\/p>\n","protected":false},"author":2,"featured_media":4166,"comment_status":"closed","ping_status":"closed","sticky":false,"template":"","format":"standard","meta":{"jetpack_post_was_ever_published":false,"_jetpack_newsletter_access":"","_jetpack_dont_email_post_to_subs":false,"_jetpack_newsletter_tier_id":0,"_jetpack_memberships_contains_paywalled_content":false,"_jetpack_memberships_contains_paid_content":false,"footnotes":"","jetpack_publicize_message":"","jetpack_publicize_feature_enabled":false,"jetpack_social_post_already_shared":false,"jetpack_social_options":{"image_generator_settings":{"template":"highway","default_image_id":0,"enabled":false},"version":2}},"categories":[9,13,19],"tags":[],"class_list":["post-4163","post","type-post","status-publish","format-standard","has-post-thumbnail","hentry","category-confederacion","category-internacional","category-trabajadores"],"jetpack_publicize_connections":[],"jetpack_featured_media_url":"https:\/\/www.confederaciondelcobre.cl\/wp-content\/uploads\/2023\/09\/Port-7.jpg","jetpack_sharing_enabled":true,"post_mailing_queue_ids":[],"_links":{"self":[{"href":"https:\/\/www.confederaciondelcobre.cl\/index.php\/wp-json\/wp\/v2\/posts\/4163","targetHints":{"allow":["GET"]}}],"collection":[{"href":"https:\/\/www.confederaciondelcobre.cl\/index.php\/wp-json\/wp\/v2\/posts"}],"about":[{"href":"https:\/\/www.confederaciondelcobre.cl\/index.php\/wp-json\/wp\/v2\/types\/post"}],"author":[{"embeddable":true,"href":"https:\/\/www.confederaciondelcobre.cl\/index.php\/wp-json\/wp\/v2\/users\/2"}],"replies":[{"embeddable":true,"href":"https:\/\/www.confederaciondelcobre.cl\/index.php\/wp-json\/wp\/v2\/comments?post=4163"}],"version-history":[{"count":2,"href":"https:\/\/www.confederaciondelcobre.cl\/index.php\/wp-json\/wp\/v2\/posts\/4163\/revisions"}],"predecessor-version":[{"id":4165,"href":"https:\/\/www.confederaciondelcobre.cl\/index.php\/wp-json\/wp\/v2\/posts\/4163\/revisions\/4165"}],"wp:featuredmedia":[{"embeddable":true,"href":"https:\/\/www.confederaciondelcobre.cl\/index.php\/wp-json\/wp\/v2\/media\/4166"}],"wp:attachment":[{"href":"https:\/\/www.confederaciondelcobre.cl\/index.php\/wp-json\/wp\/v2\/media?parent=4163"}],"wp:term":[{"taxonomy":"category","embeddable":true,"href":"https:\/\/www.confederaciondelcobre.cl\/index.php\/wp-json\/wp\/v2\/categories?post=4163"},{"taxonomy":"post_tag","embeddable":true,"href":"https:\/\/www.confederaciondelcobre.cl\/index.php\/wp-json\/wp\/v2\/tags?post=4163"}],"curies":[{"name":"wp","href":"https:\/\/api.w.org\/{rel}","templated":true}]}}