{"id":4167,"date":"2023-09-10T18:48:35","date_gmt":"2023-09-10T22:48:35","guid":{"rendered":"https:\/\/www.confederaciondelcobre.cl\/?p=4167"},"modified":"2023-09-10T18:48:55","modified_gmt":"2023-09-10T22:48:55","slug":"comunicadoctc-ante-arremetida-de-la-ultraderecha-en-nuestro-pais","status":"publish","type":"post","link":"https:\/\/www.confederaciondelcobre.cl\/index.php\/2023\/09\/10\/comunicadoctc-ante-arremetida-de-la-ultraderecha-en-nuestro-pais\/","title":{"rendered":"#ComunicadoCTC ante arremetida de la ultraderecha en nuestro pa\u00eds."},"content":{"rendered":"\n<p class=\"has-text-align-center\"><strong>A LA OPINI\u00d3N P\u00daBLICA<\/strong><\/p>\n\n\n\n<p>Ante el agresivo comportamiento que han demostrado sectores de derecha, principalmente de ultraderecha, en los \u00faltimos meses, la Confederaci\u00f3n de Trabajadores del Cobre, organizaci\u00f3n nacional de las trabajadoras y trabajadores subcontratados del Cobre, manifiesta a la opini\u00f3n p\u00fablica lo siguiente:<\/p>\n\n\n\n<ul class=\"wp-block-list\" type=\"1\">\n<li><strong>El actual proceso constitucional, dominado sin contrapeso por la ultraderecha, avanza hacia una Carta Fundamental a la medida de los grandes y poderosos grupos econ\u00f3micos del pa\u00eds<\/strong>, y deja en evidencia el error hist\u00f3rico que signific\u00f3 haber rechazado la \u00fanica propuesta constituyente surgida del mandato del pueblo, y que pudo habernos permitido a los chilenos y chilenas haber dado el primer paso hacia un verdadero Estado Social de Derechos.<\/li>\n<\/ul>\n\n\n\n<ul class=\"wp-block-list\">\n<li>Producto de una persistente y bien financiada campa\u00f1a de desinformaci\u00f3n y terror, hoy <strong>tenemos en Chile una derecha fortalecida y una ultraderecha de claras caracter\u00edsticas neofascistas, agresiva, prepotente y sediciosa, al m\u00e1s puro estilo de la ultraderecha golpista que hace 50 a\u00f1os propici\u00f3 el golpe de Estado<\/strong> y sustent\u00f3 pol\u00edticamente a la dictadura criminal de Pinochet.<\/li>\n<\/ul>\n\n\n\n<ul class=\"wp-block-list\">\n<li><strong>La ultraderecha, con mayor\u00eda en el Consejo Constitucional, logra aprobar enmiendas que declaran concesibles los hidrocarburos <\/strong><strong>\u2014<\/strong><strong>petr\u00f3leo y gas natural, que han estado protegidos desde el gobierno de Salvador Allende hasta la actualidad<\/strong><strong>\u2014<\/strong><strong> <\/strong><strong>y posibles de privatizar todos los bienes que hasta ahora son p\u00fablicos<\/strong>, como el cobre estatal, el litio, los r\u00edos y lagos, las plazas, playas y parques nacionales, etc., que podr\u00edan ser entregados a los grandes capitalistas nacionales o extranjeros.<\/li>\n<\/ul>\n\n\n\n<ul class=\"wp-block-list\">\n<li>Al mismo tiempo, <strong>otorgan rango constitucional a las AFP, Isapres y cl\u00ednicas privadas. Imponen m\u00e1s limitaciones al derecho a huelga, reducen los derechos sexuales y reproductivos de las mujeres y de la comunidad LGBTIQ+, e introducen normas xen\u00f3fobas y racistas<\/strong>.<\/li>\n<\/ul>\n\n\n\n<ul class=\"wp-block-list\">\n<li><strong>Las trabajadoras y trabajadores subcontratados del cobre rechazamos las pretensiones de la ultraderecha de sepultar los avances conquistados en d\u00e9cadas de luchas sociales y sindicales, y rechazaremos siempre una Constituci\u00f3n antidemocr\u00e1tica y hecha a la medida de los poderosos grupos econ\u00f3micos. Como clase trabajadora defenderemos siempre nuestras conquistas laborales y sociales, as\u00ed como la democracia que ha costado tanta sangre y tantas vidas de chilenos y chilenas en los \u00faltimos 50 a\u00f1os.<\/strong><\/li>\n<\/ul>\n\n\n\n<p class=\"has-text-align-center\"><strong>CONFEDERACI\u00d3N DE TRABAJADORES DEL COBRE<\/strong><\/p>\n\n\n\n<p class=\"has-text-align-right\">Chile, domingo 10 de septiembre de 2023.<\/p>\n\n\n<div class=\"wp-block-image\">\n<figure class=\"aligncenter size-large\"><img loading=\"lazy\" decoding=\"async\" width=\"565\" height=\"1024\" src=\"https:\/\/www.confederaciondelcobre.cl\/wp-content\/uploads\/2023\/09\/AAUECC10.09.2023-565x1024.png\" alt=\"\" class=\"wp-image-4169\" srcset=\"https:\/\/www.confederaciondelcobre.cl\/wp-content\/uploads\/2023\/09\/AAUECC10.09.2023-565x1024.png 565w, https:\/\/www.confederaciondelcobre.cl\/wp-content\/uploads\/2023\/09\/AAUECC10.09.2023-166x300.png 166w, https:\/\/www.confederaciondelcobre.cl\/wp-content\/uploads\/2023\/09\/AAUECC10.09.2023.png 596w\" sizes=\"auto, (max-width: 565px) 100vw, 565px\" \/><\/figure><\/div>","protected":false},"excerpt":{"rendered":"<p>A LA OPINI\u00d3N P\u00daBLICA Ante el agresivo comportamiento que han demostrado sectores de derecha, principalmente de ultraderecha, en los \u00faltimos meses, la Confederaci\u00f3n de Trabajadores del Cobre, organizaci\u00f3n nacional de &hellip; <\/p>\n","protected":false},"author":2,"featured_media":4168,"comment_status":"closed","ping_status":"closed","sticky":false,"template":"","format":"standard","meta":{"jetpack_post_was_ever_published":false,"_jetpack_newsletter_access":"","_jetpack_dont_email_post_to_subs":false,"_jetpack_newsletter_tier_id":0,"_jetpack_memberships_contains_paywalled_content":false,"_jetpack_memberships_contains_paid_content":false,"footnotes":"","jetpack_publicize_message":"","jetpack_publicize_feature_enabled":false,"jetpack_social_post_already_shared":true,"jetpack_social_options":{"image_generator_settings":{"template":"highway","default_image_id":0,"enabled":false},"version":2}},"categories":[8,9,36,35,21,15,19],"tags":[],"class_list":["post-4167","post","type-post","status-publish","format-standard","has-post-thumbnail","hentry","category-comunicado","category-confederacion","category-el-cobre-para-chile","category-el-litio-para-chile","category-federaciones","category-nacional","category-trabajadores"],"jetpack_publicize_connections":[],"jetpack_featured_media_url":"https:\/\/www.confederaciondelcobre.cl\/wp-content\/uploads\/2023\/09\/Port-8.jpg","jetpack_sharing_enabled":true,"post_mailing_queue_ids":[],"_links":{"self":[{"href":"https:\/\/www.confederaciondelcobre.cl\/index.php\/wp-json\/wp\/v2\/posts\/4167","targetHints":{"allow":["GET"]}}],"collection":[{"href":"https:\/\/www.confederaciondelcobre.cl\/index.php\/wp-json\/wp\/v2\/posts"}],"about":[{"href":"https:\/\/www.confederaciondelcobre.cl\/index.php\/wp-json\/wp\/v2\/types\/post"}],"author":[{"embeddable":true,"href":"https:\/\/www.confederaciondelcobre.cl\/index.php\/wp-json\/wp\/v2\/users\/2"}],"replies":[{"embeddable":true,"href":"https:\/\/www.confederaciondelcobre.cl\/index.php\/wp-json\/wp\/v2\/comments?post=4167"}],"version-history":[{"count":1,"href":"https:\/\/www.confederaciondelcobre.cl\/index.php\/wp-json\/wp\/v2\/posts\/4167\/revisions"}],"predecessor-version":[{"id":4170,"href":"https:\/\/www.confederaciondelcobre.cl\/index.php\/wp-json\/wp\/v2\/posts\/4167\/revisions\/4170"}],"wp:featuredmedia":[{"embeddable":true,"href":"https:\/\/www.confederaciondelcobre.cl\/index.php\/wp-json\/wp\/v2\/media\/4168"}],"wp:attachment":[{"href":"https:\/\/www.confederaciondelcobre.cl\/index.php\/wp-json\/wp\/v2\/media?parent=4167"}],"wp:term":[{"taxonomy":"category","embeddable":true,"href":"https:\/\/www.confederaciondelcobre.cl\/index.php\/wp-json\/wp\/v2\/categories?post=4167"},{"taxonomy":"post_tag","embeddable":true,"href":"https:\/\/www.confederaciondelcobre.cl\/index.php\/wp-json\/wp\/v2\/tags?post=4167"}],"curies":[{"name":"wp","href":"https:\/\/api.w.org\/{rel}","templated":true}]}}