{"id":4172,"date":"2023-09-13T10:14:53","date_gmt":"2023-09-13T14:14:53","guid":{"rendered":"https:\/\/www.confederaciondelcobre.cl\/?p=4172"},"modified":"2023-09-13T10:15:07","modified_gmt":"2023-09-13T14:15:07","slug":"en-rancagua-sindicato-sandvick-chile-no2-se-afilia-a-federacion-de-la-ctc-e-inicia-su-primera-negociacion-colectiva","status":"publish","type":"post","link":"https:\/\/www.confederaciondelcobre.cl\/index.php\/2023\/09\/13\/en-rancagua-sindicato-sandvick-chile-no2-se-afilia-a-federacion-de-la-ctc-e-inicia-su-primera-negociacion-colectiva\/","title":{"rendered":"En Rancagua: Sindicato Sandvick Chile N\u00ba2 se afilia a federaci\u00f3n de la CTC, e inicia su primera negociaci\u00f3n colectiva."},"content":{"rendered":"\n<p>Mejores condiciones de seguridad, salariales y beneficios sociales, entre otras, son las principales demandas del sindicato que re\u00fane a trabajadores que laboran en la empresa Sandvick Chile S.A., empresa que presta servicios en la Divisi\u00f3n El Teniente de Codelco.<\/p>\n\n\n\n<hr class=\"wp-block-separator has-alpha-channel-opacity\"\/>\n\n\n\n<p>Constituido en julio del presente, el Sindicato Sandvick Chile N\u00ba2 se afili\u00f3 a principios de agosto a la FETRATEC (que es federaci\u00f3n de la CTC en la Regi\u00f3n de O&#8217;Higgins), y a fines del mismo mes present\u00f3 su primer proyecto de negociaci\u00f3n colectiva. Entre sus principales demandas, cabe se\u00f1alar, se encuentran <strong>mejorar las condiciones de seguridad en que desempe\u00f1an sus labores, as\u00ed como sus salarios y la ampliaci\u00f3n de beneficios sociales<\/strong>. <\/p>\n\n\n\n<blockquote class=\"wp-block-quote is-layout-flow wp-block-quote-is-layout-flow\">\n<p>La directiva del Sindicato Sandvick Chile N\u00ba2 est\u00e1 compuesta por Claudio Rodriguez Alvarez, Presidente; Jose Olivo Boza, Secretario; y Sebastian Palma Trejos, Tesorero.<\/p>\n<\/blockquote>\n\n\n\n<p>&#8220;Nuestra uni\u00f3n a la federaci\u00f3n [FETRATEC] fue para tener m\u00e1s fuerza y ayuda de la gente que tiene experiencia en el tema sindical&#8221;, se\u00f1al\u00f3 Claudio Rodr\u00edquez, Presidente del sindicato, quien a su vez valor\u00f3 el apoyo de los dirigentes de la FETRATEC, incluso para constituirse como organizaci\u00f3n sindical. Es de tal manera, entonces, que junto con seguir contando con dicho apoyo, desde la directiva esperan que esta negociaci\u00f3n (la primera de su sindicato) tenga resultados favorables para sus socios.<\/p>\n\n\n\n<p>Desde la Confederaci\u00f3n de Trabajadores del Cobre saludamos la constituci\u00f3n, afiliaci\u00f3n e inicio de la primera negociaci\u00f3n colectiva del Sindicato Sandvick Chile N\u00ba2. Dicho proceso, que son sus primeros y muy importantes pasos, es muestra inequ\u00edvoca de la unidad y conciencia de sus socios en torno a la organizaci\u00f3n. Reiteramos, entonces, nuestro saludo y damos la bienvenida al Sindicato Sandvick Chile N\u00ba2, a sus dirigentes y socios.<\/p>\n","protected":false},"excerpt":{"rendered":"<p>Mejores condiciones de seguridad, salariales y beneficios sociales, entre otras, son las principales demandas del sindicato que re\u00fane a trabajadores que laboran en la empresa Sandvick Chile S.A., empresa que &hellip; <\/p>\n","protected":false},"author":2,"featured_media":4176,"comment_status":"closed","ping_status":"closed","sticky":false,"template":"","format":"standard","meta":{"jetpack_post_was_ever_published":false,"_jetpack_newsletter_access":"","_jetpack_dont_email_post_to_subs":false,"_jetpack_newsletter_tier_id":0,"_jetpack_memberships_contains_paywalled_content":false,"_jetpack_memberships_contains_paid_content":false,"footnotes":"","jetpack_publicize_message":"","jetpack_publicize_feature_enabled":false,"jetpack_social_post_already_shared":true,"jetpack_social_options":{"image_generator_settings":{"template":"highway","default_image_id":0,"enabled":false},"version":2}},"categories":[9,21,31,20,19],"tags":[],"class_list":["post-4172","post","type-post","status-publish","format-standard","has-post-thumbnail","hentry","category-confederacion","category-federaciones","category-fetratec","category-negociacion-colectiva","category-trabajadores"],"jetpack_publicize_connections":[],"jetpack_featured_media_url":"https:\/\/www.confederaciondelcobre.cl\/wp-content\/uploads\/2023\/09\/Port-9.jpg","jetpack_sharing_enabled":true,"post_mailing_queue_ids":[],"_links":{"self":[{"href":"https:\/\/www.confederaciondelcobre.cl\/index.php\/wp-json\/wp\/v2\/posts\/4172","targetHints":{"allow":["GET"]}}],"collection":[{"href":"https:\/\/www.confederaciondelcobre.cl\/index.php\/wp-json\/wp\/v2\/posts"}],"about":[{"href":"https:\/\/www.confederaciondelcobre.cl\/index.php\/wp-json\/wp\/v2\/types\/post"}],"author":[{"embeddable":true,"href":"https:\/\/www.confederaciondelcobre.cl\/index.php\/wp-json\/wp\/v2\/users\/2"}],"replies":[{"embeddable":true,"href":"https:\/\/www.confederaciondelcobre.cl\/index.php\/wp-json\/wp\/v2\/comments?post=4172"}],"version-history":[{"count":7,"href":"https:\/\/www.confederaciondelcobre.cl\/index.php\/wp-json\/wp\/v2\/posts\/4172\/revisions"}],"predecessor-version":[{"id":4193,"href":"https:\/\/www.confederaciondelcobre.cl\/index.php\/wp-json\/wp\/v2\/posts\/4172\/revisions\/4193"}],"wp:featuredmedia":[{"embeddable":true,"href":"https:\/\/www.confederaciondelcobre.cl\/index.php\/wp-json\/wp\/v2\/media\/4176"}],"wp:attachment":[{"href":"https:\/\/www.confederaciondelcobre.cl\/index.php\/wp-json\/wp\/v2\/media?parent=4172"}],"wp:term":[{"taxonomy":"category","embeddable":true,"href":"https:\/\/www.confederaciondelcobre.cl\/index.php\/wp-json\/wp\/v2\/categories?post=4172"},{"taxonomy":"post_tag","embeddable":true,"href":"https:\/\/www.confederaciondelcobre.cl\/index.php\/wp-json\/wp\/v2\/tags?post=4172"}],"curies":[{"name":"wp","href":"https:\/\/api.w.org\/{rel}","templated":true}]}}