{"id":418,"date":"2019-09-30T16:50:13","date_gmt":"2019-09-30T16:50:13","guid":{"rendered":"http:\/\/www.ctc2018.cl\/?p=418"},"modified":"2020-04-26T23:40:51","modified_gmt":"2020-04-26T23:40:51","slug":"organizaciones-sindicales-interponen-recurso-de-proteccion-en-contra-del-estado-de-chile-y-las-afp","status":"publish","type":"post","link":"https:\/\/www.confederaciondelcobre.cl\/index.php\/2019\/09\/30\/organizaciones-sindicales-interponen-recurso-de-proteccion-en-contra-del-estado-de-chile-y-las-afp\/","title":{"rendered":"Organizaciones Sindicales interponen Recurso de Protecci\u00f3n en contra del Estado de Chile y las AFP."},"content":{"rendered":"\n<p>El d\u00eda de hoy y en la Corte de Apelaciones de Santiago, <strong>el Sindicato de Trabajadores Interempresa Nacional de la Construcci\u00f3n Industrial y Actividades Anexas, SINACIN; la Confederaci\u00f3n de Trabajadores del Cobre, CTC; la Confederaci\u00f3n de Trabajadores de la Construcci\u00f3n, CTCO; y la Central Unitaria de Trabajadores, CUT, presentaron un Recurso de Protecci\u00f3n en contra del Estado de Chile y las AFP\u2019s con la finalidad de que a las y los trabajadores de Chile se les reconozca y conceda el derecho a decidir donde ahorrar para sus pensiones.<\/strong><\/p>\n\n\n\n<p><strong>D<\/strong>icho Recurso de Protecci\u00f3n<strong> tiene por fundamento la absoluta arbitrariedad del Decreto Ley N\u00ba3500,<\/strong> impuesto el a\u00f1o 1980 durante la dictadura c\u00edvico militar, <strong>que establece un Sistema Previsional de Capitalizaci\u00f3n individual y obligatoria<\/strong>. Es decir; <strong>obliga a las y los trabajadores a imponer en un \u00fanico modelo de Sistema Previsional y de Capitalizaci\u00f3n Individual, cuya administraci\u00f3n est\u00e1 a cargo de las Administradoras de Fondos de Pensiones (AFP) y que, como consecuencia, coarta el leg\u00edtimo derecho de las personas a elegir un Sistema Previsional distinto<\/strong>.<\/p>\n\n\n\n<ul class=\"wp-block-list\"><li><em>Los recurrentes, es decir, las organizaciones sindicales mencionadas, enfatizan en que la acci\u00f3n del Estado de Chile debe estar dirigida a garantizar el acceso de todos los habitantes al goce y prestaciones b\u00e1sicas uniformes y al sistema de protecci\u00f3n social, considerando que el sistema privado de las AFP\u2019s no garantiza pensiones dignas. <strong>El rol del Estado -recalcan- debe ser el de supervigilar el adecuado ejercicio del derecho a la Seguridad Social, lo que evidentemente con las pensiones de miseria que otorga el actual sistema monop\u00f3lico de las AFP no se cumple<\/strong>.<\/em><\/li><\/ul>\n\n\n\n<p><strong>Manuel Ahumada Letelier<\/strong>, Presidente de la Confederaci\u00f3n de Trabajadores del Cobre (CTC), se\u00f1al\u00f3 que <strong>\u201choy no se puede hablar de un sistema previsional como tal. Lo que tenemos hoy es un sistema de ahorro forzoso, donde las utilidades, si es que las hay, en realidad no las gozan los trabajadores una vez que han terminado su actividad laboral\u201d<\/strong>. Dicha situaci\u00f3n, continu\u00f3, <strong>\u201ces de total injusticia porque somos las y los trabajadores quienes generamos la riqueza, una riqueza que con el actual sistema es arrebatada por las AFP. Entonces todo eso, sumado a la imposibilidad que tienen los trabajadores de elegir donde poner sus ahorros previsionales, es una situaci\u00f3n ya inaceptable\u201d<\/strong>, finaliz\u00f3.<\/p>\n","protected":false},"excerpt":{"rendered":"<p>El d\u00eda de hoy y en la Corte de Apelaciones de Santiago, el Sindicato de Trabajadores Interempresa Nacional de la Construcci\u00f3n Industrial y Actividades Anexas, SINACIN; la Confederaci\u00f3n de Trabajadores &hellip; <\/p>\n","protected":false},"author":2,"featured_media":419,"comment_status":"open","ping_status":"open","sticky":false,"template":"","format":"standard","meta":{"jetpack_post_was_ever_published":false,"_jetpack_newsletter_access":"","_jetpack_dont_email_post_to_subs":false,"_jetpack_newsletter_tier_id":0,"_jetpack_memberships_contains_paywalled_content":false,"_jetpack_memberships_contains_paid_content":false,"footnotes":"","jetpack_publicize_message":"","jetpack_publicize_feature_enabled":true,"jetpack_social_post_already_shared":false,"jetpack_social_options":{"image_generator_settings":{"template":"highway","default_image_id":0,"enabled":false},"version":2}},"categories":[9,14,19],"tags":[],"class_list":["post-418","post","type-post","status-publish","format-standard","has-post-thumbnail","hentry","category-confederacion","category-movimientos-sociales","category-trabajadores"],"jetpack_publicize_connections":[],"jetpack_featured_media_url":"https:\/\/www.confederaciondelcobre.cl\/wp-content\/uploads\/2019\/11\/RECPROAFP.jpg","jetpack_sharing_enabled":true,"post_mailing_queue_ids":[],"_links":{"self":[{"href":"https:\/\/www.confederaciondelcobre.cl\/index.php\/wp-json\/wp\/v2\/posts\/418","targetHints":{"allow":["GET"]}}],"collection":[{"href":"https:\/\/www.confederaciondelcobre.cl\/index.php\/wp-json\/wp\/v2\/posts"}],"about":[{"href":"https:\/\/www.confederaciondelcobre.cl\/index.php\/wp-json\/wp\/v2\/types\/post"}],"author":[{"embeddable":true,"href":"https:\/\/www.confederaciondelcobre.cl\/index.php\/wp-json\/wp\/v2\/users\/2"}],"replies":[{"embeddable":true,"href":"https:\/\/www.confederaciondelcobre.cl\/index.php\/wp-json\/wp\/v2\/comments?post=418"}],"version-history":[{"count":1,"href":"https:\/\/www.confederaciondelcobre.cl\/index.php\/wp-json\/wp\/v2\/posts\/418\/revisions"}],"predecessor-version":[{"id":420,"href":"https:\/\/www.confederaciondelcobre.cl\/index.php\/wp-json\/wp\/v2\/posts\/418\/revisions\/420"}],"wp:featuredmedia":[{"embeddable":true,"href":"https:\/\/www.confederaciondelcobre.cl\/index.php\/wp-json\/wp\/v2\/media\/419"}],"wp:attachment":[{"href":"https:\/\/www.confederaciondelcobre.cl\/index.php\/wp-json\/wp\/v2\/media?parent=418"}],"wp:term":[{"taxonomy":"category","embeddable":true,"href":"https:\/\/www.confederaciondelcobre.cl\/index.php\/wp-json\/wp\/v2\/categories?post=418"},{"taxonomy":"post_tag","embeddable":true,"href":"https:\/\/www.confederaciondelcobre.cl\/index.php\/wp-json\/wp\/v2\/tags?post=418"}],"curies":[{"name":"wp","href":"https:\/\/api.w.org\/{rel}","templated":true}]}}