{"id":4180,"date":"2023-09-12T20:04:24","date_gmt":"2023-09-13T00:04:24","guid":{"rendered":"https:\/\/www.confederaciondelcobre.cl\/?p=4180"},"modified":"2023-09-12T20:17:56","modified_gmt":"2023-09-13T00:17:56","slug":"convenio-176-de-la-oit-comision-de-la-camara-aprueba-proyecto-de-acuerdo-y-debera-ser-votado-en-sala","status":"publish","type":"post","link":"https:\/\/www.confederaciondelcobre.cl\/index.php\/2023\/09\/12\/convenio-176-de-la-oit-comision-de-la-camara-aprueba-proyecto-de-acuerdo-y-debera-ser-votado-en-sala\/","title":{"rendered":"Convenio 176 de la OIT: Comisi\u00f3n de la C\u00e1mara aprueba proyecto de acuerdo y deber\u00e1 ser votado en sala."},"content":{"rendered":"\n<p>Con doce votos a favor, cero abstenciones y ninguno contra, el proyecto de acuerdo ha sido despachado de la Comisi\u00f3n de Trabajo y Seguridad Social y deber\u00e1 ser sometido a votaci\u00f3n en la sala de la C\u00e1mara de Diputadas y Diputados.<\/p>\n\n\n\n<hr class=\"wp-block-separator has-alpha-channel-opacity\"\/>\n\n\n\n<p>En sesi\u00f3n realizada el d\u00eda de hoy, la Comisi\u00f3n de Trabajo y Seguridad Social de la C\u00e1mara de Diputadas y Diputados aprob\u00f3 \u2014por unanimidad\u2014 el proyecto de acuerdo presentado por el Gobierno de Chile que busca ratificar el <a rel=\"noreferrer noopener\" href=\"https:\/\/www.ilo.org\/dyn\/normlex\/es\/f?p=NORMLEXPUB:12100:0::NO::P12100_ILO_CODE:C176\" target=\"_blank\">Convenio 176 de la Organizaci\u00f3n Internacional del Trabajo (OIT) sobre seguridad y salud en las minas<\/a>. En dicha sesi\u00f3n, cabe destacar, participaron Ana Lamas Aguirre, Presidenta de la CTC; y Ricardo Calder\u00f3n, dirigente de la FESUC, quienes, en representaci\u00f3n de la Coordinadora de Trabajadores de la Miner\u00eda (CTMIN) argumentaron sobre la absoluta importancia y necesidad de aprobar el mencionado instrumento, que tiene que ver con la seguridad y vida de las y los trabajadores de la industria minera.<\/p>\n\n\n\n<p>Ya aprobado anteriormente en la Comisi\u00f3n de Relaciones Exteriores de la C\u00e1mara de Diputadas y Diputados (tambi\u00e9n por la unanimidad de sus miembros), y hoy por la Comisi\u00f3n de Trabajo y Seguridad Social de la misma Corporaci\u00f3n, el proyecto de acuerdo que busca ratificar el Convenio 176 de la OIT ha sido despachado para ser sometido a votaci\u00f3n en sala, lo que pondr\u00e1 fin a su primer tr\u00e1mite legislativo.<\/p>\n\n\n\n<figure class=\"wp-block-image size-full\"><img loading=\"lazy\" decoding=\"async\" width=\"800\" height=\"600\" src=\"https:\/\/www.confederaciondelcobre.cl\/wp-content\/uploads\/2023\/09\/CTMIN.jpg\" alt=\"\" class=\"wp-image-4186\" srcset=\"https:\/\/www.confederaciondelcobre.cl\/wp-content\/uploads\/2023\/09\/CTMIN.jpg 800w, https:\/\/www.confederaciondelcobre.cl\/wp-content\/uploads\/2023\/09\/CTMIN-300x225.jpg 300w, https:\/\/www.confederaciondelcobre.cl\/wp-content\/uploads\/2023\/09\/CTMIN-768x576.jpg 768w\" sizes=\"auto, (max-width: 800px) 100vw, 800px\" \/><\/figure>\n\n\n\n<p>Revisa a continuaci\u00f3n la sesi\u00f3n del d\u00eda de hoy, de la Comisi\u00f3n de Trabajo y Seguridad Social de la C\u00e1mara de Diputadas y Diputados:<\/p>\n\n\n\n<figure class=\"wp-block-embed is-type-video is-provider-youtube wp-block-embed-youtube wp-embed-aspect-4-3 wp-has-aspect-ratio\"><div class=\"wp-block-embed__wrapper\">\n<iframe loading=\"lazy\" title=\"Emisi\u00f3n en directo de Online 01 C\u00e1mara de Diputados de Chile\" width=\"735\" height=\"551\" src=\"https:\/\/www.youtube.com\/embed\/ay5f5KhkoHc?start=2388&#038;feature=oembed\" frameborder=\"0\" allow=\"accelerometer; autoplay; clipboard-write; encrypted-media; gyroscope; picture-in-picture; web-share\" allowfullscreen><\/iframe>\n<\/div><\/figure>\n","protected":false},"excerpt":{"rendered":"<p>Con doce votos a favor, cero abstenciones y ninguno contra, el proyecto de acuerdo ha sido despachado de la Comisi\u00f3n de Trabajo y Seguridad Social y deber\u00e1 ser sometido a &hellip; <\/p>\n","protected":false},"author":2,"featured_media":4185,"comment_status":"closed","ping_status":"closed","sticky":false,"template":"","format":"standard","meta":{"jetpack_post_was_ever_published":false,"_jetpack_newsletter_access":"","_jetpack_dont_email_post_to_subs":false,"_jetpack_newsletter_tier_id":0,"_jetpack_memberships_contains_paywalled_content":false,"_jetpack_memberships_contains_paid_content":false,"footnotes":"","jetpack_publicize_message":"","jetpack_publicize_feature_enabled":false,"jetpack_social_post_already_shared":true,"jetpack_social_options":{"image_generator_settings":{"template":"highway","default_image_id":0,"enabled":false},"version":2}},"categories":[9,11,13,15,19],"tags":[],"class_list":["post-4180","post","type-post","status-publish","format-standard","has-post-thumbnail","hentry","category-confederacion","category-ctmin","category-internacional","category-nacional","category-trabajadores"],"jetpack_publicize_connections":[],"jetpack_featured_media_url":"https:\/\/www.confederaciondelcobre.cl\/wp-content\/uploads\/2023\/09\/Port-10.jpg","jetpack_sharing_enabled":true,"post_mailing_queue_ids":[],"_links":{"self":[{"href":"https:\/\/www.confederaciondelcobre.cl\/index.php\/wp-json\/wp\/v2\/posts\/4180","targetHints":{"allow":["GET"]}}],"collection":[{"href":"https:\/\/www.confederaciondelcobre.cl\/index.php\/wp-json\/wp\/v2\/posts"}],"about":[{"href":"https:\/\/www.confederaciondelcobre.cl\/index.php\/wp-json\/wp\/v2\/types\/post"}],"author":[{"embeddable":true,"href":"https:\/\/www.confederaciondelcobre.cl\/index.php\/wp-json\/wp\/v2\/users\/2"}],"replies":[{"embeddable":true,"href":"https:\/\/www.confederaciondelcobre.cl\/index.php\/wp-json\/wp\/v2\/comments?post=4180"}],"version-history":[{"count":9,"href":"https:\/\/www.confederaciondelcobre.cl\/index.php\/wp-json\/wp\/v2\/posts\/4180\/revisions"}],"predecessor-version":[{"id":4192,"href":"https:\/\/www.confederaciondelcobre.cl\/index.php\/wp-json\/wp\/v2\/posts\/4180\/revisions\/4192"}],"wp:featuredmedia":[{"embeddable":true,"href":"https:\/\/www.confederaciondelcobre.cl\/index.php\/wp-json\/wp\/v2\/media\/4185"}],"wp:attachment":[{"href":"https:\/\/www.confederaciondelcobre.cl\/index.php\/wp-json\/wp\/v2\/media?parent=4180"}],"wp:term":[{"taxonomy":"category","embeddable":true,"href":"https:\/\/www.confederaciondelcobre.cl\/index.php\/wp-json\/wp\/v2\/categories?post=4180"},{"taxonomy":"post_tag","embeddable":true,"href":"https:\/\/www.confederaciondelcobre.cl\/index.php\/wp-json\/wp\/v2\/tags?post=4180"}],"curies":[{"name":"wp","href":"https:\/\/api.w.org\/{rel}","templated":true}]}}