{"id":4194,"date":"2023-09-13T12:00:47","date_gmt":"2023-09-13T16:00:47","guid":{"rendered":"https:\/\/www.confederaciondelcobre.cl\/?p=4194"},"modified":"2023-09-13T12:00:51","modified_gmt":"2023-09-13T16:00:51","slug":"acuerdomarco-ctc-codelco-resultados-finales-becas-de-educacion-superior-proceso-2023","status":"publish","type":"post","link":"https:\/\/www.confederaciondelcobre.cl\/index.php\/2023\/09\/13\/acuerdomarco-ctc-codelco-resultados-finales-becas-de-educacion-superior-proceso-2023\/","title":{"rendered":"#AcuerdoMarco CTC-Codelco: resultados finales Becas de Educaci\u00f3n Superior, proceso 2023."},"content":{"rendered":"\n<p>Compa\u00f1eras y Compa\u00f1eros, comunicamos que&nbsp;<strong>a partir de hoy mi\u00e9rcoles 13 de septiembre ya est\u00e1n disponibles los resultados finales de sus postulaciones a las Becas de Educaci\u00f3n Superior (proceso 2023) que corresponden al Acuerdo Marco entre la Confederaci\u00f3n de Trabajadores del Cobre (CTC), Agema y Codelco.<\/strong><\/p>\n\n\n\n<ul class=\"wp-block-list\">\n<li>Las becas, contenidas en el nuevo y actual Acuerdo Marco entre la Confederaci\u00f3n de Trabajadores del Cobre (CTC), Agema y Codelco, son&nbsp;<strong>para trabajadoras y trabajadores que presten servicios personales, permanentes, continuos y exclusivos a la empresa contratista en los recintos industriales o establecimientos productivos o administrativos de las Divisiones Productivas de Codelco Chile<\/strong>&nbsp;(incluidas las dependencias de casa Matriz de la Empresa Principal),&nbsp;<strong>por un per\u00edodo m\u00ednimo de un mes calendario, en servicios para la operaci\u00f3n y para proyectos de obras que son contratados y administrados directamente por las Divisiones Productivas de Codelco, en r\u00e9gimen de subcontrataci\u00f3n laboral<\/strong>.<\/li>\n\n\n\n<li>Las becas establecen una cantidad de&nbsp;<strong>4.500 cupos&nbsp;por un total de $959.840 pesos brutos&nbsp;cada una, y se ampl\u00edan adem\u00e1s a las y los hijos del trabajador o trabajadora, a el o la c\u00f3nyuge o conviviente civil, y a el o la conviviente acompa\u00f1ando la respectiva declaraci\u00f3n notarial. Incluye tambi\u00e9n a las y los hijos no comunes de el o la c\u00f3nyuge o conviviente civil y del o la conviviente<\/strong>.<\/li>\n<\/ul>\n\n\n\n<p><strong>Para revisar el resultado final de sus postulaciones, y saber si la beca finalmente ha sido adjudicada, deben ingresar preferentemente desde un computador al sitio de la OTIC de la C\u00e1mara Chilena de la Construcci\u00f3n&nbsp;<\/strong><a rel=\"noreferrer noopener\" href=\"https:\/\/www.oticdelaconstruccion.cl\/fondos2023\/\" target=\"_blank\">(HACIENDO CLICK AQU\u00cd)<\/a><strong>&nbsp;y seleccionar la opci\u00f3n \u201cBecas de Educaci\u00f3n Superior\u201d. Una vez all\u00ed, en el bot\u00f3n \u201cingresar\u201d, el o la trabajadora debe ingresar su RUT y el sistema arrojar\u00e1 la informaci\u00f3n requerida.&nbsp;<\/strong><\/p>\n\n\n\n<ul class=\"wp-block-list\">\n<li><strong>IMPORTANTE:<\/strong>&nbsp;<strong>el pago de las becas adjudicadas, a quienes hayan cumplido con el proceso de forma satisfactoria,&nbsp;se har\u00e1 en cualquier sucursal del Banco de Chile a partir del viernes 22 de septiembre y ser\u00e1 efectuado mediante vale vista nominativo a nombre del o la beneficiaria, quien deber\u00e1 concurrir con su c\u00e9dula de identidad dentro de un plazo no superior a seis meses.<\/strong><\/li>\n\n\n\n<li><strong>NOTA<\/strong>: mayores detalles respecto del proceso y pago, pueden encontrarlos en el mismo sitio y secci\u00f3n (Becas) se\u00f1alado.<\/li>\n<\/ul>\n\n\n\n<p><strong>Las y los trabajadores agrupados y organizados en la Confederaci\u00f3n de Trabajadores del Cobre, a partir de la conquista y firma del Acuerdo Marco con Codelco, han logrado una serie de derechos y beneficios, entre ellos el acceso a Becas de Educaci\u00f3n Superior. Es por ello que, junto con hacer el llamado a mantener una activa y permanente organizaci\u00f3n sindical, llamamos a todas y todos a difundir esta informaci\u00f3n entre sus compa\u00f1eras y compa\u00f1eros.<\/strong> Ac\u00e9rcate a tu sindicato o federaci\u00f3n de la CTC, organ\u00edzate, participa.<\/p>\n\n\n\n<p>A continuaci\u00f3n, para su consideraci\u00f3n, dejamos calendario con el proceso completo:<\/p>\n\n\n\n<figure class=\"wp-block-image size-large\"><img loading=\"lazy\" decoding=\"async\" width=\"1024\" height=\"1024\" src=\"https:\/\/www.confederaciondelcobre.cl\/wp-content\/uploads\/2023\/04\/Becas-Educacion-Superior-1024x1024.png\" alt=\"\" class=\"wp-image-3424\" srcset=\"https:\/\/www.confederaciondelcobre.cl\/wp-content\/uploads\/2023\/04\/Becas-Educacion-Superior-1024x1024.png 1024w, https:\/\/www.confederaciondelcobre.cl\/wp-content\/uploads\/2023\/04\/Becas-Educacion-Superior-300x300.png 300w, https:\/\/www.confederaciondelcobre.cl\/wp-content\/uploads\/2023\/04\/Becas-Educacion-Superior-150x150.png 150w, https:\/\/www.confederaciondelcobre.cl\/wp-content\/uploads\/2023\/04\/Becas-Educacion-Superior-768x768.png 768w, https:\/\/www.confederaciondelcobre.cl\/wp-content\/uploads\/2023\/04\/Becas-Educacion-Superior.png 1080w\" sizes=\"auto, (max-width: 1024px) 100vw, 1024px\" \/><\/figure>\n","protected":false},"excerpt":{"rendered":"<p>Compa\u00f1eras y Compa\u00f1eros, comunicamos que&nbsp;a partir de hoy mi\u00e9rcoles 13 de septiembre ya est\u00e1n disponibles los resultados finales de sus postulaciones a las Becas de Educaci\u00f3n Superior (proceso 2023) que &hellip; <\/p>\n","protected":false},"author":2,"featured_media":3423,"comment_status":"closed","ping_status":"closed","sticky":false,"template":"","format":"standard","meta":{"jetpack_post_was_ever_published":false,"_jetpack_newsletter_access":"","_jetpack_dont_email_post_to_subs":false,"_jetpack_newsletter_tier_id":0,"_jetpack_memberships_contains_paywalled_content":false,"_jetpack_memberships_contains_paid_content":false,"footnotes":"","jetpack_publicize_message":"","jetpack_publicize_feature_enabled":false,"jetpack_social_post_already_shared":true,"jetpack_social_options":{"image_generator_settings":{"template":"highway","default_image_id":0,"enabled":false},"version":2}},"categories":[5,23,9,21,15,19],"tags":[],"class_list":["post-4194","post","type-post","status-publish","format-standard","has-post-thumbnail","hentry","category-acuerdo-marco","category-acuerdo-marco-codelco","category-confederacion","category-federaciones","category-nacional","category-trabajadores"],"jetpack_publicize_connections":[],"jetpack_featured_media_url":"https:\/\/www.confederaciondelcobre.cl\/wp-content\/uploads\/2023\/04\/PortBecas2023.jpg","jetpack_sharing_enabled":true,"post_mailing_queue_ids":[],"_links":{"self":[{"href":"https:\/\/www.confederaciondelcobre.cl\/index.php\/wp-json\/wp\/v2\/posts\/4194","targetHints":{"allow":["GET"]}}],"collection":[{"href":"https:\/\/www.confederaciondelcobre.cl\/index.php\/wp-json\/wp\/v2\/posts"}],"about":[{"href":"https:\/\/www.confederaciondelcobre.cl\/index.php\/wp-json\/wp\/v2\/types\/post"}],"author":[{"embeddable":true,"href":"https:\/\/www.confederaciondelcobre.cl\/index.php\/wp-json\/wp\/v2\/users\/2"}],"replies":[{"embeddable":true,"href":"https:\/\/www.confederaciondelcobre.cl\/index.php\/wp-json\/wp\/v2\/comments?post=4194"}],"version-history":[{"count":3,"href":"https:\/\/www.confederaciondelcobre.cl\/index.php\/wp-json\/wp\/v2\/posts\/4194\/revisions"}],"predecessor-version":[{"id":4201,"href":"https:\/\/www.confederaciondelcobre.cl\/index.php\/wp-json\/wp\/v2\/posts\/4194\/revisions\/4201"}],"wp:featuredmedia":[{"embeddable":true,"href":"https:\/\/www.confederaciondelcobre.cl\/index.php\/wp-json\/wp\/v2\/media\/3423"}],"wp:attachment":[{"href":"https:\/\/www.confederaciondelcobre.cl\/index.php\/wp-json\/wp\/v2\/media?parent=4194"}],"wp:term":[{"taxonomy":"category","embeddable":true,"href":"https:\/\/www.confederaciondelcobre.cl\/index.php\/wp-json\/wp\/v2\/categories?post=4194"},{"taxonomy":"post_tag","embeddable":true,"href":"https:\/\/www.confederaciondelcobre.cl\/index.php\/wp-json\/wp\/v2\/tags?post=4194"}],"curies":[{"name":"wp","href":"https:\/\/api.w.org\/{rel}","templated":true}]}}