{"id":4197,"date":"2023-09-13T17:21:54","date_gmt":"2023-09-13T21:21:54","guid":{"rendered":"https:\/\/www.confederaciondelcobre.cl\/?p=4197"},"modified":"2023-09-13T17:58:22","modified_gmt":"2023-09-13T21:58:22","slug":"nelsonquichillao-cut-y-ctc-se-reunieron-con-director-de-oficina-de-la-oit-para-el-cono-sur-de-amercia-latina","status":"publish","type":"post","link":"https:\/\/www.confederaciondelcobre.cl\/index.php\/2023\/09\/13\/nelsonquichillao-cut-y-ctc-se-reunieron-con-director-de-oficina-de-la-oit-para-el-cono-sur-de-amercia-latina\/","title":{"rendered":"#NelsonQuichillao: CUT y CTC se reunieron con Director de Oficina de la OIT para el Cono Sur de Am\u00e9rica Latina."},"content":{"rendered":"\n<p>El d\u00eda de hoy, el Presidente de la Central Unitaria de Trabajadores (CUT), David Acu\u00f1a Millahueique; y la Presidenta de la Confederaci\u00f3n de Trabajadores del Cobre (CTC), Ana Lamas Aguirre, quien asisti\u00f3 acompa\u00f1ada de Directores Nacionales de la CTC; se reunieron con Fabio Bertranou, Director de la Oficina de la Organizaci\u00f3n Internacional del Trabajo (OIT) para el Cono Sur de America Latina.<\/p>\n\n\n\n<p>El encuentro, que tuvo por objeto aportar nuevos antecedentes en torno al asesinato de nuestro compa\u00f1ero Nelson Quichillao, y que estos sean sometidos a los \u00f3rganos de control de dicho organismo internacional, se trata de un paso m\u00e1s en el camino hacia la instancia de resoluci\u00f3n del caso que revisa la entidad, donde, junto con haberse vulnerado el derecho a la verdad, a la justicia, a la integridad f\u00edsica, y, en definitiva, el derecho a la vida de Nelson Quichillao, se afect\u00f3 tambi\u00e9n otro derecho humano fundamental, como es el de la libertad sindical.<\/p>\n\n\n\n<p>Este a\u00f1o, particularmente en el mes de septiembre, cuando se cumplen 50 a\u00f1os del golpe de Estado civil y militar en Chile, la importancia de los Derechos Humanos adquiere un significado especialmente profundo para nuestro pa\u00eds. La tragedia de dicho golpe, que dio inicio al per\u00edodo m\u00e1s oscuro de nuestra historia, debe ser un permanente recordatorio a fin de que nunca m\u00e1s se vuelvan a repetir hechos de ese tipo. La violaci\u00f3n a los Derechos Humanos son patrimonio de la humanidad toda, y deben ser cautelados y defendidos siempre. Nelson Quichillao era un trabajador subcontratado de la miner\u00eda, que pertenec\u00eda a la Confederaci\u00f3n de Trabajadores del Cobre, y fue asesinado por fuerzas represivas del Estado de Chile mientras se manifestaba junto a sus compa\u00f1eras y compa\u00f1eros por mejores condiciones laborales en julio de 2015, en plena democracia.<\/p>\n\n\n\n<p>La lucha e historia de la CTC ha sido dolorosamente marcada por el asesinato de nuestro compa\u00f1ero, y as\u00ed como el movimiento de trabajadoras y trabajadores a lo largo de la historia, no renunciaremos a la memoria, a la verdad, ni a la justicia.<\/p>\n","protected":false},"excerpt":{"rendered":"<p>El d\u00eda de hoy, el Presidente de la Central Unitaria de Trabajadores (CUT), David Acu\u00f1a Millahueique; y la Presidenta de la Confederaci\u00f3n de Trabajadores del Cobre (CTC), Ana Lamas Aguirre, &hellip; <\/p>\n","protected":false},"author":2,"featured_media":4199,"comment_status":"closed","ping_status":"closed","sticky":false,"template":"","format":"standard","meta":{"jetpack_post_was_ever_published":false,"_jetpack_newsletter_access":"","_jetpack_dont_email_post_to_subs":false,"_jetpack_newsletter_tier_id":0,"_jetpack_memberships_contains_paywalled_content":false,"_jetpack_memberships_contains_paid_content":false,"footnotes":"","jetpack_publicize_message":"","jetpack_publicize_feature_enabled":false,"jetpack_social_post_already_shared":true,"jetpack_social_options":{"image_generator_settings":{"template":"highway","default_image_id":0,"enabled":false},"version":2}},"categories":[9,13,15,32,19],"tags":[],"class_list":["post-4197","post","type-post","status-publish","format-standard","has-post-thumbnail","hentry","category-confederacion","category-internacional","category-nacional","category-nelson-quichillao","category-trabajadores"],"jetpack_publicize_connections":[],"jetpack_featured_media_url":"https:\/\/www.confederaciondelcobre.cl\/wp-content\/uploads\/2023\/09\/Port-11.jpg","jetpack_sharing_enabled":true,"post_mailing_queue_ids":[],"_links":{"self":[{"href":"https:\/\/www.confederaciondelcobre.cl\/index.php\/wp-json\/wp\/v2\/posts\/4197","targetHints":{"allow":["GET"]}}],"collection":[{"href":"https:\/\/www.confederaciondelcobre.cl\/index.php\/wp-json\/wp\/v2\/posts"}],"about":[{"href":"https:\/\/www.confederaciondelcobre.cl\/index.php\/wp-json\/wp\/v2\/types\/post"}],"author":[{"embeddable":true,"href":"https:\/\/www.confederaciondelcobre.cl\/index.php\/wp-json\/wp\/v2\/users\/2"}],"replies":[{"embeddable":true,"href":"https:\/\/www.confederaciondelcobre.cl\/index.php\/wp-json\/wp\/v2\/comments?post=4197"}],"version-history":[{"count":6,"href":"https:\/\/www.confederaciondelcobre.cl\/index.php\/wp-json\/wp\/v2\/posts\/4197\/revisions"}],"predecessor-version":[{"id":4206,"href":"https:\/\/www.confederaciondelcobre.cl\/index.php\/wp-json\/wp\/v2\/posts\/4197\/revisions\/4206"}],"wp:featuredmedia":[{"embeddable":true,"href":"https:\/\/www.confederaciondelcobre.cl\/index.php\/wp-json\/wp\/v2\/media\/4199"}],"wp:attachment":[{"href":"https:\/\/www.confederaciondelcobre.cl\/index.php\/wp-json\/wp\/v2\/media?parent=4197"}],"wp:term":[{"taxonomy":"category","embeddable":true,"href":"https:\/\/www.confederaciondelcobre.cl\/index.php\/wp-json\/wp\/v2\/categories?post=4197"},{"taxonomy":"post_tag","embeddable":true,"href":"https:\/\/www.confederaciondelcobre.cl\/index.php\/wp-json\/wp\/v2\/tags?post=4197"}],"curies":[{"name":"wp","href":"https:\/\/api.w.org\/{rel}","templated":true}]}}