{"id":4207,"date":"2023-09-14T17:59:52","date_gmt":"2023-09-14T21:59:52","guid":{"rendered":"https:\/\/www.confederaciondelcobre.cl\/?p=4207"},"modified":"2023-09-14T18:00:41","modified_gmt":"2023-09-14T22:00:41","slug":"ctmin-se-reunio-con-ministra-de-mineria","status":"publish","type":"post","link":"https:\/\/www.confederaciondelcobre.cl\/index.php\/2023\/09\/14\/ctmin-se-reunio-con-ministra-de-mineria\/","title":{"rendered":"CTMIN se reuni\u00f3 con ministra de miner\u00eda."},"content":{"rendered":"\n<p>El d\u00eda de hoy, y en dependencias del Ministerio de Miner\u00eda, la Coordinadora de Trabajadores de la Miner\u00eda (CTMIN) sostuvo una reuni\u00f3n con la nueva ministra de miner\u00eda, Aurora Williams. El encuentro, de car\u00e1cter principalmente protocolar, tuvo por objeto dar continuidad y afianzar el trabajo que se ha venido desarrollando a instancias de un di\u00e1logo social tripartito, en conjunto con representantes de empresas del sector y del propio ministerio.<\/p>\n\n\n\n<p>Es de tal manera que, para las y los representantes de las trabajadoras y trabajadores, la seguridad y salud en las minas se mantiene como uno de los asuntos de primer orden. Lo anterior, a prop\u00f3sito del avance legislativo en torno a la ratificaci\u00f3n del Convenio 176 de la OIT, y, por cierto, respecto de la preocupante escalada de accidentes y fatalidades en el sector minero. En ese sentido, entonces, las y los dirigentes sindicales, se\u00f1alaron que se hace necesario fortalecer la prevenci\u00f3n y seguridad en las faenas, y que esto sea extensivo \u2014con los mismos est\u00e1ndares\u2014 para todas y todos los trabajadores, no importando si son de planta o subcontratados. Del mismo modo, las y los representantes del CTMIN, manifestaron que se debe fomentar con m\u00e1s fuerza la empleabilidad de mujeres. Esto en el sentido que las oportunidades y espacios, junto con la adecuaci\u00f3n efectiva de instalaciones, tambi\u00e9n se abran hacia puestos de trabajo que no sean aquellos hist\u00f3ricamente feminizados, como hoteler\u00eda, aseo y alimentaci\u00f3n, entre otros.<\/p>\n\n\n\n<p>Finalmente, el encuentro termin\u00f3 con el compromiso de dar continuidad al trabajo que se ha venido desarrollando, a la vez que reforzar las materias y asuntos planteados por las y los representantes sindicales.<\/p>\n\n\n\n<figure class=\"wp-block-image size-full\"><img loading=\"lazy\" decoding=\"async\" width=\"1024\" height=\"768\" src=\"https:\/\/www.confederaciondelcobre.cl\/wp-content\/uploads\/2023\/09\/6fa82175-490b-4722-bfab-5e5754c0e110.jpeg\" alt=\"\" class=\"wp-image-4209\" srcset=\"https:\/\/www.confederaciondelcobre.cl\/wp-content\/uploads\/2023\/09\/6fa82175-490b-4722-bfab-5e5754c0e110.jpeg 1024w, https:\/\/www.confederaciondelcobre.cl\/wp-content\/uploads\/2023\/09\/6fa82175-490b-4722-bfab-5e5754c0e110-300x225.jpeg 300w, https:\/\/www.confederaciondelcobre.cl\/wp-content\/uploads\/2023\/09\/6fa82175-490b-4722-bfab-5e5754c0e110-768x576.jpeg 768w\" sizes=\"auto, (max-width: 1024px) 100vw, 1024px\" \/><\/figure>\n","protected":false},"excerpt":{"rendered":"<p>El d\u00eda de hoy, y en dependencias del Ministerio de Miner\u00eda, la Coordinadora de Trabajadores de la Miner\u00eda (CTMIN) sostuvo una reuni\u00f3n con la nueva ministra de miner\u00eda, Aurora Williams. &hellip; <\/p>\n","protected":false},"author":2,"featured_media":4208,"comment_status":"closed","ping_status":"closed","sticky":false,"template":"","format":"standard","meta":{"jetpack_post_was_ever_published":false,"_jetpack_newsletter_access":"","_jetpack_dont_email_post_to_subs":false,"_jetpack_newsletter_tier_id":0,"_jetpack_memberships_contains_paywalled_content":false,"_jetpack_memberships_contains_paid_content":false,"footnotes":"","jetpack_publicize_message":"","jetpack_publicize_feature_enabled":false,"jetpack_social_post_already_shared":true,"jetpack_social_options":{"image_generator_settings":{"template":"highway","default_image_id":0,"enabled":false},"version":2}},"categories":[9,11,19],"tags":[],"class_list":["post-4207","post","type-post","status-publish","format-standard","has-post-thumbnail","hentry","category-confederacion","category-ctmin","category-trabajadores"],"jetpack_publicize_connections":[],"jetpack_featured_media_url":"https:\/\/www.confederaciondelcobre.cl\/wp-content\/uploads\/2023\/09\/port-12.jpg","jetpack_sharing_enabled":true,"post_mailing_queue_ids":[],"_links":{"self":[{"href":"https:\/\/www.confederaciondelcobre.cl\/index.php\/wp-json\/wp\/v2\/posts\/4207","targetHints":{"allow":["GET"]}}],"collection":[{"href":"https:\/\/www.confederaciondelcobre.cl\/index.php\/wp-json\/wp\/v2\/posts"}],"about":[{"href":"https:\/\/www.confederaciondelcobre.cl\/index.php\/wp-json\/wp\/v2\/types\/post"}],"author":[{"embeddable":true,"href":"https:\/\/www.confederaciondelcobre.cl\/index.php\/wp-json\/wp\/v2\/users\/2"}],"replies":[{"embeddable":true,"href":"https:\/\/www.confederaciondelcobre.cl\/index.php\/wp-json\/wp\/v2\/comments?post=4207"}],"version-history":[{"count":3,"href":"https:\/\/www.confederaciondelcobre.cl\/index.php\/wp-json\/wp\/v2\/posts\/4207\/revisions"}],"predecessor-version":[{"id":4212,"href":"https:\/\/www.confederaciondelcobre.cl\/index.php\/wp-json\/wp\/v2\/posts\/4207\/revisions\/4212"}],"wp:featuredmedia":[{"embeddable":true,"href":"https:\/\/www.confederaciondelcobre.cl\/index.php\/wp-json\/wp\/v2\/media\/4208"}],"wp:attachment":[{"href":"https:\/\/www.confederaciondelcobre.cl\/index.php\/wp-json\/wp\/v2\/media?parent=4207"}],"wp:term":[{"taxonomy":"category","embeddable":true,"href":"https:\/\/www.confederaciondelcobre.cl\/index.php\/wp-json\/wp\/v2\/categories?post=4207"},{"taxonomy":"post_tag","embeddable":true,"href":"https:\/\/www.confederaciondelcobre.cl\/index.php\/wp-json\/wp\/v2\/tags?post=4207"}],"curies":[{"name":"wp","href":"https:\/\/api.w.org\/{rel}","templated":true}]}}