{"id":421,"date":"2019-10-03T12:40:35","date_gmt":"2019-10-03T12:40:35","guid":{"rendered":"http:\/\/www.ctc2018.cl\/?p=421"},"modified":"2020-04-26T23:39:56","modified_gmt":"2020-04-26T23:39:56","slug":"cuarto-ciclo-de-formacion-en-gestion-cultural-con-sitios-de-memoria-se-desarrolla-en-puerto-montt","status":"publish","type":"post","link":"https:\/\/www.confederaciondelcobre.cl\/index.php\/2019\/10\/03\/cuarto-ciclo-de-formacion-en-gestion-cultural-con-sitios-de-memoria-se-desarrolla-en-puerto-montt\/","title":{"rendered":"Cuarto ciclo de Formaci\u00f3n en Gesti\u00f3n Cultural con Sitios de Memoria se desarrolla en Puerto Montt."},"content":{"rendered":"\n<p>Organizado en la ciudad de Puerto Montt por la <strong>Unidad de Memoria y Derechos Humanos<\/strong> del Ministerio de las Culturas, las Artes y el Patrimonio, se est\u00e1 desarrollando el <strong>Cuarto ciclo de Formaci\u00f3n en Gesti\u00f3n Cultural con Sitios de Memoria<\/strong>.<\/p>\n\n\n\n<p>Las y los participantes, entre quienes se encuentran <strong>Ana Lamas Aguirre, Secretaria General de la Confederaci\u00f3n de Trabajadores del Cobre (CTC) y Stephanie Gonz\u00e1lez Ch\u00e1vez, Directora Nacional Encargada de G\u00e9nero e Inclusi\u00f3n de la CTC<\/strong>, han dedicado las jornadas de ayer y hoy a compartir experiencias a la vez que reciben capacitaci\u00f3n para la gesti\u00f3n cultural de los sitios de memoria.<\/p>\n\n\n\n<p>Este Cuarto Ciclo de formaci\u00f3n <strong>est\u00e1 orientado a abordar<\/strong>, desde las experiencias de implementaci\u00f3n de iniciativas regionales art\u00edsticas-culturales de Memoria y Derechos Humanos, <strong>los aprendizajes en relaci\u00f3n a la selecci\u00f3n, presentaci\u00f3n y difusi\u00f3n de obras art\u00edsticas en Sitios de Memoria<\/strong>. Tambi\u00e9n, adem\u00e1s de reconocer y valorar los diversos procesos de construcci\u00f3n y transmisi\u00f3n de memorias a trav\u00e9s de distintos lenguajes y pr\u00e1cticas art\u00edstico-culturales, entre sus objetivos, finalmente, se encuentran el <strong>Promover espacios para la investigaci\u00f3n<\/strong>, el acopio y archivo de formas art\u00edsticas de construcci\u00f3n memorial, <strong>Fortalecer la transmisi\u00f3n intergeneracional de las memorias<\/strong> con \u00e9nfasis en el rol de los adultos mayores y <strong>Fomentar acciones de recuperaci\u00f3n, preservaci\u00f3n, gesti\u00f3n e investigaci\u00f3n de espacios de memoria y centros de documentaci\u00f3n que, en el contexto de los Derechos Humanos, promuevan la memoria hist\u00f3rica<\/strong>.<\/p>\n","protected":false},"excerpt":{"rendered":"<p>Organizado en la ciudad de Puerto Montt por la Unidad de Memoria y Derechos Humanos del Ministerio de las Culturas, las Artes y el Patrimonio, se est\u00e1 desarrollando el Cuarto &hellip; <\/p>\n","protected":false},"author":2,"featured_media":422,"comment_status":"open","ping_status":"open","sticky":false,"template":"","format":"standard","meta":{"jetpack_post_was_ever_published":false,"_jetpack_newsletter_access":"","_jetpack_dont_email_post_to_subs":false,"_jetpack_newsletter_tier_id":0,"_jetpack_memberships_contains_paywalled_content":false,"_jetpack_memberships_contains_paid_content":false,"footnotes":"","jetpack_publicize_message":"","jetpack_publicize_feature_enabled":true,"jetpack_social_post_already_shared":false,"jetpack_social_options":{"image_generator_settings":{"template":"highway","default_image_id":0,"enabled":false},"version":2}},"categories":[9,21,28,25],"tags":[],"class_list":["post-421","post","type-post","status-publish","format-standard","has-post-thumbnail","hentry","category-confederacion","category-federaciones","category-fesal","category-fesamav"],"jetpack_publicize_connections":[],"jetpack_featured_media_url":"https:\/\/www.confederaciondelcobre.cl\/wp-content\/uploads\/2019\/11\/SitiosDeMemoria.jpg","jetpack_sharing_enabled":true,"post_mailing_queue_ids":[],"_links":{"self":[{"href":"https:\/\/www.confederaciondelcobre.cl\/index.php\/wp-json\/wp\/v2\/posts\/421","targetHints":{"allow":["GET"]}}],"collection":[{"href":"https:\/\/www.confederaciondelcobre.cl\/index.php\/wp-json\/wp\/v2\/posts"}],"about":[{"href":"https:\/\/www.confederaciondelcobre.cl\/index.php\/wp-json\/wp\/v2\/types\/post"}],"author":[{"embeddable":true,"href":"https:\/\/www.confederaciondelcobre.cl\/index.php\/wp-json\/wp\/v2\/users\/2"}],"replies":[{"embeddable":true,"href":"https:\/\/www.confederaciondelcobre.cl\/index.php\/wp-json\/wp\/v2\/comments?post=421"}],"version-history":[{"count":1,"href":"https:\/\/www.confederaciondelcobre.cl\/index.php\/wp-json\/wp\/v2\/posts\/421\/revisions"}],"predecessor-version":[{"id":423,"href":"https:\/\/www.confederaciondelcobre.cl\/index.php\/wp-json\/wp\/v2\/posts\/421\/revisions\/423"}],"wp:featuredmedia":[{"embeddable":true,"href":"https:\/\/www.confederaciondelcobre.cl\/index.php\/wp-json\/wp\/v2\/media\/422"}],"wp:attachment":[{"href":"https:\/\/www.confederaciondelcobre.cl\/index.php\/wp-json\/wp\/v2\/media?parent=421"}],"wp:term":[{"taxonomy":"category","embeddable":true,"href":"https:\/\/www.confederaciondelcobre.cl\/index.php\/wp-json\/wp\/v2\/categories?post=421"},{"taxonomy":"post_tag","embeddable":true,"href":"https:\/\/www.confederaciondelcobre.cl\/index.php\/wp-json\/wp\/v2\/tags?post=421"}],"curies":[{"name":"wp","href":"https:\/\/api.w.org\/{rel}","templated":true}]}}