{"id":424,"date":"2019-10-24T15:20:25","date_gmt":"2019-10-24T15:20:25","guid":{"rendered":"http:\/\/www.ctc2018.cl\/?p=424"},"modified":"2020-04-26T23:37:08","modified_gmt":"2020-04-26T23:37:08","slug":"querella-criminal-contra-carabineros-por-secuestro-de-dirigenta-estudiantil-secundaria","status":"publish","type":"post","link":"https:\/\/www.confederaciondelcobre.cl\/index.php\/2019\/10\/24\/querella-criminal-contra-carabineros-por-secuestro-de-dirigenta-estudiantil-secundaria\/","title":{"rendered":"Querella criminal contra Carabineros por secuestro de dirigenta estudiantil secundaria."},"content":{"rendered":"\n<p>Agrupaciones de Derechos Humanos, Organizaciones Sociales y Sindicales, ente ellas la Confederaci\u00f3n de Trabajadores del Cobre<a rel=\"noreferrer noopener\" href=\"https:\/\/www.facebook.com\/hashtag\/ctc?source=note&amp;epa=HASHTAG\" target=\"_blank\"> <\/a>(CTC) representada por su Presidente Manuel Ahumada Letelier, acompa\u00f1aron el d\u00eda de hoy hasta el Centro de Justicia en Stgo. a Valentina Miranda, vocera de la Coordinadora Nacional de Estudiantes Secundarios (CONES), a interponer una querella criminal en contra de Carabineros de Chile por el secuestro que la dirigenta estudiantil sufri\u00f3 el martes 22 reci\u00e9n pasado, alrededor de las 21:00 hrs, en circunstancias en que se encontraba al interior del edificio donde se refugiaba despu\u00e9s de haber participado de un caceroleo.Valentina Miranda, luego de haber sufrido fuertes golpes cuando fue arbitrariamente detenida, sufri\u00f3 un reiterado maltrato verbal de parte de Carabineros en la comisar\u00eda para m\u00e1s tarde ser liberada en la madrugada del d\u00eda mi\u00e9rcoles. <\/p>\n\n\n\n<ul class=\"wp-block-list\"><li><em>La vocera de la CONES denuncia adem\u00e1s que d\u00edas atr\u00e1s fue seguida y amedrentada por desconocidos, lo que hace presumir que su detenci\u00f3n con caracter\u00edsticas de secuestro fue orientada hacia su persona. <\/em><\/li><\/ul>\n\n\n\n<p>Alertamos y denunciamos, entonces, la gravedad de esta situaci\u00f3n que se suma a todas las dem\u00e1s que han sido denunciadas mayoritariamente a trav\u00e9s de las redes sociales y medios de comunicaci\u00f3n alternativos. El llamado, finalmente, es a mantenerse alertas, pero a no decaer ni dejarse amedrentar. El pueblo chileno est\u00e1 manifest\u00e1ndose en las calles para que situaciones como estas no se sigan dando, y que Chile se convierta de una vez por todas en un pa\u00eds libre de injusticias e inequidades, para que Chile se convierta en un pa\u00eds de justicia y oportunidades para todos y no solo para unos pocos privilegiados.<\/p>\n","protected":false},"excerpt":{"rendered":"<p>Agrupaciones de Derechos Humanos, Organizaciones Sociales y Sindicales, ente ellas la Confederaci\u00f3n de Trabajadores del Cobre (CTC) representada por su Presidente Manuel Ahumada Letelier, acompa\u00f1aron el d\u00eda de hoy hasta &hellip; <\/p>\n","protected":false},"author":2,"featured_media":425,"comment_status":"open","ping_status":"open","sticky":false,"template":"","format":"standard","meta":{"jetpack_post_was_ever_published":false,"_jetpack_newsletter_access":"","_jetpack_dont_email_post_to_subs":false,"_jetpack_newsletter_tier_id":0,"_jetpack_memberships_contains_paywalled_content":false,"_jetpack_memberships_contains_paid_content":false,"footnotes":"","jetpack_publicize_message":"","jetpack_publicize_feature_enabled":true,"jetpack_social_post_already_shared":false,"jetpack_social_options":{"image_generator_settings":{"template":"highway","default_image_id":0,"enabled":false},"version":2}},"categories":[9,14,15],"tags":[],"class_list":["post-424","post","type-post","status-publish","format-standard","has-post-thumbnail","hentry","category-confederacion","category-movimientos-sociales","category-nacional"],"jetpack_publicize_connections":[],"jetpack_featured_media_url":"https:\/\/www.confederaciondelcobre.cl\/wp-content\/uploads\/2019\/11\/QuerellSec.jpg","jetpack_sharing_enabled":true,"post_mailing_queue_ids":[],"_links":{"self":[{"href":"https:\/\/www.confederaciondelcobre.cl\/index.php\/wp-json\/wp\/v2\/posts\/424","targetHints":{"allow":["GET"]}}],"collection":[{"href":"https:\/\/www.confederaciondelcobre.cl\/index.php\/wp-json\/wp\/v2\/posts"}],"about":[{"href":"https:\/\/www.confederaciondelcobre.cl\/index.php\/wp-json\/wp\/v2\/types\/post"}],"author":[{"embeddable":true,"href":"https:\/\/www.confederaciondelcobre.cl\/index.php\/wp-json\/wp\/v2\/users\/2"}],"replies":[{"embeddable":true,"href":"https:\/\/www.confederaciondelcobre.cl\/index.php\/wp-json\/wp\/v2\/comments?post=424"}],"version-history":[{"count":1,"href":"https:\/\/www.confederaciondelcobre.cl\/index.php\/wp-json\/wp\/v2\/posts\/424\/revisions"}],"predecessor-version":[{"id":426,"href":"https:\/\/www.confederaciondelcobre.cl\/index.php\/wp-json\/wp\/v2\/posts\/424\/revisions\/426"}],"wp:featuredmedia":[{"embeddable":true,"href":"https:\/\/www.confederaciondelcobre.cl\/index.php\/wp-json\/wp\/v2\/media\/425"}],"wp:attachment":[{"href":"https:\/\/www.confederaciondelcobre.cl\/index.php\/wp-json\/wp\/v2\/media?parent=424"}],"wp:term":[{"taxonomy":"category","embeddable":true,"href":"https:\/\/www.confederaciondelcobre.cl\/index.php\/wp-json\/wp\/v2\/categories?post=424"},{"taxonomy":"post_tag","embeddable":true,"href":"https:\/\/www.confederaciondelcobre.cl\/index.php\/wp-json\/wp\/v2\/tags?post=424"}],"curies":[{"name":"wp","href":"https:\/\/api.w.org\/{rel}","templated":true}]}}