{"id":427,"date":"2019-10-30T22:40:18","date_gmt":"2019-10-30T22:40:18","guid":{"rendered":"http:\/\/www.ctc2018.cl\/?p=427"},"modified":"2020-04-26T23:36:10","modified_gmt":"2020-04-26T23:36:10","slug":"huelga-general-contra-la-injusticia-social-y-por-una-nueva-constitucion","status":"publish","type":"post","link":"https:\/\/www.confederaciondelcobre.cl\/index.php\/2019\/10\/30\/huelga-general-contra-la-injusticia-social-y-por-una-nueva-constitucion\/","title":{"rendered":"Huelga General contra la injusticia social y por una Nueva Constituci\u00f3n."},"content":{"rendered":"\n<p>Con una masiva participaci\u00f3n de organizaciones sociales y sindicales, entre ellas la Confederaci\u00f3n de Trabajadores del Cobre (CTC), se desarrollaron el d\u00eda de hoy diversas marchas tanto en la ciudad de Santiago como en el resto del pa\u00eds. La jornada, que se inici\u00f3 alrededor del medio d\u00eda y a prop\u00f3sito del llamado a Huelga General convocada por una importante cantidad de organizaciones y movimientos sociales, tuvo como eje central la exigencia de medidas urgentes ante el descontento social generalizado que viene teniendo su expresi\u00f3n m\u00e1xima e hist\u00f3rica (de los \u00faltimos 30 a\u00f1os) hace ya una semana.<\/p>\n\n\n\n<ul class=\"wp-block-list\"><li><em>Entre las exigencias, que no son meramente consignas sino que a esta altura verdaderas necesidades, se encuentran el establecimiento de una nueva constituci\u00f3n v\u00eda asamblea constituyente, donde el mundo social, en definitiva el pa\u00eds en su conjunto y representado de manera justa, ponga sus temas y necesidades m\u00e1s sentidas. Entre ellas solucionar las faltas y carencias en salud, previsi\u00f3n social, educaci\u00f3n, vivienda, salarios, medio ambiente, riquezas y recursos naturales que son estrat\u00e9gicos para la econom\u00eda nacional (cobre, litio, agua, etc). <\/em><\/li><\/ul>\n\n\n\n<figure class=\"wp-block-image\"><img loading=\"lazy\" decoding=\"async\" width=\"1024\" height=\"498\" src=\"http:\/\/www.ctc2018.cl\/wp-content\/uploads\/2019\/11\/RANCAGUA-1024x498.jpg\" alt=\"\" class=\"wp-image-429\" srcset=\"https:\/\/www.confederaciondelcobre.cl\/wp-content\/uploads\/2019\/11\/RANCAGUA-1024x498.jpg 1024w, https:\/\/www.confederaciondelcobre.cl\/wp-content\/uploads\/2019\/11\/RANCAGUA-300x146.jpg 300w, https:\/\/www.confederaciondelcobre.cl\/wp-content\/uploads\/2019\/11\/RANCAGUA-768x373.jpg 768w, https:\/\/www.confederaciondelcobre.cl\/wp-content\/uploads\/2019\/11\/RANCAGUA.jpg 1152w\" sizes=\"auto, (max-width: 1024px) 100vw, 1024px\" \/><figcaption><em>Marcha en la ciudad de Rancagua<\/em><\/figcaption><\/figure>\n\n\n\n<p>En <strong>Rancagua<\/strong> una gran cantidad de gremios y organizaciones, entre las cuales se encontraban representantes de la Salud, la Educaci\u00f3n y los Trabajadores, con la participaci\u00f3n de la Federaci\u00f3n de Trabajadores Territorial del Cobre (FETRATEC, brazo org\u00e1nico de la CTC en el territorio), marcharon junto a la ciudadan\u00eda de la que todos son parte esta ma\u00f1ana en apoyo a la Huelga General.<\/p>\n\n\n\n<p><strong>Jos\u00e9 Irarr\u00e1zabal<\/strong>, director nacional encargado de Investigaci\u00f3n y Formaci\u00f3n de la CTC, adem\u00e1s de presidente de la FETRATEC, indic\u00f3 que la activa participaci\u00f3n del mundo sindical, de las y los trabajadores en general, obedece a que -como es l\u00f3gico- somos parte integral del tejido social que vive y sufre la injusticia social. Se\u00f1al\u00f3, adem\u00e1s, que seguiremos siendo parte de este movimiento porque las demandas de la ciudadan\u00eda son justas y leg\u00edtimas, que hoy es un momento hist\u00f3rico y tenemos la decisiva oportunidad de hacer los cambios que el pueblo en su conjunto exige.<\/p>\n\n\n\n<figure class=\"wp-block-image\"><img loading=\"lazy\" decoding=\"async\" width=\"960\" height=\"720\" src=\"http:\/\/www.ctc2018.cl\/wp-content\/uploads\/2019\/11\/IQUIQUE.jpg\" alt=\"\" class=\"wp-image-430\" srcset=\"https:\/\/www.confederaciondelcobre.cl\/wp-content\/uploads\/2019\/11\/IQUIQUE.jpg 960w, https:\/\/www.confederaciondelcobre.cl\/wp-content\/uploads\/2019\/11\/IQUIQUE-300x225.jpg 300w, https:\/\/www.confederaciondelcobre.cl\/wp-content\/uploads\/2019\/11\/IQUIQUE-768x576.jpg 768w\" sizes=\"auto, (max-width: 960px) 100vw, 960px\" \/><figcaption><em>Marcha en la ciudad de Iquique<\/em><\/figcaption><\/figure>\n\n\n\n<p>En tanto en <strong>Iquique<\/strong>, ciudad que tambi\u00e9n adhiri\u00f3 a la jornada de Huelga General, se desarrollaron diferentes acciones. Entre ellas una multitudinaria marcha que termin\u00f3 en la Plaza Prat rindiendo homenaje a las y los ca\u00eddos de estos \u00faltimos d\u00edas, personas v\u00edctimas de la brutal represi\u00f3n estatal durante los d\u00edas de Estado de Emergencia y Toque de Queda en nuestro pa\u00eds.<\/p>\n\n\n\n<p><strong>Francisco Cabezas<\/strong>, director nacional encargado jur\u00eddico de la CTC, adem\u00e1s de presidente de la FEMINORT (Federaci\u00f3n Minera del Norte, brazo org\u00e1nico de la CTC en el territorio) se\u00f1al\u00f3 que las demandas y exigencias del pueblo en general son transversales, que a pesar de encontrarse en un lugar geogr\u00e1ficamente alejado de la capital del pa\u00eds, las exigencias son las mismas. Mejoras en la salud, vivienda, educaci\u00f3n, previsi\u00f3n social, etc, adem\u00e1s de una nueva constituci\u00f3n, son temas que se repiten y manifiestan constantemente. Indic\u00f3 que, como trabajadores y dirigentes sindicales, seguir\u00e1n participando de los cabildos y actividades culturales que se han venido desarrollando.<\/p>\n\n\n\n<p>En <strong>Antofagasta, Mirna Aguirre<\/strong>, presidenta de la Federaci\u00f3n de Sindicatos de Minera Mantos Blancos (Federaci\u00f3n que es brazo org\u00e1nico de la CTC en el territorio) se\u00f1al\u00f3 la exitosa participaci\u00f3n de pobladores, vecinos y trabajadores en asambleas y cabildos, donde se  plantean necesidades y se discuten soluciones a las diversas tem\u00e1ticas que aquejan a la sociedad en su conjunto. Indica que, adem\u00e1s, la discusi\u00f3n se ha dado en las faenas donde las y los trabajadores han expresado sus puntos de vista que luego llevan en conjunto a las distintas asambleas y cabildos mencionados anteriormente.<\/p>\n\n\n\n<figure class=\"wp-block-image\"><img loading=\"lazy\" decoding=\"async\" width=\"960\" height=\"720\" src=\"http:\/\/www.ctc2018.cl\/wp-content\/uploads\/2019\/11\/CHAN\u0303ARAL.jpg\" alt=\"\" class=\"wp-image-431\" srcset=\"https:\/\/www.confederaciondelcobre.cl\/wp-content\/uploads\/2019\/11\/CHAN\u0303ARAL.jpg 960w, https:\/\/www.confederaciondelcobre.cl\/wp-content\/uploads\/2019\/11\/CHAN\u0303ARAL-300x225.jpg 300w, https:\/\/www.confederaciondelcobre.cl\/wp-content\/uploads\/2019\/11\/CHAN\u0303ARAL-768x576.jpg 768w\" sizes=\"auto, (max-width: 960px) 100vw, 960px\" \/><figcaption><em>Marcha en la ciudad de Cha\u00f1aral<\/em><\/figcaption><\/figure>\n\n\n\n<p>En <strong>Cha\u00f1aral<\/strong>, la Federaci\u00f3n de Trabajadores Contratistas Divisi\u00f3n MantoVerde (FESAMAV, brazo org\u00e1nico de la CTC en el territorio) tambi\u00e9n particip\u00f3, como lo ha venido haciendo hace alrededor de una semana en distintas actividades, en una marcha donde tambi\u00e9n participaron el Colegio Diferencial, los trabajadores municipales (que limpian las calles y retiran la basura), entre otros.<\/p>\n\n\n\n<p><strong>Stephanie Gonz\u00e1lez<\/strong>, presidenta de la FESAMAV, refiri\u00e9ndose a los cabildos que se han venido realizado, se\u00f1al\u00f3 que lo mayoritariamente manifestado dice relaci\u00f3n con la necesidad de una nueva constituci\u00f3n, y que para eso debiera convocarse a un plebiscito. Sobre la contaminaci\u00f3n en la que viven, indica que se encuentran en una de las llamadas \u201czonas de sacrificio\u201d de Codelco, que la situaci\u00f3n ya no da para m\u00e1s y que debe solucionarse en lo inmediato. Otros de los temas que urgen a los habitantes de la zona son la educaci\u00f3n, que debe ser para todos y de calidad, lo mismo con la salud y la jubilaci\u00f3n. Sobre los recursos naturales y su explotaci\u00f3n se eleva la necesidad de la renacionalizaci\u00f3n del cobre, el litio y el agua. Inform\u00f3, tambi\u00e9n, que seguir\u00e1n realiz\u00e1ndose cabildos en toda la comuna, playas aleda\u00f1as, Flamenco, Porto Fino, Villa Alegre, El Salado, Cha\u00f1aral y en cada poblaci\u00f3n el d\u00eda s\u00e1bado a las 17:00.<\/p>\n\n\n\n<figure class=\"wp-block-image\"><img loading=\"lazy\" decoding=\"async\" width=\"1024\" height=\"576\" src=\"http:\/\/www.ctc2018.cl\/wp-content\/uploads\/2019\/11\/SANTIAGO-1024x576.jpg\" alt=\"\" class=\"wp-image-432\" srcset=\"https:\/\/www.confederaciondelcobre.cl\/wp-content\/uploads\/2019\/11\/SANTIAGO-1024x576.jpg 1024w, https:\/\/www.confederaciondelcobre.cl\/wp-content\/uploads\/2019\/11\/SANTIAGO-300x169.jpg 300w, https:\/\/www.confederaciondelcobre.cl\/wp-content\/uploads\/2019\/11\/SANTIAGO-768x432.jpg 768w, https:\/\/www.confederaciondelcobre.cl\/wp-content\/uploads\/2019\/11\/SANTIAGO.jpg 1280w\" sizes=\"auto, (max-width: 1024px) 100vw, 1024px\" \/><figcaption><em>Marcha en la ciudad de Santiago, frente al Palacio de La Moneda<\/em><\/figcaption><\/figure>\n\n\n\n<p><strong>En Santiago<\/strong>, con una convocatoria masiva y llena de organizaciones sociales y sindicales, la jornada se desarroll\u00f3 con una clara visibilizaci\u00f3n y exigencia: Nueva Constituci\u00f3n, mejores pensiones, educaci\u00f3n gratuita y de calidad, la protecci\u00f3n del medio ambiente y que los recursos que generan la explotaci\u00f3n de los recursos naturales de nuestro pa\u00eds vayan en beneficio de la poblaci\u00f3n en general, destin\u00e1ndose a la implementaci\u00f3n y financiamiento de pol\u00edticas sociales que saquen, de una vez por todas, a la inmensa mayor\u00eda de los habitantes del pa\u00eds de la situaci\u00f3n precaria en que se encuentran.<\/p>\n\n\n\n<p>Finalmente, <strong>Manuel Ahumada Letelier<\/strong>, presidente de la Confederaci\u00f3n de Trabajadores del Cobre, junto con alertar y denunciar la gravedad de la situaci\u00f3n actual, donde ha habido una terrible y desatada represi\u00f3n estatal, se\u00f1al\u00f3 que nos encontramos en un momento decisivo para cambiar esta realidad de injusticias. Indic\u00f3 que las y los trabajadores, la clase obrera en general y los trabajadores subcontratados del cobre en particular, trabajadores precarizados, discriminados, y que conforman cerca del 75% de la fuerza laboral de la miner\u00eda (del cobre), se encuentran en una posici\u00f3n importante a la hora de colaborar en los cambios que Chile necesita. Llam\u00f3 a las y los trabajadores a seguir participando en sus sindicatos, como tambi\u00e9n de los cabildos, asambleas y cuanto tipo de organizaci\u00f3n se est\u00e9 dando en torno a la discusi\u00f3n y propuestas que deben salir desde el propio pueblo para avanzar y conquistar lo que, si nos mantenemos unidos e insistiendo, ser\u00e1 un futuro mejor, para nuestras familias y el pa\u00eds completo.<\/p>\n","protected":false},"excerpt":{"rendered":"<p>Con una masiva participaci\u00f3n de organizaciones sociales y sindicales, entre ellas la Confederaci\u00f3n de Trabajadores del Cobre (CTC), se desarrollaron el d\u00eda de hoy diversas marchas tanto en la ciudad &hellip; <\/p>\n","protected":false},"author":2,"featured_media":428,"comment_status":"open","ping_status":"open","sticky":false,"template":"","format":"standard","meta":{"jetpack_post_was_ever_published":false,"_jetpack_newsletter_access":"","_jetpack_dont_email_post_to_subs":false,"_jetpack_newsletter_tier_id":0,"_jetpack_memberships_contains_paywalled_content":false,"_jetpack_memberships_contains_paid_content":false,"footnotes":"","jetpack_publicize_message":"","jetpack_publicize_feature_enabled":true,"jetpack_social_post_already_shared":false,"jetpack_social_options":{"image_generator_settings":{"template":"highway","default_image_id":0,"enabled":false},"version":2}},"categories":[9,14,15],"tags":[],"class_list":["post-427","post","type-post","status-publish","format-standard","has-post-thumbnail","hentry","category-confederacion","category-movimientos-sociales","category-nacional"],"jetpack_publicize_connections":[],"jetpack_featured_media_url":"https:\/\/www.confederaciondelcobre.cl\/wp-content\/uploads\/2019\/11\/HuelgaGral.jpg","jetpack_sharing_enabled":true,"post_mailing_queue_ids":[],"_links":{"self":[{"href":"https:\/\/www.confederaciondelcobre.cl\/index.php\/wp-json\/wp\/v2\/posts\/427","targetHints":{"allow":["GET"]}}],"collection":[{"href":"https:\/\/www.confederaciondelcobre.cl\/index.php\/wp-json\/wp\/v2\/posts"}],"about":[{"href":"https:\/\/www.confederaciondelcobre.cl\/index.php\/wp-json\/wp\/v2\/types\/post"}],"author":[{"embeddable":true,"href":"https:\/\/www.confederaciondelcobre.cl\/index.php\/wp-json\/wp\/v2\/users\/2"}],"replies":[{"embeddable":true,"href":"https:\/\/www.confederaciondelcobre.cl\/index.php\/wp-json\/wp\/v2\/comments?post=427"}],"version-history":[{"count":1,"href":"https:\/\/www.confederaciondelcobre.cl\/index.php\/wp-json\/wp\/v2\/posts\/427\/revisions"}],"predecessor-version":[{"id":433,"href":"https:\/\/www.confederaciondelcobre.cl\/index.php\/wp-json\/wp\/v2\/posts\/427\/revisions\/433"}],"wp:featuredmedia":[{"embeddable":true,"href":"https:\/\/www.confederaciondelcobre.cl\/index.php\/wp-json\/wp\/v2\/media\/428"}],"wp:attachment":[{"href":"https:\/\/www.confederaciondelcobre.cl\/index.php\/wp-json\/wp\/v2\/media?parent=427"}],"wp:term":[{"taxonomy":"category","embeddable":true,"href":"https:\/\/www.confederaciondelcobre.cl\/index.php\/wp-json\/wp\/v2\/categories?post=427"},{"taxonomy":"post_tag","embeddable":true,"href":"https:\/\/www.confederaciondelcobre.cl\/index.php\/wp-json\/wp\/v2\/tags?post=427"}],"curies":[{"name":"wp","href":"https:\/\/api.w.org\/{rel}","templated":true}]}}