{"id":4284,"date":"2023-09-28T11:12:25","date_gmt":"2023-09-28T15:12:25","guid":{"rendered":"https:\/\/www.confederaciondelcobre.cl\/?p=4284"},"modified":"2023-09-28T11:12:28","modified_gmt":"2023-09-28T15:12:28","slug":"en-calama-sindicato-wss-se-afilia-a-federacion-de-la-ctc","status":"publish","type":"post","link":"https:\/\/www.confederaciondelcobre.cl\/index.php\/2023\/09\/28\/en-calama-sindicato-wss-se-afilia-a-federacion-de-la-ctc\/","title":{"rendered":"En Calama: Sindicato WSS se afilia a federaci\u00f3n de la CTC."},"content":{"rendered":"\n<p>Constituido en abril de este a\u00f1o, y siendo el primero de la empresa WSS a nivel nacional, el Sindicato WSS ha resuelto afiliarse a la FESITRAM, que es federaci\u00f3n de la CTC en la Regi\u00f3n de Antofagasta.<\/p>\n\n\n\n<hr class=\"wp-block-separator has-alpha-channel-opacity\"\/>\n\n\n\n<p>El martes 26 de este mes, en votaci\u00f3n realizada en dependencias de la CUT-El Loa en la ciudad de Calama, las socias y socios del Sindicato WSS han resuelto afiliarse a la Federaci\u00f3n de Sindicatos de Trabajadores de la Miner\u00eda y Organizaciones afines de la 2\u00aa regi\u00f3n (FESITRAM, que es federaci\u00f3n de la CTC en la Regi\u00f3n de Antofagasta). El sindicato, constituido en abril de este a\u00f1o, y que re\u00fane a trabajadoras y trabajadores que se desempe\u00f1an principalmente en servicios destinados al control operacional y sistemas de gesti\u00f3n, es el primero en constituirse dentro de la empresa WSS (World Survey Services S.A.) a nivel nacional.<\/p>\n\n\n<div class=\"wp-block-image\">\n<figure class=\"aligncenter size-large\"><img loading=\"lazy\" decoding=\"async\" width=\"1024\" height=\"577\" src=\"https:\/\/www.confederaciondelcobre.cl\/wp-content\/uploads\/2023\/09\/eb33a12c-2636-4bfa-9f10-068bd4c01c3b-1024x577.jpeg\" alt=\"\" class=\"wp-image-4293\" srcset=\"https:\/\/www.confederaciondelcobre.cl\/wp-content\/uploads\/2023\/09\/eb33a12c-2636-4bfa-9f10-068bd4c01c3b-1024x577.jpeg 1024w, https:\/\/www.confederaciondelcobre.cl\/wp-content\/uploads\/2023\/09\/eb33a12c-2636-4bfa-9f10-068bd4c01c3b-300x169.jpeg 300w, https:\/\/www.confederaciondelcobre.cl\/wp-content\/uploads\/2023\/09\/eb33a12c-2636-4bfa-9f10-068bd4c01c3b-768x432.jpeg 768w, https:\/\/www.confederaciondelcobre.cl\/wp-content\/uploads\/2023\/09\/eb33a12c-2636-4bfa-9f10-068bd4c01c3b-1536x865.jpeg 1536w, https:\/\/www.confederaciondelcobre.cl\/wp-content\/uploads\/2023\/09\/eb33a12c-2636-4bfa-9f10-068bd4c01c3b.jpeg 1600w\" sizes=\"auto, (max-width: 1024px) 100vw, 1024px\" \/><figcaption class=\"wp-element-caption\">En la foto, de derecha a izquierda: Ulises Torres, Secretario Sindicato WSS; Ana Mar\u00eda Godoy, Tesorera Sindicato WSS; Schirley Jim\u00e9nez, Presidenta Sindicato WSS; y Jos\u00e9 Mardones, Director de Organizaci\u00f3n de la FESITRAM y Director Nacional de la CTC.<\/figcaption><\/figure><\/div>\n\n\n<p>Desde la Confederaci\u00f3n de Trabajadores del Cobre saludamos y damos la bienvenida al Sindicato WSS, a sus socias, socios y dirigentes. Su incorporaci\u00f3n a la FESITRAM es \u2014nuevamente\u2014 la ratificaci\u00f3n de que la organizaci\u00f3n y fortalecimiento de esta son el camino para la defensa y conquista de m\u00e1s y mejores derechos para las y los trabajadores y sus familias.<\/p>\n","protected":false},"excerpt":{"rendered":"<p>Constituido en abril de este a\u00f1o, y siendo el primero de la empresa WSS a nivel nacional, el Sindicato WSS ha resuelto afiliarse a la FESITRAM, que es federaci\u00f3n de &hellip; <\/p>\n","protected":false},"author":2,"featured_media":4292,"comment_status":"closed","ping_status":"closed","sticky":false,"template":"","format":"standard","meta":{"jetpack_post_was_ever_published":false,"_jetpack_newsletter_access":"","_jetpack_dont_email_post_to_subs":false,"_jetpack_newsletter_tier_id":0,"_jetpack_memberships_contains_paywalled_content":false,"_jetpack_memberships_contains_paid_content":false,"footnotes":"","jetpack_publicize_message":"","jetpack_publicize_feature_enabled":false,"jetpack_social_post_already_shared":false,"jetpack_social_options":{"image_generator_settings":{"template":"highway","default_image_id":0,"enabled":false},"version":2}},"categories":[21,33,17,19],"tags":[],"class_list":["post-4284","post","type-post","status-publish","format-standard","has-post-thumbnail","hentry","category-federaciones","category-fesitram","category-regiones","category-trabajadores"],"jetpack_publicize_connections":[],"jetpack_featured_media_url":"https:\/\/www.confederaciondelcobre.cl\/wp-content\/uploads\/2023\/09\/Port-15.jpg","jetpack_sharing_enabled":true,"post_mailing_queue_ids":[],"_links":{"self":[{"href":"https:\/\/www.confederaciondelcobre.cl\/index.php\/wp-json\/wp\/v2\/posts\/4284","targetHints":{"allow":["GET"]}}],"collection":[{"href":"https:\/\/www.confederaciondelcobre.cl\/index.php\/wp-json\/wp\/v2\/posts"}],"about":[{"href":"https:\/\/www.confederaciondelcobre.cl\/index.php\/wp-json\/wp\/v2\/types\/post"}],"author":[{"embeddable":true,"href":"https:\/\/www.confederaciondelcobre.cl\/index.php\/wp-json\/wp\/v2\/users\/2"}],"replies":[{"embeddable":true,"href":"https:\/\/www.confederaciondelcobre.cl\/index.php\/wp-json\/wp\/v2\/comments?post=4284"}],"version-history":[{"count":5,"href":"https:\/\/www.confederaciondelcobre.cl\/index.php\/wp-json\/wp\/v2\/posts\/4284\/revisions"}],"predecessor-version":[{"id":4297,"href":"https:\/\/www.confederaciondelcobre.cl\/index.php\/wp-json\/wp\/v2\/posts\/4284\/revisions\/4297"}],"wp:featuredmedia":[{"embeddable":true,"href":"https:\/\/www.confederaciondelcobre.cl\/index.php\/wp-json\/wp\/v2\/media\/4292"}],"wp:attachment":[{"href":"https:\/\/www.confederaciondelcobre.cl\/index.php\/wp-json\/wp\/v2\/media?parent=4284"}],"wp:term":[{"taxonomy":"category","embeddable":true,"href":"https:\/\/www.confederaciondelcobre.cl\/index.php\/wp-json\/wp\/v2\/categories?post=4284"},{"taxonomy":"post_tag","embeddable":true,"href":"https:\/\/www.confederaciondelcobre.cl\/index.php\/wp-json\/wp\/v2\/tags?post=4284"}],"curies":[{"name":"wp","href":"https:\/\/api.w.org\/{rel}","templated":true}]}}