{"id":4286,"date":"2023-09-27T10:19:57","date_gmt":"2023-09-27T14:19:57","guid":{"rendered":"https:\/\/www.confederaciondelcobre.cl\/?p=4286"},"modified":"2023-09-27T10:20:00","modified_gmt":"2023-09-27T14:20:00","slug":"memoriactc-dia-del-dirigente-y-la-dirigenta-sindical","status":"publish","type":"post","link":"https:\/\/www.confederaciondelcobre.cl\/index.php\/2023\/09\/27\/memoriactc-dia-del-dirigente-y-la-dirigenta-sindical\/","title":{"rendered":"#MemoriaCTC: d\u00eda del dirigente y la dirigenta sindical."},"content":{"rendered":"\n<p>Instaurado en esta fecha, en que se conmemora el fallecimiento del dirigente y ex diputado Manuel Bustos, el d\u00eda del dirigente y la dirigenta sindical es un homenaje a quienes con su entrega han aportado con la promoci\u00f3n, defensa y conquista de derechos para la clase trabajadora y el pa\u00eds en su conjunto.<br><\/p>\n\n\n\n<p>Ante la arremetida de sectores conservadores y de ultraderecha, que buscan despojar a las y los trabajadores de sus hist\u00f3ricas conquistas, la Confederaci\u00f3n de Trabajadores del Cobre reafirma su compromiso irrestricto, as\u00ed como el de todas y todos sus dirigentes, con la democracia y justicia social para nuestro pa\u00eds.<\/p>\n\n\n<div class=\"wp-block-image\">\n<figure class=\"aligncenter size-large\"><img loading=\"lazy\" decoding=\"async\" width=\"1024\" height=\"1024\" src=\"https:\/\/www.confederaciondelcobre.cl\/wp-content\/uploads\/2023\/09\/MemoriaCTC_Dia-del-dirigente-sindical-27.09.2023-1024x1024.png\" alt=\"\" class=\"wp-image-4288\" srcset=\"https:\/\/www.confederaciondelcobre.cl\/wp-content\/uploads\/2023\/09\/MemoriaCTC_Dia-del-dirigente-sindical-27.09.2023-1024x1024.png 1024w, https:\/\/www.confederaciondelcobre.cl\/wp-content\/uploads\/2023\/09\/MemoriaCTC_Dia-del-dirigente-sindical-27.09.2023-300x300.png 300w, https:\/\/www.confederaciondelcobre.cl\/wp-content\/uploads\/2023\/09\/MemoriaCTC_Dia-del-dirigente-sindical-27.09.2023-150x150.png 150w, https:\/\/www.confederaciondelcobre.cl\/wp-content\/uploads\/2023\/09\/MemoriaCTC_Dia-del-dirigente-sindical-27.09.2023-768x768.png 768w, https:\/\/www.confederaciondelcobre.cl\/wp-content\/uploads\/2023\/09\/MemoriaCTC_Dia-del-dirigente-sindical-27.09.2023.png 1080w\" sizes=\"auto, (max-width: 1024px) 100vw, 1024px\" \/><\/figure><\/div>","protected":false},"excerpt":{"rendered":"<p>Instaurado en esta fecha, en que se conmemora el fallecimiento del dirigente y ex diputado Manuel Bustos, el d\u00eda del dirigente y la dirigenta sindical es un homenaje a quienes &hellip; <\/p>\n","protected":false},"author":2,"featured_media":4287,"comment_status":"closed","ping_status":"closed","sticky":false,"template":"","format":"standard","meta":{"jetpack_post_was_ever_published":false,"_jetpack_newsletter_access":"","_jetpack_dont_email_post_to_subs":false,"_jetpack_newsletter_tier_id":0,"_jetpack_memberships_contains_paywalled_content":false,"_jetpack_memberships_contains_paid_content":false,"footnotes":"","jetpack_publicize_message":"","jetpack_publicize_feature_enabled":false,"jetpack_social_post_already_shared":false,"jetpack_social_options":{"image_generator_settings":{"template":"highway","default_image_id":0,"enabled":false},"version":2}},"categories":[37,9,15,19],"tags":[],"class_list":["post-4286","post","type-post","status-publish","format-standard","has-post-thumbnail","hentry","category-memoriactc","category-confederacion","category-nacional","category-trabajadores"],"jetpack_publicize_connections":[],"jetpack_featured_media_url":"https:\/\/www.confederaciondelcobre.cl\/wp-content\/uploads\/2023\/09\/Port-14.jpg","jetpack_sharing_enabled":true,"post_mailing_queue_ids":[],"_links":{"self":[{"href":"https:\/\/www.confederaciondelcobre.cl\/index.php\/wp-json\/wp\/v2\/posts\/4286","targetHints":{"allow":["GET"]}}],"collection":[{"href":"https:\/\/www.confederaciondelcobre.cl\/index.php\/wp-json\/wp\/v2\/posts"}],"about":[{"href":"https:\/\/www.confederaciondelcobre.cl\/index.php\/wp-json\/wp\/v2\/types\/post"}],"author":[{"embeddable":true,"href":"https:\/\/www.confederaciondelcobre.cl\/index.php\/wp-json\/wp\/v2\/users\/2"}],"replies":[{"embeddable":true,"href":"https:\/\/www.confederaciondelcobre.cl\/index.php\/wp-json\/wp\/v2\/comments?post=4286"}],"version-history":[{"count":1,"href":"https:\/\/www.confederaciondelcobre.cl\/index.php\/wp-json\/wp\/v2\/posts\/4286\/revisions"}],"predecessor-version":[{"id":4289,"href":"https:\/\/www.confederaciondelcobre.cl\/index.php\/wp-json\/wp\/v2\/posts\/4286\/revisions\/4289"}],"wp:featuredmedia":[{"embeddable":true,"href":"https:\/\/www.confederaciondelcobre.cl\/index.php\/wp-json\/wp\/v2\/media\/4287"}],"wp:attachment":[{"href":"https:\/\/www.confederaciondelcobre.cl\/index.php\/wp-json\/wp\/v2\/media?parent=4286"}],"wp:term":[{"taxonomy":"category","embeddable":true,"href":"https:\/\/www.confederaciondelcobre.cl\/index.php\/wp-json\/wp\/v2\/categories?post=4286"},{"taxonomy":"post_tag","embeddable":true,"href":"https:\/\/www.confederaciondelcobre.cl\/index.php\/wp-json\/wp\/v2\/tags?post=4286"}],"curies":[{"name":"wp","href":"https:\/\/api.w.org\/{rel}","templated":true}]}}