{"id":4298,"date":"2023-10-26T16:35:15","date_gmt":"2023-10-26T20:35:15","guid":{"rendered":"https:\/\/www.confederaciondelcobre.cl\/?p=4298"},"modified":"2023-10-26T16:41:57","modified_gmt":"2023-10-26T20:41:57","slug":"convenio-176-oit-camara-de-diputadas-y-diputados-lo-aprueba-y-pasa-al-senado","status":"publish","type":"post","link":"https:\/\/www.confederaciondelcobre.cl\/index.php\/2023\/10\/26\/convenio-176-oit-camara-de-diputadas-y-diputados-lo-aprueba-y-pasa-al-senado\/","title":{"rendered":"Convenio 176 OIT: C\u00e1mara de diputadas y diputados lo aprueba y pasa al Senado."},"content":{"rendered":"\n<p>De forma un\u00e1nime, la sala de la C\u00e1mara de diputadas y diputados da su aprobaci\u00f3n al Convenio 176 de la OIT y ahora corresponder\u00e1 al Senado abordarlo en su \u00faltimo tr\u00e1mite legislativo.<\/p>\n\n\n\n<hr class=\"wp-block-separator has-alpha-channel-opacity\"\/>\n\n\n\n<p>El d\u00eda de ayer, mi\u00e9rcoles 25 de octubre y en sesi\u00f3n de sala, la C\u00e1mara de Diputadas y Diputados de Chile ha aprobado el proyecto introducido por el Gobierno que busca ratificar el&nbsp;<a href=\"https:\/\/www.ilo.org\/dyn\/normlex\/es\/f?p=NORMLEXPUB:12100:0::NO::P12100_ILO_CODE:C176\" target=\"_blank\" rel=\"noreferrer noopener\">Convenio 176 de la Organizaci\u00f3n Internacional del Trabajo (OIT), sobre seguridad y salud en las minas<\/a>. Dicha aprobaci\u00f3n, expresada de forma un\u00e1nime, pone fin al tr\u00e1mite legislativo del proyecto a instancias de la C\u00e1mara baja, y lo pone a disposici\u00f3n del Senado para su tramitaci\u00f3n y ratificaci\u00f3n final.<\/p>\n\n\n\n<p>Ana Lamas Aguirre, Presidenta de la Confederaci\u00f3n de Trabajadores del Cobre (CTC), quien estuvo presente durante la sesi\u00f3n de sala y luego particip\u00f3 de un punto de prensa con la Ministra del Trabajo y Previsi\u00f3n Social, indic\u00f3 estar \u201csatisfechos por el gran consenso parlamentario en torno a la ratificaci\u00f3n del Convenio 176 de la OIT, que, de ratificarse definitivamente, significar\u00e1 un gran avance para las trabajadoras y trabajadores de la miner\u00eda, en particular para quienes estamos agrupados en el CTMIN, instancia desde donde hemos dado una larga lucha para proteger la salud y seguridad de las trabajadoras y trabajadores, trabajadores que, con esfuerzo y sacrificio, generamos la mayor riqueza de nuestro pa\u00eds\u201d. La Presidenta de la CTC valor\u00f3 tambi\u00e9n \u201cel compromiso y cumplimiento de la palabra empe\u00f1ada, por parte del Presidente Gabriel Boric y de la Ministra del Trabajo, Jeannette Jara\u201d, a la vez que destac\u00f3 \u201cla importancia de un di\u00e1logo y trabajo tripartito [trabajadores, empresas y gobierno] para avanzar en materia de trabajo decente\u201d, concluy\u00f3.<\/p>\n\n\n\n<p>Finalmente, de aprobarse el proyecto en el Senado, el Convenio 176 de la OIT se tendr\u00e1 como ratificado por nuestro pa\u00eds y pasar\u00e1 a integrarse a la legislaci\u00f3n nacional.<\/p>\n\n\n\n<p><\/p>\n","protected":false},"excerpt":{"rendered":"<p>De forma un\u00e1nime, la sala de la C\u00e1mara de diputadas y diputados da su aprobaci\u00f3n al Convenio 176 de la OIT y ahora corresponder\u00e1 al Senado abordarlo en su \u00faltimo &hellip; <\/p>\n","protected":false},"author":2,"featured_media":4380,"comment_status":"closed","ping_status":"closed","sticky":false,"template":"","format":"standard","meta":{"jetpack_post_was_ever_published":false,"_jetpack_newsletter_access":"","_jetpack_dont_email_post_to_subs":false,"_jetpack_newsletter_tier_id":0,"_jetpack_memberships_contains_paywalled_content":false,"_jetpack_memberships_contains_paid_content":false,"footnotes":"","jetpack_publicize_message":"","jetpack_publicize_feature_enabled":false,"jetpack_social_post_already_shared":true,"jetpack_social_options":{"image_generator_settings":{"template":"highway","default_image_id":0,"enabled":false},"version":2}},"categories":[9,11,13,15,19],"tags":[],"class_list":["post-4298","post","type-post","status-publish","format-standard","has-post-thumbnail","hentry","category-confederacion","category-ctmin","category-internacional","category-nacional","category-trabajadores"],"jetpack_publicize_connections":[],"jetpack_featured_media_url":"https:\/\/www.confederaciondelcobre.cl\/wp-content\/uploads\/2023\/10\/Port-6.jpg","jetpack_sharing_enabled":true,"post_mailing_queue_ids":[],"_links":{"self":[{"href":"https:\/\/www.confederaciondelcobre.cl\/index.php\/wp-json\/wp\/v2\/posts\/4298","targetHints":{"allow":["GET"]}}],"collection":[{"href":"https:\/\/www.confederaciondelcobre.cl\/index.php\/wp-json\/wp\/v2\/posts"}],"about":[{"href":"https:\/\/www.confederaciondelcobre.cl\/index.php\/wp-json\/wp\/v2\/types\/post"}],"author":[{"embeddable":true,"href":"https:\/\/www.confederaciondelcobre.cl\/index.php\/wp-json\/wp\/v2\/users\/2"}],"replies":[{"embeddable":true,"href":"https:\/\/www.confederaciondelcobre.cl\/index.php\/wp-json\/wp\/v2\/comments?post=4298"}],"version-history":[{"count":8,"href":"https:\/\/www.confederaciondelcobre.cl\/index.php\/wp-json\/wp\/v2\/posts\/4298\/revisions"}],"predecessor-version":[{"id":4381,"href":"https:\/\/www.confederaciondelcobre.cl\/index.php\/wp-json\/wp\/v2\/posts\/4298\/revisions\/4381"}],"wp:featuredmedia":[{"embeddable":true,"href":"https:\/\/www.confederaciondelcobre.cl\/index.php\/wp-json\/wp\/v2\/media\/4380"}],"wp:attachment":[{"href":"https:\/\/www.confederaciondelcobre.cl\/index.php\/wp-json\/wp\/v2\/media?parent=4298"}],"wp:term":[{"taxonomy":"category","embeddable":true,"href":"https:\/\/www.confederaciondelcobre.cl\/index.php\/wp-json\/wp\/v2\/categories?post=4298"},{"taxonomy":"post_tag","embeddable":true,"href":"https:\/\/www.confederaciondelcobre.cl\/index.php\/wp-json\/wp\/v2\/tags?post=4298"}],"curies":[{"name":"wp","href":"https:\/\/api.w.org\/{rel}","templated":true}]}}