{"id":4305,"date":"2023-10-06T14:41:13","date_gmt":"2023-10-06T18:41:13","guid":{"rendered":"https:\/\/www.confederaciondelcobre.cl\/?p=4305"},"modified":"2023-10-06T14:47:00","modified_gmt":"2023-10-06T18:47:00","slug":"iquique-manifestacion-sindical-alerto-sobre-retrocesos-en-derechos-laborales-en-el-actual-proceso-constituyente","status":"publish","type":"post","link":"https:\/\/www.confederaciondelcobre.cl\/index.php\/2023\/10\/06\/iquique-manifestacion-sindical-alerto-sobre-retrocesos-en-derechos-laborales-en-el-actual-proceso-constituyente\/","title":{"rendered":"Iquique: manifestaci\u00f3n sindical alert\u00f3 sobre retrocesos en derechos laborales en el actual proceso constituyente."},"content":{"rendered":"\n<p>Con la participaci\u00f3n de dirigentas y dirigentes de diversas organizaciones sindicales afiliadas a la CUT, del sector p\u00fablico y privado, entre ellos de la Confederaci\u00f3n de Trabajadores del Cobre (CTC), de la Confederaci\u00f3n Nacional de Funcionarios y Funcionarias de la Salud Municipal (CONFUSAM), entre otros, el martes 03 de octubre se llev\u00f3 a cabo una manifestaci\u00f3n en la Plaza Condell de la ciudad de Iquique.<\/p>\n\n\n\n<p>La actividad, encabezada por la CUT de Iquique, tuvo por objetivo dar a conocer y alertar a la ciudadan\u00eda sobre los verdaderos retrocesos que est\u00e1n siendo plasmados en el proyecto de nueva Carta Magna en el actual proceso constitucional. As\u00ed lo manifest\u00f3 Esmeralda Contreras (Pdta. CUT-Iquique) al se\u00f1alar que este es un proceso deslegitimado, donde se han desconocido las instancias participativas, por ejemplo, en relaci\u00f3n a la presentaci\u00f3n de dos iniciativas presentadas por la CUT y que no tuvieron una respuesta democr\u00e1tica por parte del Consejo Constitucional. Sobre los derechos laborales, la Presidenta de la CUT de Iquique indic\u00f3 que la nueva constituci\u00f3n debe ser habilitante de derechos y no restrictiva de ellos. Lo anterior en alusi\u00f3n al ataque que est\u00e1n sufriendo los derechos fundamentales de las y los trabajadores, como lo es el derecho a huelga. En ese sentido, y para culminar, Esmeralda Contreras hizo un llamado a todas las organizaciones de la sociedad civil a formar un frente com\u00fan en contra de este proyecto constitucional, un proyecto que, en definitiva, busca socavar los pilares democr\u00e1ticos de nuestro pa\u00eds, a la vez que mantener y aumentar sus privilegios a los de siempre.<\/p>\n","protected":false},"excerpt":{"rendered":"<p>Con la participaci\u00f3n de dirigentas y dirigentes de diversas organizaciones sindicales afiliadas a la CUT, del sector p\u00fablico y privado, entre ellos de la Confederaci\u00f3n de Trabajadores del Cobre (CTC), &hellip; <\/p>\n","protected":false},"author":2,"featured_media":4307,"comment_status":"closed","ping_status":"closed","sticky":false,"template":"","format":"standard","meta":{"jetpack_post_was_ever_published":false,"_jetpack_newsletter_access":"","_jetpack_dont_email_post_to_subs":false,"_jetpack_newsletter_tier_id":0,"_jetpack_memberships_contains_paywalled_content":false,"_jetpack_memberships_contains_paid_content":false,"footnotes":"","jetpack_publicize_message":"","jetpack_publicize_feature_enabled":false,"jetpack_social_post_already_shared":true,"jetpack_social_options":{"image_generator_settings":{"template":"highway","default_image_id":0,"enabled":false},"version":2}},"categories":[9,27,21,22,14,15,17,19],"tags":[],"class_list":["post-4305","post","type-post","status-publish","format-standard","has-post-thumbnail","hentry","category-confederacion","category-cut","category-federaciones","category-feminort","category-movimientos-sociales","category-nacional","category-regiones","category-trabajadores"],"jetpack_publicize_connections":[],"jetpack_featured_media_url":"https:\/\/www.confederaciondelcobre.cl\/wp-content\/uploads\/2023\/10\/Port.jpg","jetpack_sharing_enabled":true,"post_mailing_queue_ids":[],"_links":{"self":[{"href":"https:\/\/www.confederaciondelcobre.cl\/index.php\/wp-json\/wp\/v2\/posts\/4305","targetHints":{"allow":["GET"]}}],"collection":[{"href":"https:\/\/www.confederaciondelcobre.cl\/index.php\/wp-json\/wp\/v2\/posts"}],"about":[{"href":"https:\/\/www.confederaciondelcobre.cl\/index.php\/wp-json\/wp\/v2\/types\/post"}],"author":[{"embeddable":true,"href":"https:\/\/www.confederaciondelcobre.cl\/index.php\/wp-json\/wp\/v2\/users\/2"}],"replies":[{"embeddable":true,"href":"https:\/\/www.confederaciondelcobre.cl\/index.php\/wp-json\/wp\/v2\/comments?post=4305"}],"version-history":[{"count":3,"href":"https:\/\/www.confederaciondelcobre.cl\/index.php\/wp-json\/wp\/v2\/posts\/4305\/revisions"}],"predecessor-version":[{"id":4312,"href":"https:\/\/www.confederaciondelcobre.cl\/index.php\/wp-json\/wp\/v2\/posts\/4305\/revisions\/4312"}],"wp:featuredmedia":[{"embeddable":true,"href":"https:\/\/www.confederaciondelcobre.cl\/index.php\/wp-json\/wp\/v2\/media\/4307"}],"wp:attachment":[{"href":"https:\/\/www.confederaciondelcobre.cl\/index.php\/wp-json\/wp\/v2\/media?parent=4305"}],"wp:term":[{"taxonomy":"category","embeddable":true,"href":"https:\/\/www.confederaciondelcobre.cl\/index.php\/wp-json\/wp\/v2\/categories?post=4305"},{"taxonomy":"post_tag","embeddable":true,"href":"https:\/\/www.confederaciondelcobre.cl\/index.php\/wp-json\/wp\/v2\/tags?post=4305"}],"curies":[{"name":"wp","href":"https:\/\/api.w.org\/{rel}","templated":true}]}}