{"id":4308,"date":"2023-10-06T16:28:31","date_gmt":"2023-10-06T20:28:31","guid":{"rendered":"https:\/\/www.confederaciondelcobre.cl\/?p=4308"},"modified":"2023-10-06T16:28:44","modified_gmt":"2023-10-06T20:28:44","slug":"en-calama-sindicato-alto-el-loa-se-afilia-a-federacion-de-la-ctc","status":"publish","type":"post","link":"https:\/\/www.confederaciondelcobre.cl\/index.php\/2023\/10\/06\/en-calama-sindicato-alto-el-loa-se-afilia-a-federacion-de-la-ctc\/","title":{"rendered":"En Calama: Sindicato Alto El Loa se afilia a federaci\u00f3n de la CTC"},"content":{"rendered":"\n<p>Los trabajadores, que se desempe\u00f1an en el transporte de insumos a granel, concentrado de cobre y subproductos en la Divisi\u00f3n Ministro Hales de Codelco, el lunes 02 de octubre formalizaron el ingreso de su sindicato a la FESITRAM, que es federaci\u00f3n de la CTC en la Regi\u00f3n de Antofagasta.<\/p>\n\n\n\n<hr class=\"wp-block-separator has-alpha-channel-opacity\"\/>\n\n\n\n<p>Dirigido por Manuel Carvajal, Presidente; y Abraham Crespo, Secretario, el Sindicato Alto El Loa ha formalizado su afiliaci\u00f3n a la Federaci\u00f3n de Sindicatos de Trabajadores de la Miner\u00eda y Organizaciones afines de la 2\u00aa regi\u00f3n (FESITRAM, que es federaci\u00f3n de la CTC en la Regi\u00f3n de Antofagasta). Dicho acto, realizado el lunes 02 de octubre en dependencias de la Direcci\u00f3n del Trabajo en la ciudad de Calama, significa un importante paso, tanto para el sindicato como para la federaci\u00f3n y la propia CTC. As\u00ed lo destac\u00f3 Juan Galindo, Presidente de la FESITRAM y Director Nacional de la CTC, al se\u00f1alar que &#8220;la unidad es el camino, ahora los trabajadores del sindicato contar\u00e1n con el permanente apoyo no solo de nuestra federaci\u00f3n sino que tambi\u00e9n de la propia CTC a nivel nacional&#8221;, agregando que &#8220;este paso, muy importante que han dado los trabajadores del sindicato, no solo los fortalece a ellos sino que a la federaci\u00f3n y a la propia CTC, dejando como positiva consecuencia una mayor fortaleza para defender y seguir avanzando en m\u00e1s y mejores derechos para los trabajadores&#8221;.<\/p>\n\n\n\n<p>Desde la Confederaci\u00f3n de Trabajadores del Cobre (CTC), enviamos un gran saludo y damos la bienvenida a los socios y dirigentes del Sindicato Alto El Loa. Su incorporaci\u00f3n a la FESITRAM, y por extensi\u00f3n a la propia CTC, reafirma que la unidad, conciencia, organizaci\u00f3n y disposici\u00f3n de lucha, en torno a la organizaci\u00f3n, es el camino que nos har\u00e1 avanzar hacia mejores condiciones de trabajo y sociales para las y los trabajadores y sus familias.<\/p>\n","protected":false},"excerpt":{"rendered":"<p>Los trabajadores, que se desempe\u00f1an en el transporte de insumos a granel, concentrado de cobre y subproductos en la Divisi\u00f3n Ministro Hales de Codelco, el lunes 02 de octubre formalizaron &hellip; <\/p>\n","protected":false},"author":2,"featured_media":4310,"comment_status":"closed","ping_status":"closed","sticky":false,"template":"","format":"standard","meta":{"jetpack_post_was_ever_published":false,"_jetpack_newsletter_access":"","_jetpack_dont_email_post_to_subs":false,"_jetpack_newsletter_tier_id":0,"_jetpack_memberships_contains_paywalled_content":false,"_jetpack_memberships_contains_paid_content":false,"footnotes":"","jetpack_publicize_message":"","jetpack_publicize_feature_enabled":false,"jetpack_social_post_already_shared":true,"jetpack_social_options":{"image_generator_settings":{"template":"highway","default_image_id":0,"enabled":false},"version":2}},"categories":[9,21,33,17,19],"tags":[],"class_list":["post-4308","post","type-post","status-publish","format-standard","has-post-thumbnail","hentry","category-confederacion","category-federaciones","category-fesitram","category-regiones","category-trabajadores"],"jetpack_publicize_connections":[],"jetpack_featured_media_url":"https:\/\/www.confederaciondelcobre.cl\/wp-content\/uploads\/2023\/10\/Port-1.jpg","jetpack_sharing_enabled":true,"post_mailing_queue_ids":[],"_links":{"self":[{"href":"https:\/\/www.confederaciondelcobre.cl\/index.php\/wp-json\/wp\/v2\/posts\/4308","targetHints":{"allow":["GET"]}}],"collection":[{"href":"https:\/\/www.confederaciondelcobre.cl\/index.php\/wp-json\/wp\/v2\/posts"}],"about":[{"href":"https:\/\/www.confederaciondelcobre.cl\/index.php\/wp-json\/wp\/v2\/types\/post"}],"author":[{"embeddable":true,"href":"https:\/\/www.confederaciondelcobre.cl\/index.php\/wp-json\/wp\/v2\/users\/2"}],"replies":[{"embeddable":true,"href":"https:\/\/www.confederaciondelcobre.cl\/index.php\/wp-json\/wp\/v2\/comments?post=4308"}],"version-history":[{"count":1,"href":"https:\/\/www.confederaciondelcobre.cl\/index.php\/wp-json\/wp\/v2\/posts\/4308\/revisions"}],"predecessor-version":[{"id":4309,"href":"https:\/\/www.confederaciondelcobre.cl\/index.php\/wp-json\/wp\/v2\/posts\/4308\/revisions\/4309"}],"wp:featuredmedia":[{"embeddable":true,"href":"https:\/\/www.confederaciondelcobre.cl\/index.php\/wp-json\/wp\/v2\/media\/4310"}],"wp:attachment":[{"href":"https:\/\/www.confederaciondelcobre.cl\/index.php\/wp-json\/wp\/v2\/media?parent=4308"}],"wp:term":[{"taxonomy":"category","embeddable":true,"href":"https:\/\/www.confederaciondelcobre.cl\/index.php\/wp-json\/wp\/v2\/categories?post=4308"},{"taxonomy":"post_tag","embeddable":true,"href":"https:\/\/www.confederaciondelcobre.cl\/index.php\/wp-json\/wp\/v2\/tags?post=4308"}],"curies":[{"name":"wp","href":"https:\/\/api.w.org\/{rel}","templated":true}]}}