{"id":4314,"date":"2023-10-11T09:30:54","date_gmt":"2023-10-11T13:30:54","guid":{"rendered":"https:\/\/www.confederaciondelcobre.cl\/?p=4314"},"modified":"2023-10-11T09:30:57","modified_gmt":"2023-10-11T13:30:57","slug":"acuerdomarco-ctc-codelco-resultados-preliminares-e-inicio-de-apelaciones-al-fondo-unico-de-vivienda-concursable-proceso-2023","status":"publish","type":"post","link":"https:\/\/www.confederaciondelcobre.cl\/index.php\/2023\/10\/11\/acuerdomarco-ctc-codelco-resultados-preliminares-e-inicio-de-apelaciones-al-fondo-unico-de-vivienda-concursable-proceso-2023\/","title":{"rendered":"#AcuerdoMarco CTC-Codelco: resultados preliminares e inicio de apelaciones al Fondo \u00danico de Vivienda Concursable, proceso 2023."},"content":{"rendered":"\n<p>Informamos que\u00a0<strong>a partir de hoy, mi\u00e9rcoles 11 de octubre, ya se encuentran disponibles los resultados preliminares de las postulaciones al<\/strong> <strong>Fondo \u00danico de Vivienda Concursable, para este a\u00f1o 202<\/strong>3, que corresponde al Acuerdo Marco entre la Confederaci\u00f3n de Trabajadores del Cobre (CTC), Agema y Codelco.<\/p>\n\n\n\n<ul class=\"wp-block-list\">\n<li>El Fondo \u00danico de Vivienda Concursable es un derecho y beneficio\u00a0<strong>para\u00a0trabajadoras y trabajadores<\/strong>\u00a0<strong>Contratistas y Subcontratistas que prestan servicios a Codelco<\/strong>\u00a0de manera permanente, continua y exclusiva en los recintos industriales o establecimientos productivos o administrativos de las Divisiones productivas y Casa Matriz de Codelco, por un periodo m\u00ednimo de un mes calendario.<\/li>\n<\/ul>\n\n\n\n<ul class=\"wp-block-list\">\n<li><strong>Para este a\u00f1o 2023 se han dispuesto 2.000 (dos mil) cupos por un monto de 40 UF (cuarenta Unidades de Fomento)<\/strong>\u00a0<strong>cada uno.<\/strong><\/li>\n<\/ul>\n\n\n\n<ul class=\"wp-block-list\">\n<li>El Fondo \u00danico de Vivienda Concursable&nbsp;<strong>consiste en un aporte \u00fanico para la compra, construcci\u00f3n, prepago de dividendos o de cr\u00e9dito hipotecario&nbsp;de la primera vivienda<\/strong>&nbsp;del o la trabajadora. Cabe destacar que&nbsp;<strong>quien se lo haya adjudicado en a\u00f1os anteriores deber\u00e1 abstenerse de postular nuevamente en este proceso<\/strong>.<\/li>\n<\/ul>\n\n\n\n<blockquote class=\"wp-block-quote is-layout-flow wp-block-quote-is-layout-flow\">\n<p><strong>IMPORTANTE:<\/strong> junto con los resultados preliminares, el d\u00eda de hoy tambi\u00e9n comienza el plazo de apelaciones. Dicho plazo, que dura hasta el 25 de octubre, es para quienes hayan recibido alguna observaci\u00f3n a sus postulaciones, sea por falta de documentaci\u00f3n, antecedentes o alguna otra causa. <\/p>\n<\/blockquote>\n\n\n\n<p><strong>Desde el a\u00f1o 2007 las y los trabajadores contratistas y subcontratistas de Codelco, adem\u00e1s de sus familias, tienen acceso a una variedad de beneficios, derechos laborales y sociales que establece el\u00a0Acuerdo Marco firmado entre la Confederaci\u00f3n de Trabajadores del Cobre (CTC), las empresas contratistas y Codelco. Esta conquista de la Clase Trabajadora, cabe recordar, ha sido \u00fanicamente gracias a la\u00a0Unidad, Conciencia, Organizaci\u00f3n y Lucha\u00a0de todas y todos quienes, agrupados en la CTC, lograron y han mantenido vigente, e incluso ampliado y mejorado el Acuerdo Marco con la cupr\u00edfera estatal.<\/strong><\/p>\n\n\n\n<blockquote class=\"wp-block-quote is-layout-flow wp-block-quote-is-layout-flow\">\n<p><strong>Para revisar los resultados preliminares\u00a0al Fondo \u00danico de Vivienda Concursable, a\u00f1o 2023,\u00a0debes hacerlo ingresando preferentemente desde un computador al sitio web de la OTIC de la C\u00e1mara Chilena de la Construcci\u00f3n\u00a0(<a href=\"https:\/\/www.oticdelaconstruccion.cl\/fondos2023\/\" target=\"_blank\" rel=\"noreferrer noopener\"><u>haciendo click aqu\u00ed<\/u><\/a>). All\u00ed encontrar\u00e1s la secci\u00f3n \u201cFondos para la Primera Vivienda\u201d, donde deber\u00e1s ingresar datos del trabajador o trabajadora que postul\u00f3. Una vez all\u00ed, tambi\u00e9n encontrar\u00e1s informaci\u00f3n sobre las Bases y Documentaci\u00f3n requerida, como tambi\u00e9n la posibilidad de hacer sus apelaciones.<\/strong><\/p>\n<\/blockquote>\n\n\n\n<p><strong>Los beneficios y derechos conquistados gracias a la unidad, conciencia, organizaci\u00f3n y lucha de las y los trabajadores agrupados en la CTC<\/strong>&nbsp;tienen por objetivo&nbsp;<strong>mejorar nuestras condiciones laborales, sociales y de calidad de vida<\/strong>, por lo que llamamos a todas y todos&nbsp;<strong>a difundir esta informaci\u00f3n y proceso de postulaci\u00f3n entre sus compa\u00f1eras y compa\u00f1eros<\/strong>.<\/p>\n\n\n\n<p>Para su consideraci\u00f3n, dejamos a continuaci\u00f3n calendario con el proceso completo:<\/p>\n\n\n<div class=\"wp-block-image\">\n<figure class=\"aligncenter size-large\"><img loading=\"lazy\" decoding=\"async\" width=\"1024\" height=\"1024\" src=\"https:\/\/www.confederaciondelcobre.cl\/wp-content\/uploads\/2023\/07\/Fondo-de-Vivienda-1024x1024.png\" alt=\"\" class=\"wp-image-3738\" srcset=\"https:\/\/www.confederaciondelcobre.cl\/wp-content\/uploads\/2023\/07\/Fondo-de-Vivienda-1024x1024.png 1024w, https:\/\/www.confederaciondelcobre.cl\/wp-content\/uploads\/2023\/07\/Fondo-de-Vivienda-300x300.png 300w, https:\/\/www.confederaciondelcobre.cl\/wp-content\/uploads\/2023\/07\/Fondo-de-Vivienda-150x150.png 150w, https:\/\/www.confederaciondelcobre.cl\/wp-content\/uploads\/2023\/07\/Fondo-de-Vivienda-768x768.png 768w, https:\/\/www.confederaciondelcobre.cl\/wp-content\/uploads\/2023\/07\/Fondo-de-Vivienda.png 1080w\" sizes=\"auto, (max-width: 1024px) 100vw, 1024px\" \/><\/figure><\/div>","protected":false},"excerpt":{"rendered":"<p>Informamos que\u00a0a partir de hoy, mi\u00e9rcoles 11 de octubre, ya se encuentran disponibles los resultados preliminares de las postulaciones al Fondo \u00danico de Vivienda Concursable, para este a\u00f1o 2023, que &hellip; <\/p>\n","protected":false},"author":2,"featured_media":3739,"comment_status":"closed","ping_status":"closed","sticky":false,"template":"","format":"standard","meta":{"jetpack_post_was_ever_published":false,"_jetpack_newsletter_access":"","_jetpack_dont_email_post_to_subs":false,"_jetpack_newsletter_tier_id":0,"_jetpack_memberships_contains_paywalled_content":false,"_jetpack_memberships_contains_paid_content":false,"footnotes":"","jetpack_publicize_message":"","jetpack_publicize_feature_enabled":false,"jetpack_social_post_already_shared":true,"jetpack_social_options":{"image_generator_settings":{"template":"highway","default_image_id":0,"enabled":false},"version":2}},"categories":[5,23,9,21,15,19],"tags":[],"class_list":["post-4314","post","type-post","status-publish","format-standard","has-post-thumbnail","hentry","category-acuerdo-marco","category-acuerdo-marco-codelco","category-confederacion","category-federaciones","category-nacional","category-trabajadores"],"jetpack_publicize_connections":[],"jetpack_featured_media_url":"https:\/\/www.confederaciondelcobre.cl\/wp-content\/uploads\/2023\/07\/PortFond.jpg","jetpack_sharing_enabled":true,"post_mailing_queue_ids":[],"_links":{"self":[{"href":"https:\/\/www.confederaciondelcobre.cl\/index.php\/wp-json\/wp\/v2\/posts\/4314","targetHints":{"allow":["GET"]}}],"collection":[{"href":"https:\/\/www.confederaciondelcobre.cl\/index.php\/wp-json\/wp\/v2\/posts"}],"about":[{"href":"https:\/\/www.confederaciondelcobre.cl\/index.php\/wp-json\/wp\/v2\/types\/post"}],"author":[{"embeddable":true,"href":"https:\/\/www.confederaciondelcobre.cl\/index.php\/wp-json\/wp\/v2\/users\/2"}],"replies":[{"embeddable":true,"href":"https:\/\/www.confederaciondelcobre.cl\/index.php\/wp-json\/wp\/v2\/comments?post=4314"}],"version-history":[{"count":3,"href":"https:\/\/www.confederaciondelcobre.cl\/index.php\/wp-json\/wp\/v2\/posts\/4314\/revisions"}],"predecessor-version":[{"id":4317,"href":"https:\/\/www.confederaciondelcobre.cl\/index.php\/wp-json\/wp\/v2\/posts\/4314\/revisions\/4317"}],"wp:featuredmedia":[{"embeddable":true,"href":"https:\/\/www.confederaciondelcobre.cl\/index.php\/wp-json\/wp\/v2\/media\/3739"}],"wp:attachment":[{"href":"https:\/\/www.confederaciondelcobre.cl\/index.php\/wp-json\/wp\/v2\/media?parent=4314"}],"wp:term":[{"taxonomy":"category","embeddable":true,"href":"https:\/\/www.confederaciondelcobre.cl\/index.php\/wp-json\/wp\/v2\/categories?post=4314"},{"taxonomy":"post_tag","embeddable":true,"href":"https:\/\/www.confederaciondelcobre.cl\/index.php\/wp-json\/wp\/v2\/tags?post=4314"}],"curies":[{"name":"wp","href":"https:\/\/api.w.org\/{rel}","templated":true}]}}