{"id":4318,"date":"2023-10-11T18:04:38","date_gmt":"2023-10-11T22:04:38","guid":{"rendered":"https:\/\/www.confederaciondelcobre.cl\/?p=4318"},"modified":"2023-10-11T18:04:42","modified_gmt":"2023-10-11T22:04:42","slug":"negociacion-colectiva-sindicato-resiter-vota-huelga","status":"publish","type":"post","link":"https:\/\/www.confederaciondelcobre.cl\/index.php\/2023\/10\/11\/negociacion-colectiva-sindicato-resiter-vota-huelga\/","title":{"rendered":"Negociaci\u00f3n Colectiva: Sindicato Resiter vota huelga."},"content":{"rendered":"\n<p>La votaci\u00f3n efectuada ayer rechaza la \u00faltima oferta de la empresa, y aprueba con el 100% la huelga que se har\u00e1 efectiva a partir del lunes 17 de este mismo mes.<\/p>\n\n\n\n<hr class=\"wp-block-separator has-alpha-channel-opacity\"\/>\n\n\n\n<p>El d\u00eda de ayer, martes 10 de octubre, el Sindicato Resiter, que agrupa a trabajadores que se desempe\u00f1an principalmente en aseo industrial y como auxiliares de servicio en la faena MantoVerde que es operada por Capstone Copper, han rechazado la \u00faltima oferta de la empresa a la vez que han aprobado llevar a cabo la huelga.<\/p>\n\n\n\n<blockquote class=\"wp-block-quote is-layout-flow wp-block-quote-is-layout-flow\">\n<p>El Sindicato Resiter, <a href=\"https:\/\/www.confederaciondelcobre.cl\/index.php\/2023\/08\/22\/mantoverde-sindicato-resiter-se-afilia-a-federacion-de-la-ctc\/\" target=\"_blank\" rel=\"noreferrer noopener\">que est\u00e1 afiliado a la FESAMAV (federaci\u00f3n de la CTC en la Regi\u00f3n de Atacama)<\/a> es dirigido por Pedro Pueyes, Presidente; Diego Pizarro, Secretario; y Samuel Maturana, Tesorero.<\/p>\n<\/blockquote>\n\n\n\n<p>Cabe se\u00f1alar que la huelga se desarrollar\u00e1 en el marco de la actual negociaci\u00f3n colectiva reglada que el Sindicato y empresa iniciaron el 29 de agosto, y donde las principales demandas de los trabajadores son avanzar en la valoraci\u00f3n de su trabajo por parte de la empresa, y que esto se traduzca en mejores condiciones laborales y salariales, como tambi\u00e9n en el mejoramiento de las condiciones de salud, seguridad, derechos y beneficios sociales, pero tambi\u00e9n \u2014recalcan desde el propio sindicato\u2014 recibir un mejor trato, especialmente de parte de la supervisi\u00f3n.<\/p>\n\n\n\n<p>De no iniciarse el per\u00edodo de mediaci\u00f3n obligada, donde participar\u00eda la Inspecci\u00f3n del Trabajo (como mediadora), la huelga se har\u00e1 efectiva a partir del lunes 17 de este mes.<\/p>\n\n\n\n<p><\/p>\n","protected":false},"excerpt":{"rendered":"<p>La votaci\u00f3n efectuada ayer rechaza la \u00faltima oferta de la empresa, y aprueba con el 100% la huelga que se har\u00e1 efectiva a partir del lunes 17 de este mismo &hellip; <\/p>\n","protected":false},"author":2,"featured_media":4324,"comment_status":"closed","ping_status":"closed","sticky":false,"template":"","format":"standard","meta":{"jetpack_post_was_ever_published":false,"_jetpack_newsletter_access":"","_jetpack_dont_email_post_to_subs":false,"_jetpack_newsletter_tier_id":0,"_jetpack_memberships_contains_paywalled_content":false,"_jetpack_memberships_contains_paid_content":false,"footnotes":"","jetpack_publicize_message":"","jetpack_publicize_feature_enabled":false,"jetpack_social_post_already_shared":true,"jetpack_social_options":{"image_generator_settings":{"template":"highway","default_image_id":0,"enabled":false},"version":2}},"categories":[9,21,25,20,19],"tags":[],"class_list":["post-4318","post","type-post","status-publish","format-standard","has-post-thumbnail","hentry","category-confederacion","category-federaciones","category-fesamav","category-negociacion-colectiva","category-trabajadores"],"jetpack_publicize_connections":[],"jetpack_featured_media_url":"https:\/\/www.confederaciondelcobre.cl\/wp-content\/uploads\/2023\/10\/Port-2.jpg","jetpack_sharing_enabled":true,"post_mailing_queue_ids":[],"_links":{"self":[{"href":"https:\/\/www.confederaciondelcobre.cl\/index.php\/wp-json\/wp\/v2\/posts\/4318","targetHints":{"allow":["GET"]}}],"collection":[{"href":"https:\/\/www.confederaciondelcobre.cl\/index.php\/wp-json\/wp\/v2\/posts"}],"about":[{"href":"https:\/\/www.confederaciondelcobre.cl\/index.php\/wp-json\/wp\/v2\/types\/post"}],"author":[{"embeddable":true,"href":"https:\/\/www.confederaciondelcobre.cl\/index.php\/wp-json\/wp\/v2\/users\/2"}],"replies":[{"embeddable":true,"href":"https:\/\/www.confederaciondelcobre.cl\/index.php\/wp-json\/wp\/v2\/comments?post=4318"}],"version-history":[{"count":5,"href":"https:\/\/www.confederaciondelcobre.cl\/index.php\/wp-json\/wp\/v2\/posts\/4318\/revisions"}],"predecessor-version":[{"id":4323,"href":"https:\/\/www.confederaciondelcobre.cl\/index.php\/wp-json\/wp\/v2\/posts\/4318\/revisions\/4323"}],"wp:featuredmedia":[{"embeddable":true,"href":"https:\/\/www.confederaciondelcobre.cl\/index.php\/wp-json\/wp\/v2\/media\/4324"}],"wp:attachment":[{"href":"https:\/\/www.confederaciondelcobre.cl\/index.php\/wp-json\/wp\/v2\/media?parent=4318"}],"wp:term":[{"taxonomy":"category","embeddable":true,"href":"https:\/\/www.confederaciondelcobre.cl\/index.php\/wp-json\/wp\/v2\/categories?post=4318"},{"taxonomy":"post_tag","embeddable":true,"href":"https:\/\/www.confederaciondelcobre.cl\/index.php\/wp-json\/wp\/v2\/tags?post=4318"}],"curies":[{"name":"wp","href":"https:\/\/api.w.org\/{rel}","templated":true}]}}