{"id":4336,"date":"2023-10-13T19:01:59","date_gmt":"2023-10-13T23:01:59","guid":{"rendered":"https:\/\/www.confederaciondelcobre.cl\/?p=4336"},"modified":"2023-10-13T19:02:02","modified_gmt":"2023-10-13T23:02:02","slug":"presidenta-de-la-ctc-participo-de-seminario-internacional-organizado-por-chilevalora","status":"publish","type":"post","link":"https:\/\/www.confederaciondelcobre.cl\/index.php\/2023\/10\/13\/presidenta-de-la-ctc-participo-de-seminario-internacional-organizado-por-chilevalora\/","title":{"rendered":"Presidenta de la CTC particip\u00f3 de Seminario Internacional organizado por ChileValora."},"content":{"rendered":"\n<p>Los d\u00edas mi\u00e9rcoles 11 y jueves 12 de octubre, la Presidenta de la Confederaci\u00f3n de Trabajadores del Cobre (CTC), Ana Lamas Aguirre, particip\u00f3 del Seminario Internacional &#8220;certificaci\u00f3n y aprendizaje a lo largo de la vida:&nbsp;adaptaci\u00f3n a las nuevas realidades del mercado laboral\u201d organizado por ChileValora. En dicha instancia, se abordaron los desaf\u00edos actuales y futuros del mundo laboral, como tambi\u00e9n la tendencia de los trabajos en el futuro, la digitalizaci\u00f3n, la transici\u00f3n ecol\u00f3gica, el envejecimiento poblacional, entre otros.<\/p>\n\n\n\n<blockquote class=\"wp-block-quote is-layout-flow wp-block-quote-is-layout-flow\">\n<p>Las jornadas se desarrollaron mediante bloques de exposiciones tem\u00e1ticas, y comentarios a cargo de panelistas invitados. Es as\u00ed como el 11 de octubre hubo bloques tem\u00e1ticos sobre <strong>&#8220;Transiciones, reconversiones laborales y oficios futuros&#8221;<\/strong> y <strong>&#8220;Competencias para los oficios del futuro&#8221;<\/strong>. De igual manera, ya el 12 de octubre, se llev\u00f3 a cabo un bloque sobre <strong>&#8220;Certificaci\u00f3n de competencias en cuidados &#8211; experiencias y desaf\u00edos para los trabajos futuros&#8221;<\/strong>.<\/p>\n<\/blockquote>\n\n\n\n<p>La Presidenta de la CTC, quien como representante de las y los trabajadores, y en su calidad de Consejera Nacional de la Central Unitaria de Trabajadores (CUT) <a rel=\"noreferrer noopener\" href=\"https:\/\/www.confederaciondelcobre.cl\/index.php\/2023\/08\/23\/presidenta-de-la-ctc-integra-directorio-de-chilevalora\/\" target=\"_blank\">integra el Directorio de ChileValora<\/a>, tuvo palabras al cierre de la jornada del 12 de octubre. En la oportunidad, junto con saludar la realizaci\u00f3n de este gran evento, agradeci\u00f3 la importancia de este tipo de instancias, &#8220;que nos permiten compartir experiencias, generar nuevos aprendizajes, desarrollando y reconociendo competencias laborales, en un proceso que debiera ser permanente a lo largo de la vida de las y los trabajadores&#8221;. Sobre la mujer y el trabajo, Ana Lamas Aguirre se\u00f1al\u00f3 que &#8220;es un camino que se esta recorriendo, con avances y dificultades, y que\u00a0en tiempos de crisis es precisamente el trabajo de las mujeres el que vuelve a ser el mas precarizado y vulnerado&#8221;, recordando, adem\u00e1s, que fueron las mujeres las m\u00e1s afectadas en t\u00e9rminos laborales durante la pandemia. Para mejorar la calidad de vida de las trabajadoras \u2014recalc\u00f3 la directora de ChileValora\u2014 &#8220;lo esencial \u00a0es hacernos cargo, como sociedad, de esta realidad que nos permita compatibilizar nuestra vida laboral con la vida familiar, \u00a0y el cuidado de los hijos&#8221;. Ya finalizando sus palabras, la Presidenta de la CTC se\u00f1al\u00f3 que &#8220;necesitamos avanzar en el trabajo decente, como una respuesta consistente frente a la creciente desprotecci\u00f3n y precarizaci\u00f3n del trabajo&#8221;, indicando que el desaf\u00edo es aplicar en la pr\u00e1ctica &#8220;todos los elementos que hemos identificado en esta instancia, y cumplir con la deuda que tenemos como sociedad, que a trav\u00e9s de ChileValora se puede mitigar&#8221;. Lo anterior, insisti\u00f3, Ana Lamas Aguirre, implica &#8221; valorar y \u00a0reconocer la labor y el rol fundamental que cumplimos las y los trabajadores en la construcci\u00f3n de la sociedad. Nuestra tarea es demandar y propiciar el trabajo decente en nuestra sociedad, que posibilite mejores condiciones de vida y garant\u00edas que nos permitan seguir aportando en condiciones dignas. Para eso se requiere de un compromiso real de todos los actores&#8221;, concluy\u00f3.<\/p>\n\n\n\n<p><\/p>\n","protected":false},"excerpt":{"rendered":"<p>Los d\u00edas mi\u00e9rcoles 11 y jueves 12 de octubre, la Presidenta de la Confederaci\u00f3n de Trabajadores del Cobre (CTC), Ana Lamas Aguirre, particip\u00f3 del Seminario Internacional &#8220;certificaci\u00f3n y aprendizaje a &hellip; <\/p>\n","protected":false},"author":2,"featured_media":4337,"comment_status":"closed","ping_status":"closed","sticky":false,"template":"","format":"standard","meta":{"jetpack_post_was_ever_published":false,"_jetpack_newsletter_access":"","_jetpack_dont_email_post_to_subs":false,"_jetpack_newsletter_tier_id":0,"_jetpack_memberships_contains_paywalled_content":false,"_jetpack_memberships_contains_paid_content":false,"footnotes":"","jetpack_publicize_message":"","jetpack_publicize_feature_enabled":false,"jetpack_social_post_already_shared":true,"jetpack_social_options":{"image_generator_settings":{"template":"highway","default_image_id":0,"enabled":false},"version":2}},"categories":[9,15,19],"tags":[],"class_list":["post-4336","post","type-post","status-publish","format-standard","has-post-thumbnail","hentry","category-confederacion","category-nacional","category-trabajadores"],"jetpack_publicize_connections":[],"jetpack_featured_media_url":"https:\/\/www.confederaciondelcobre.cl\/wp-content\/uploads\/2023\/10\/PortChileValora.jpg","jetpack_sharing_enabled":true,"post_mailing_queue_ids":[],"_links":{"self":[{"href":"https:\/\/www.confederaciondelcobre.cl\/index.php\/wp-json\/wp\/v2\/posts\/4336","targetHints":{"allow":["GET"]}}],"collection":[{"href":"https:\/\/www.confederaciondelcobre.cl\/index.php\/wp-json\/wp\/v2\/posts"}],"about":[{"href":"https:\/\/www.confederaciondelcobre.cl\/index.php\/wp-json\/wp\/v2\/types\/post"}],"author":[{"embeddable":true,"href":"https:\/\/www.confederaciondelcobre.cl\/index.php\/wp-json\/wp\/v2\/users\/2"}],"replies":[{"embeddable":true,"href":"https:\/\/www.confederaciondelcobre.cl\/index.php\/wp-json\/wp\/v2\/comments?post=4336"}],"version-history":[{"count":7,"href":"https:\/\/www.confederaciondelcobre.cl\/index.php\/wp-json\/wp\/v2\/posts\/4336\/revisions"}],"predecessor-version":[{"id":4349,"href":"https:\/\/www.confederaciondelcobre.cl\/index.php\/wp-json\/wp\/v2\/posts\/4336\/revisions\/4349"}],"wp:featuredmedia":[{"embeddable":true,"href":"https:\/\/www.confederaciondelcobre.cl\/index.php\/wp-json\/wp\/v2\/media\/4337"}],"wp:attachment":[{"href":"https:\/\/www.confederaciondelcobre.cl\/index.php\/wp-json\/wp\/v2\/media?parent=4336"}],"wp:term":[{"taxonomy":"category","embeddable":true,"href":"https:\/\/www.confederaciondelcobre.cl\/index.php\/wp-json\/wp\/v2\/categories?post=4336"},{"taxonomy":"post_tag","embeddable":true,"href":"https:\/\/www.confederaciondelcobre.cl\/index.php\/wp-json\/wp\/v2\/tags?post=4336"}],"curies":[{"name":"wp","href":"https:\/\/api.w.org\/{rel}","templated":true}]}}