{"id":434,"date":"2019-11-05T11:00:04","date_gmt":"2019-11-05T11:00:04","guid":{"rendered":"http:\/\/www.ctc2018.cl\/?p=434"},"modified":"2020-04-26T23:35:24","modified_gmt":"2020-04-26T23:35:24","slug":"en-1981-jose-pinera-afirmo-que-el-cobre-seria-obsoleto-principal-fundamento-de-la-desnacionalizacion-del-cobre","status":"publish","type":"post","link":"https:\/\/www.confederaciondelcobre.cl\/index.php\/2019\/11\/05\/en-1981-jose-pinera-afirmo-que-el-cobre-seria-obsoleto-principal-fundamento-de-la-desnacionalizacion-del-cobre\/","title":{"rendered":"En 1981 Jos\u00e9 Pi\u00f1era afirm\u00f3 que el cobre ser\u00eda obsoleto. Principal fundamento de la desnacionalizaci\u00f3n del cobre."},"content":{"rendered":"\n<p style=\"text-align:right\"><strong>Por Orlando Caputo, Ex Gerente General de CODELCO y Graciela Galarce, Ex Economista del Banco Central. Documento N\u00famero 2[1]. 31 de Octubre 2019<\/strong>.<\/p>\n\n\n\n<hr class=\"wp-block-separator\"\/>\n\n\n\n<h4 class=\"wp-block-heading\"><strong>A. Presentaci\u00f3n<\/strong>.<\/h4>\n\n\n\n<p>Jos\u00e9 Pi\u00f1era en 1981, Ministro de Miner\u00eda de Pinochet afirm\u00f3 que el cobre quedar\u00eda obsoleto. Este fue el fundamento principal de la desnacionalizaci\u00f3n del cobre. Chile deb\u00eda producir la mayor cantidad de cobre y en el menor tiempo posible. Jos\u00e9 Pi\u00f1era afirm\u00f3 que solo las grandes mineras mundiales ten\u00edan el capital y la tecnolog\u00eda para la explotaci\u00f3n de los nuevos y ricos yacimientos de cobre. Para atraer a las empresas extranjeras, era necesario otorgarles las m\u00e1s amplias garant\u00edas. Para lo cual, Jos\u00e9 Pi\u00f1era ide\u00f3 <em><strong>\u201cLa Concesi\u00f3n Plena\u201d<\/strong><\/em>, que entrega los nuevos yacimientos en propiedad privada a las empresas extranjeras. M\u00e1s a\u00fan, <em><strong>\u201cConcesi\u00f3n Plena\u201d<\/strong> <\/em>con m\u00e1s garant\u00edas que la propia propiedad privada.<\/p>\n\n\n\n<p>La <em><strong>\u2018Concesi\u00f3n Plena\u2019 <\/strong><\/em>de la Dictadura, posibilit\u00f3 la desnacionalizaci\u00f3n del cobre, que se concret\u00f3 y aceler\u00f3 en los gobiernos post dictadura. Actualmente, el 71% del cobre en Chile es producido por las grandes mineras mundiales, las que obtienen cuantiosas utilidades.<\/p>\n\n\n\n<p><strong>El cobre en vez de quedar obsoleto es cada vez m\u00e1s importante a nivel planetario: en energ\u00edas renovables, solar y e\u00f3lica; transmisi\u00f3n de electricidad; construcci\u00f3n habitacional; celulares; electro movilidad &#8211; veh\u00edculos el\u00e9ctricos, estaciones de carga de bater\u00edas-, etc.<\/strong><\/p>\n\n\n\n<p><strong>Chile debe Renacionalizar El Cobre. Con esos recursos y los del Litio puede financiar parte significativa de las demandas sociales: remuneraciones, salud, educaci\u00f3n, vivienda, previsi\u00f3n, etc., en una perspectiva de corto, mediano y largo plazo. Nuestros estudios anteriores as\u00ed lo demuestran. Para concretar lo se\u00f1alado, Chile necesita UNA NUEVA CONSTITUCI\u00d3N.<\/strong><\/p>\n\n\n\n<h4 class=\"wp-block-heading\"><strong>B. Documento de Jos\u00e9 Pi\u00f1era. <\/strong><strong>\u201cFundamentos de la Ley Constitucional Minera, del 13 de agosto de 1981\u201d <\/strong><\/h4>\n\n\n\n<p><strong>B.1.- El cobre ser\u00e1 obsoleto. Jos\u00e9 Pi\u00f1era afirm\u00f3: <\/strong><em><strong>\u201cUn mineral no tiene valor en s\u00ed mismo<\/strong>, sino por su posibilidad de uso. \u00c9sta es determinada por la situaci\u00f3n tecnol\u00f3gica y coyuntural que se vive\u201d<\/em><\/p>\n\n\n\n<p><em>\u201cComo dicha situaci\u00f3n es b\u00e1sicamente din\u00e1mica, c<strong>ualquier recurso guardado para el futuro puede dejar de tener valor econ\u00f3mico<\/strong> (por sustituci\u00f3n en el consumo o en la producci\u00f3n)\u201d.\u201cCon perspectiva hist\u00f3rica, se puede comprobar los riesgos de obsolescencia de un recurso natural (la sal en la historia antigua y el salitre en este siglo).\u201d<\/em><\/p>\n\n\n\n<p><strong>B.2- El cobre debe ser explotado en forma acelerada:<\/strong><\/p>\n\n\n\n<p>En el documento citado, Jos\u00e9 Pi\u00f1era afirm\u00f3: \u201cLa miner\u00eda es probablemente el \u00e1rea de mayor riqueza potencial que tiene Chile. <strong>Su crecimiento acelerado es fundamental&#8230;<\/strong>\u201d<\/p>\n\n\n\n<p><strong>\u201cUn pa\u00eds que tiene recursos mineros en gran magnitud debe explotarlos aceleradamente por varias razones\u201d<\/strong>. La principal raz\u00f3n es la obsolescencia.<\/p>\n\n\n\n<p><strong>B.3.- Los nuevos yacimientos de cobre deben ser explotados por las grandes mineras mundiales.<\/strong><\/p>\n\n\n\n<p>En el documento de Jos\u00e9 Pi\u00f1era citado se afirma:<\/p>\n\n\n\n<p><strong>\u201cDel principio de subsidiaridad que orienta el modelo econ\u00f3mico del gobierno, se puede concluir que la exploraci\u00f3n y explotaci\u00f3n de recursos mineros debe ser llevada a cabo por empresas privadas&#8230;\u201d<\/strong><\/p>\n\n\n\n<p><strong>\u201c&#8230;para maximizar la disponibilidad del capital se requiere de inversi\u00f3n extranjera&#8230;. La inversi\u00f3n extranjera no aporta solo capital, sino tambi\u00e9n tecnolog\u00eda, capacidad empresarial y conocimiento del mercado internacional\u201d<\/strong><\/p>\n\n\n\n<p><strong>\u201c&#8230;, la inversi\u00f3n extranjera,&#8230; se interesa fundamentalmente en sectores con recursos de importancia y magnitud y orientado hacia la exportaci\u00f3n\u201d<\/strong><\/p>\n\n\n\n<p>Jos\u00e9 Pi\u00f1era, en el Documento afirma que la mejor garant\u00eda a la inversi\u00f3n extranjera, es entregarles los nuevos yacimientos como<strong> <\/strong><em><strong>\u2018Concesi\u00f3n Plena\u2019 <\/strong><\/em>con mayores garant\u00edas que la propiedad privada.<\/p>\n\n\n\n<h4 class=\"wp-block-heading\">C. Radomiro Tomic denunci\u00f3 la \u2018Concesi\u00f3n Plena\u2019 en 1982.<\/h4>\n\n\n\n<p>Radomiro Tomic, ex Candidato Presidencial de la Democracia Cristiana en 1970. Su Programa Presidencial contemplaba la Nacionalizaci\u00f3n del Cobre. Posteriormente, en los a\u00f1os 80\u2019s recorri\u00f3 el pa\u00eds denunciando los Fundamentos de la<strong> <\/strong><em><strong>\u2018Concesi\u00f3n Plena\u2019<\/strong><\/em><\/p>\n\n\n\n<p>En 1982, Radomiro Tomic denunci\u00f3:<\/p>\n\n\n\n<p><strong>\u201c&#8230;Acaba de desnacionalizar las mayores y mejores reservas de cobre del mundo&#8230;\u201d.<\/strong><\/p>\n\n\n\n<p><strong>\u201c&#8230;.Basada en el presupuesto absolutamente e irremediablemente err\u00f3neo de que el progreso cient\u00edfico y tecnol\u00f3gico est\u00e1 reduciendo el cobre a metal sin valor&#8230;\u201d<\/strong><\/p>\n\n\n\n<p>Radomiro Tomic sentenci\u00f3:<\/p>\n\n\n\n<p><em><strong>\u201cQuien controla el cobre controla a Chile\u201d<\/strong><\/em><\/p>\n\n\n\n<hr class=\"wp-block-separator\"\/>\n\n\n\n[1] Designamos como Documento 1: \u201cLas ganancias globales de las mineras privadas en el cobre y el valor global de las medidas anunciadas por el Presidente Pi\u00f1era\u201d, (23 de octubre de 2019.). Ver en el siguiente enlace: <a rel=\"noreferrer noopener\" href=\"https:\/\/l.facebook.com\/l.php?u=https%3A%2F%2Fbit.ly%2F2NKf9V0%3Ffbclid%3DIwAR2AxwwubiRWsuni9U6VLynr9X-p6T4vdbhNR70uXkOzdEluogf_kbneKno&amp;h=AT3_jk5y-cL13DNwJm4_9TOygWu8gCM2eQKtyuWQK00Yab-pVEj31zD3hmIr8ycVXU7JV3D2jmBkOv6mtJHehjcSAW34vk12e8AQPzB6YTUYg-639qwEnbpvhIxFqK187V9NhRjo0yU\" target=\"_blank\">https:\/\/bit.ly\/2NKf9V0<\/a>.<\/p>\n\n\n\n<hr class=\"wp-block-separator\"\/>\n\n\n\n<figure class=\"wp-block-image\"><img loading=\"lazy\" decoding=\"async\" width=\"708\" height=\"960\" src=\"http:\/\/www.ctc2018.cl\/wp-content\/uploads\/2019\/11\/OC1.png\" alt=\"\" class=\"wp-image-437\" srcset=\"https:\/\/www.confederaciondelcobre.cl\/wp-content\/uploads\/2019\/11\/OC1.png 708w, https:\/\/www.confederaciondelcobre.cl\/wp-content\/uploads\/2019\/11\/OC1-221x300.png 221w\" sizes=\"auto, (max-width: 708px) 100vw, 708px\" \/><\/figure>\n\n\n\n<figure class=\"wp-block-image\"><img loading=\"lazy\" decoding=\"async\" width=\"708\" height=\"960\" src=\"http:\/\/www.ctc2018.cl\/wp-content\/uploads\/2019\/11\/OC2.png\" alt=\"\" class=\"wp-image-438\" srcset=\"https:\/\/www.confederaciondelcobre.cl\/wp-content\/uploads\/2019\/11\/OC2.png 708w, https:\/\/www.confederaciondelcobre.cl\/wp-content\/uploads\/2019\/11\/OC2-221x300.png 221w\" sizes=\"auto, (max-width: 708px) 100vw, 708px\" \/><\/figure>\n","protected":false},"excerpt":{"rendered":"<p>Por Orlando Caputo, Ex Gerente General de CODELCO y Graciela Galarce, Ex Economista del Banco Central. Documento N\u00famero 2[1]. 31 de Octubre 2019. A. Presentaci\u00f3n. Jos\u00e9 Pi\u00f1era en 1981, Ministro &hellip; <\/p>\n","protected":false},"author":2,"featured_media":436,"comment_status":"open","ping_status":"open","sticky":false,"template":"","format":"standard","meta":{"jetpack_post_was_ever_published":false,"_jetpack_newsletter_access":"","_jetpack_dont_email_post_to_subs":false,"_jetpack_newsletter_tier_id":0,"_jetpack_memberships_contains_paywalled_content":false,"_jetpack_memberships_contains_paid_content":false,"footnotes":"","jetpack_publicize_message":"","jetpack_publicize_feature_enabled":true,"jetpack_social_post_already_shared":false,"jetpack_social_options":{"image_generator_settings":{"template":"highway","default_image_id":0,"enabled":false},"version":2}},"categories":[30,9],"tags":[],"class_list":["post-434","post","type-post","status-publish","format-standard","has-post-thumbnail","hentry","category-columna-de-opinion","category-confederacion"],"jetpack_publicize_connections":[],"jetpack_featured_media_url":"https:\/\/www.confederaciondelcobre.cl\/wp-content\/uploads\/2019\/11\/JPin\u0303era.jpg","jetpack_sharing_enabled":true,"post_mailing_queue_ids":[],"_links":{"self":[{"href":"https:\/\/www.confederaciondelcobre.cl\/index.php\/wp-json\/wp\/v2\/posts\/434","targetHints":{"allow":["GET"]}}],"collection":[{"href":"https:\/\/www.confederaciondelcobre.cl\/index.php\/wp-json\/wp\/v2\/posts"}],"about":[{"href":"https:\/\/www.confederaciondelcobre.cl\/index.php\/wp-json\/wp\/v2\/types\/post"}],"author":[{"embeddable":true,"href":"https:\/\/www.confederaciondelcobre.cl\/index.php\/wp-json\/wp\/v2\/users\/2"}],"replies":[{"embeddable":true,"href":"https:\/\/www.confederaciondelcobre.cl\/index.php\/wp-json\/wp\/v2\/comments?post=434"}],"version-history":[{"count":1,"href":"https:\/\/www.confederaciondelcobre.cl\/index.php\/wp-json\/wp\/v2\/posts\/434\/revisions"}],"predecessor-version":[{"id":439,"href":"https:\/\/www.confederaciondelcobre.cl\/index.php\/wp-json\/wp\/v2\/posts\/434\/revisions\/439"}],"wp:featuredmedia":[{"embeddable":true,"href":"https:\/\/www.confederaciondelcobre.cl\/index.php\/wp-json\/wp\/v2\/media\/436"}],"wp:attachment":[{"href":"https:\/\/www.confederaciondelcobre.cl\/index.php\/wp-json\/wp\/v2\/media?parent=434"}],"wp:term":[{"taxonomy":"category","embeddable":true,"href":"https:\/\/www.confederaciondelcobre.cl\/index.php\/wp-json\/wp\/v2\/categories?post=434"},{"taxonomy":"post_tag","embeddable":true,"href":"https:\/\/www.confederaciondelcobre.cl\/index.php\/wp-json\/wp\/v2\/tags?post=434"}],"curies":[{"name":"wp","href":"https:\/\/api.w.org\/{rel}","templated":true}]}}