{"id":4350,"date":"2023-10-16T14:50:28","date_gmt":"2023-10-16T18:50:28","guid":{"rendered":"https:\/\/www.confederaciondelcobre.cl\/?p=4350"},"modified":"2023-10-16T14:50:52","modified_gmt":"2023-10-16T18:50:52","slug":"arica-jornada-solidaria-e-informativa-llevaron-a-cabo-federacion-de-la-ctc-y-ampro","status":"publish","type":"post","link":"https:\/\/www.confederaciondelcobre.cl\/index.php\/2023\/10\/16\/arica-jornada-solidaria-e-informativa-llevaron-a-cabo-federacion-de-la-ctc-y-ampro\/","title":{"rendered":"Arica: jornada solidaria e informativa llevaron a cabo federaci\u00f3n de la CTC y Ampro."},"content":{"rendered":"\n<p>El d\u00eda de ayer, domingo 15 de octubre y en la ciudad de Arica, la Federaci\u00f3n Minera del Norte (Feminort, que es federaci\u00f3n de la CTC en la regi\u00f3n de Tarapac\u00e1), en conjunto con la Asamblea Abierta de Migrantes y Promigrantes de Tarapac\u00e1 (AMPRO), llevaron a cabo una jornada informativa en que se dio difusi\u00f3n a temas relativos a la migraci\u00f3n y asuntos laborales. En la jornada, donde adem\u00e1s se prest\u00f3 apoyo a las nuevas integrantes de AMPRO-Arica, se dieron a conocer iniciativas y procesos de regularizaci\u00f3n, capacitaciones, escuelas de idioma, constituci\u00f3n de sindicatos de trabajadoras y trabajadores informales, entre otros. Esto, como se\u00f1alamos en una <a rel=\"noreferrer noopener\" href=\"https:\/\/www.confederaciondelcobre.cl\/index.php\/2023\/08\/09\/ctc-y-cut-se-reunieron-con-patrick-taran-especialista-principal-en-migracion-de-la-oficina-internacional-del-trabajo-de-la-oit\/\" target=\"_blank\">nota anterior<\/a>, obedece a un despliegue territorial a fin de tambi\u00e9n entregar herramientas para abordar temas de educaci\u00f3n, salud, vivienda y previsi\u00f3n.<\/p>\n\n\n\n<p>La migraci\u00f3n es un fen\u00f3meno mundial del que nuestro pa\u00eds no est\u00e1 ajeno, no es algo nuevo: la miner\u00eda y el norte de nuestro pa\u00eds lo conocen desde siempre, y es una realidad que como trabajadoras y trabajadores debemos abordar con sentido de solidaridad de clase. En ese sentido, el trabajo territorial desarrollado obedece a la idea de abarcar esta realidad de una manera lo m\u00e1s integral posible, pues finalmente de solidaridad y dignidad se trata.<\/p>\n\n\n\n<div class=\"wp-block-jetpack-slideshow aligncenter\" data-effect=\"slide\"><div class=\"wp-block-jetpack-slideshow_container swiper-container\"><ul class=\"wp-block-jetpack-slideshow_swiper-wrapper swiper-wrapper\"><li class=\"wp-block-jetpack-slideshow_slide swiper-slide\"><figure><img loading=\"lazy\" decoding=\"async\" width=\"1024\" height=\"768\" alt=\"\" class=\"wp-block-jetpack-slideshow_image wp-image-4355\" data-id=\"4355\" src=\"https:\/\/www.confederaciondelcobre.cl\/wp-content\/uploads\/2023\/10\/553b145e-3b8b-4603-81b1-180694329ea2-1024x768.jpeg\" srcset=\"https:\/\/www.confederaciondelcobre.cl\/wp-content\/uploads\/2023\/10\/553b145e-3b8b-4603-81b1-180694329ea2-1024x768.jpeg 1024w, https:\/\/www.confederaciondelcobre.cl\/wp-content\/uploads\/2023\/10\/553b145e-3b8b-4603-81b1-180694329ea2-300x225.jpeg 300w, https:\/\/www.confederaciondelcobre.cl\/wp-content\/uploads\/2023\/10\/553b145e-3b8b-4603-81b1-180694329ea2-768x576.jpeg 768w, https:\/\/www.confederaciondelcobre.cl\/wp-content\/uploads\/2023\/10\/553b145e-3b8b-4603-81b1-180694329ea2.jpeg 1280w\" sizes=\"auto, (max-width: 1024px) 100vw, 1024px\" \/><\/figure><\/li><li class=\"wp-block-jetpack-slideshow_slide swiper-slide\"><figure><img loading=\"lazy\" decoding=\"async\" width=\"768\" height=\"1024\" alt=\"\" class=\"wp-block-jetpack-slideshow_image wp-image-4356\" data-id=\"4356\" src=\"https:\/\/www.confederaciondelcobre.cl\/wp-content\/uploads\/2023\/10\/ad31ba91-ba84-4c72-85b5-3da3c47f0cc8-768x1024.jpeg\" srcset=\"https:\/\/www.confederaciondelcobre.cl\/wp-content\/uploads\/2023\/10\/ad31ba91-ba84-4c72-85b5-3da3c47f0cc8-768x1024.jpeg 768w, https:\/\/www.confederaciondelcobre.cl\/wp-content\/uploads\/2023\/10\/ad31ba91-ba84-4c72-85b5-3da3c47f0cc8-225x300.jpeg 225w, https:\/\/www.confederaciondelcobre.cl\/wp-content\/uploads\/2023\/10\/ad31ba91-ba84-4c72-85b5-3da3c47f0cc8-1152x1536.jpeg 1152w, https:\/\/www.confederaciondelcobre.cl\/wp-content\/uploads\/2023\/10\/ad31ba91-ba84-4c72-85b5-3da3c47f0cc8.jpeg 1200w\" sizes=\"auto, (max-width: 768px) 100vw, 768px\" \/><\/figure><\/li><li class=\"wp-block-jetpack-slideshow_slide swiper-slide\"><figure><img loading=\"lazy\" decoding=\"async\" width=\"768\" height=\"1024\" alt=\"\" class=\"wp-block-jetpack-slideshow_image wp-image-4357\" data-id=\"4357\" src=\"https:\/\/www.confederaciondelcobre.cl\/wp-content\/uploads\/2023\/10\/b4664c6b-07df-4ba2-b65a-fe363d1b2f55-768x1024.jpeg\" srcset=\"https:\/\/www.confederaciondelcobre.cl\/wp-content\/uploads\/2023\/10\/b4664c6b-07df-4ba2-b65a-fe363d1b2f55-768x1024.jpeg 768w, https:\/\/www.confederaciondelcobre.cl\/wp-content\/uploads\/2023\/10\/b4664c6b-07df-4ba2-b65a-fe363d1b2f55-225x300.jpeg 225w, https:\/\/www.confederaciondelcobre.cl\/wp-content\/uploads\/2023\/10\/b4664c6b-07df-4ba2-b65a-fe363d1b2f55-1152x1536.jpeg 1152w, https:\/\/www.confederaciondelcobre.cl\/wp-content\/uploads\/2023\/10\/b4664c6b-07df-4ba2-b65a-fe363d1b2f55.jpeg 1200w\" sizes=\"auto, (max-width: 768px) 100vw, 768px\" \/><\/figure><\/li><li class=\"wp-block-jetpack-slideshow_slide swiper-slide\"><figure><img loading=\"lazy\" decoding=\"async\" width=\"1024\" height=\"768\" alt=\"\" class=\"wp-block-jetpack-slideshow_image wp-image-4358\" data-id=\"4358\" src=\"https:\/\/www.confederaciondelcobre.cl\/wp-content\/uploads\/2023\/10\/b68825f5-920c-4508-a929-d6c89638a7d7-1024x768.jpeg\" srcset=\"https:\/\/www.confederaciondelcobre.cl\/wp-content\/uploads\/2023\/10\/b68825f5-920c-4508-a929-d6c89638a7d7-1024x768.jpeg 1024w, https:\/\/www.confederaciondelcobre.cl\/wp-content\/uploads\/2023\/10\/b68825f5-920c-4508-a929-d6c89638a7d7-300x225.jpeg 300w, https:\/\/www.confederaciondelcobre.cl\/wp-content\/uploads\/2023\/10\/b68825f5-920c-4508-a929-d6c89638a7d7-768x576.jpeg 768w, https:\/\/www.confederaciondelcobre.cl\/wp-content\/uploads\/2023\/10\/b68825f5-920c-4508-a929-d6c89638a7d7.jpeg 1280w\" sizes=\"auto, (max-width: 1024px) 100vw, 1024px\" \/><\/figure><\/li><li class=\"wp-block-jetpack-slideshow_slide swiper-slide\"><figure><img loading=\"lazy\" decoding=\"async\" width=\"1024\" height=\"768\" alt=\"\" class=\"wp-block-jetpack-slideshow_image wp-image-4360\" data-id=\"4360\" src=\"https:\/\/www.confederaciondelcobre.cl\/wp-content\/uploads\/2023\/10\/ee910c7e-ff07-4128-9f02-29a9c04fdb19-1024x768.jpeg\" srcset=\"https:\/\/www.confederaciondelcobre.cl\/wp-content\/uploads\/2023\/10\/ee910c7e-ff07-4128-9f02-29a9c04fdb19-1024x768.jpeg 1024w, https:\/\/www.confederaciondelcobre.cl\/wp-content\/uploads\/2023\/10\/ee910c7e-ff07-4128-9f02-29a9c04fdb19-300x225.jpeg 300w, https:\/\/www.confederaciondelcobre.cl\/wp-content\/uploads\/2023\/10\/ee910c7e-ff07-4128-9f02-29a9c04fdb19-768x576.jpeg 768w, https:\/\/www.confederaciondelcobre.cl\/wp-content\/uploads\/2023\/10\/ee910c7e-ff07-4128-9f02-29a9c04fdb19.jpeg 1280w\" sizes=\"auto, (max-width: 1024px) 100vw, 1024px\" \/><\/figure><\/li><\/ul><a class=\"wp-block-jetpack-slideshow_button-prev swiper-button-prev swiper-button-white\" role=\"button\"><\/a><a class=\"wp-block-jetpack-slideshow_button-next swiper-button-next swiper-button-white\" role=\"button\"><\/a><a aria-label=\"Pause Slideshow\" class=\"wp-block-jetpack-slideshow_button-pause\" role=\"button\"><\/a><div class=\"wp-block-jetpack-slideshow_pagination swiper-pagination swiper-pagination-white\"><\/div><\/div><\/div>\n","protected":false},"excerpt":{"rendered":"<p>El d\u00eda de ayer, domingo 15 de octubre y en la ciudad de Arica, la Federaci\u00f3n Minera del Norte (Feminort, que es federaci\u00f3n de la CTC en la regi\u00f3n de &hellip; <\/p>\n","protected":false},"author":2,"featured_media":4353,"comment_status":"closed","ping_status":"closed","sticky":false,"template":"","format":"standard","meta":{"jetpack_post_was_ever_published":false,"_jetpack_newsletter_access":"","_jetpack_dont_email_post_to_subs":false,"_jetpack_newsletter_tier_id":0,"_jetpack_memberships_contains_paywalled_content":false,"_jetpack_memberships_contains_paid_content":false,"footnotes":"","jetpack_publicize_message":"","jetpack_publicize_feature_enabled":false,"jetpack_social_post_already_shared":true,"jetpack_social_options":{"image_generator_settings":{"template":"highway","default_image_id":0,"enabled":false},"version":2}},"categories":[9,21,22,13,15,17,19],"tags":[],"class_list":["post-4350","post","type-post","status-publish","format-standard","has-post-thumbnail","hentry","category-confederacion","category-federaciones","category-feminort","category-internacional","category-nacional","category-regiones","category-trabajadores"],"jetpack_publicize_connections":[],"jetpack_featured_media_url":"https:\/\/www.confederaciondelcobre.cl\/wp-content\/uploads\/2023\/10\/Port-4.jpg","jetpack_sharing_enabled":true,"post_mailing_queue_ids":[],"_links":{"self":[{"href":"https:\/\/www.confederaciondelcobre.cl\/index.php\/wp-json\/wp\/v2\/posts\/4350","targetHints":{"allow":["GET"]}}],"collection":[{"href":"https:\/\/www.confederaciondelcobre.cl\/index.php\/wp-json\/wp\/v2\/posts"}],"about":[{"href":"https:\/\/www.confederaciondelcobre.cl\/index.php\/wp-json\/wp\/v2\/types\/post"}],"author":[{"embeddable":true,"href":"https:\/\/www.confederaciondelcobre.cl\/index.php\/wp-json\/wp\/v2\/users\/2"}],"replies":[{"embeddable":true,"href":"https:\/\/www.confederaciondelcobre.cl\/index.php\/wp-json\/wp\/v2\/comments?post=4350"}],"version-history":[{"count":10,"href":"https:\/\/www.confederaciondelcobre.cl\/index.php\/wp-json\/wp\/v2\/posts\/4350\/revisions"}],"predecessor-version":[{"id":4367,"href":"https:\/\/www.confederaciondelcobre.cl\/index.php\/wp-json\/wp\/v2\/posts\/4350\/revisions\/4367"}],"wp:featuredmedia":[{"embeddable":true,"href":"https:\/\/www.confederaciondelcobre.cl\/index.php\/wp-json\/wp\/v2\/media\/4353"}],"wp:attachment":[{"href":"https:\/\/www.confederaciondelcobre.cl\/index.php\/wp-json\/wp\/v2\/media?parent=4350"}],"wp:term":[{"taxonomy":"category","embeddable":true,"href":"https:\/\/www.confederaciondelcobre.cl\/index.php\/wp-json\/wp\/v2\/categories?post=4350"},{"taxonomy":"post_tag","embeddable":true,"href":"https:\/\/www.confederaciondelcobre.cl\/index.php\/wp-json\/wp\/v2\/tags?post=4350"}],"curies":[{"name":"wp","href":"https:\/\/api.w.org\/{rel}","templated":true}]}}