{"id":4382,"date":"2023-10-26T17:24:54","date_gmt":"2023-10-26T21:24:54","guid":{"rendered":"https:\/\/www.confederaciondelcobre.cl\/?p=4382"},"modified":"2023-10-26T17:27:20","modified_gmt":"2023-10-26T21:27:20","slug":"sindicato-de-trabajadores-resiter-pone-fin-a-exitosa-negociacion-colectiva","status":"publish","type":"post","link":"https:\/\/www.confederaciondelcobre.cl\/index.php\/2023\/10\/26\/sindicato-de-trabajadores-resiter-pone-fin-a-exitosa-negociacion-colectiva\/","title":{"rendered":"Sindicato de Trabajadores Resiter pone fin a exitosa Negociaci\u00f3n Colectiva."},"content":{"rendered":"\n<p>Aumento salarial, mejoras a derechos y beneficios sociales, como tambi\u00e9n titularidad sindical, entre otras, son las conquistas de las y los trabajadores en su primera negociaci\u00f3n colectiva.<\/p>\n\n\n\n<hr class=\"wp-block-separator has-alpha-channel-opacity\"\/>\n\n\n\n<p>El lunes 23 de octubre del presente, y durante el per\u00edodo de mediaci\u00f3n obligada, las y los trabajadores agrupados en el Sindicato Resiter llegaron a un acuerdo con la empresa y pusieron fin de manera existosa a su primera negociaci\u00f3n colectiva.<\/p>\n\n\n\n<p>Las y los trabajadores, que desempe\u00f1an labores de aseo industrial, manejo de residuos y como auxiliares de servicio en la faena MantoVerde, que es operada por Capstone Copper, iniciaron su primera negociaci\u00f3n colectiva el 29 de agosto y desde entonces el proceso se desarroll\u00f3 en torno a diversas tratativas en las que buscaron avanzar hacia una mayor valoraci\u00f3n al aporte que realizan para el proceso productivo. Es en ese contexto, y debido a las insistentes negativas por parte de la empresa, que las y los trabajadores, junto con rechazar la \u00faltima e insuficiente oferta de Resiter, decidieron hacer uso de su derecho a huelga.<\/p>\n\n\n\n<pre class=\"wp-block-verse\">Afiliado a la FESAMAV, que es federaci\u00f3n de la Confederaci\u00f3n de Trabajadores del Cobre en la Regi\u00f3n de Atacama, el Sindicato Resiter es dirigido por Pedro Pueyes, Presidente; Samuel Maturana, Tesorero; y Diego Pizarro, Secretario.<\/pre>\n\n\n\n<p>La huelga, cabe se\u00f1alar, no lleg\u00f3 a concretarse debido a que la empresa solicit\u00f3 iniciar el proceso de mediaci\u00f3n obligada (en que act\u00faa como mediadora la Inspecci\u00f3n del Trabajo), y fue durante este per\u00edodo que las y los trabajadores, encabezados por sus dirigentes, arribaron a un acuerdo con la empresa. Las conquistas alcanzados en esta negociaci\u00f3n colectiva, que tendr\u00e1 una vigencia de 35 meses, se relacionan principalmente con el aumento salarial, mejoras a derechos y beneficios sociales, como tambi\u00e9n titularidad sindical, entre otras.<\/p>\n\n\n\n<p>Pedro Pueyes, Presidente del Sindicato Resiter, en tanto, junto con agradecer el apoyo brindado por parte de la FESAMAV y de la propia CTC en esta negociaci\u00f3n colectiva, se\u00f1al\u00f3 estar convencido del camino tomado (en alusi\u00f3n a la afiliaci\u00f3n del sindicato a la federaci\u00f3n y a la CTC), indicando que es \u201cun camino que nos seguir\u00e1 dando espacios para continuar avanzando, en la conquista de m\u00e1s derechos para los trabajadores, por lo que agradecemos el compromiso de la Confederaci\u00f3n de Trabajadores del Cobre\u201d. <\/p>\n\n\n\n<p>Desde la Confederaci\u00f3n de Trabajadores del Cobre (CTC), saludamos la unidad y conciencia demostrada por las y los trabajadores agrupados en el Sindicato Resiter, quienes juntas y juntos, y bajo la absoluta convicci\u00f3n de ser merecedores de un justo reconocimiento a la labor prestada, lograron dar importantes pasos hacia el objetivo de toda y todo trabajador, que es el trabajo digno. De igual manera, los resultados de esta negociaci\u00f3n, junto con demostrar que la unidad es el camino, permite a la organizaci\u00f3n sindical seguir creciendo, a la vez que develar las hist\u00f3ricas malas pr\u00e1cticas que se han instalado por parte de las empresas. Nuevamente, entonces, saludamos las conquistas alcanzadas por las y los trabajadores en esta negociaci\u00f3n colectiva, fiel muestra de que es con unidad y organizaci\u00f3n como avanzamos.<\/p>\n","protected":false},"excerpt":{"rendered":"<p>Aumento salarial, mejoras a derechos y beneficios sociales, como tambi\u00e9n titularidad sindical, entre otras, son las conquistas de las y los trabajadores en su primera negociaci\u00f3n colectiva. El lunes 23 &hellip; <\/p>\n","protected":false},"author":2,"featured_media":4384,"comment_status":"closed","ping_status":"closed","sticky":false,"template":"","format":"standard","meta":{"jetpack_post_was_ever_published":false,"_jetpack_newsletter_access":"","_jetpack_dont_email_post_to_subs":false,"_jetpack_newsletter_tier_id":0,"_jetpack_memberships_contains_paywalled_content":false,"_jetpack_memberships_contains_paid_content":false,"footnotes":"","jetpack_publicize_message":"","jetpack_publicize_feature_enabled":false,"jetpack_social_post_already_shared":true,"jetpack_social_options":{"image_generator_settings":{"template":"highway","default_image_id":0,"enabled":false},"version":2}},"categories":[9,21,25,20,19],"tags":[],"class_list":["post-4382","post","type-post","status-publish","format-standard","has-post-thumbnail","hentry","category-confederacion","category-federaciones","category-fesamav","category-negociacion-colectiva","category-trabajadores"],"jetpack_publicize_connections":[],"jetpack_featured_media_url":"https:\/\/www.confederaciondelcobre.cl\/wp-content\/uploads\/2023\/10\/Port-7.jpg","jetpack_sharing_enabled":true,"post_mailing_queue_ids":[],"_links":{"self":[{"href":"https:\/\/www.confederaciondelcobre.cl\/index.php\/wp-json\/wp\/v2\/posts\/4382","targetHints":{"allow":["GET"]}}],"collection":[{"href":"https:\/\/www.confederaciondelcobre.cl\/index.php\/wp-json\/wp\/v2\/posts"}],"about":[{"href":"https:\/\/www.confederaciondelcobre.cl\/index.php\/wp-json\/wp\/v2\/types\/post"}],"author":[{"embeddable":true,"href":"https:\/\/www.confederaciondelcobre.cl\/index.php\/wp-json\/wp\/v2\/users\/2"}],"replies":[{"embeddable":true,"href":"https:\/\/www.confederaciondelcobre.cl\/index.php\/wp-json\/wp\/v2\/comments?post=4382"}],"version-history":[{"count":4,"href":"https:\/\/www.confederaciondelcobre.cl\/index.php\/wp-json\/wp\/v2\/posts\/4382\/revisions"}],"predecessor-version":[{"id":4388,"href":"https:\/\/www.confederaciondelcobre.cl\/index.php\/wp-json\/wp\/v2\/posts\/4382\/revisions\/4388"}],"wp:featuredmedia":[{"embeddable":true,"href":"https:\/\/www.confederaciondelcobre.cl\/index.php\/wp-json\/wp\/v2\/media\/4384"}],"wp:attachment":[{"href":"https:\/\/www.confederaciondelcobre.cl\/index.php\/wp-json\/wp\/v2\/media?parent=4382"}],"wp:term":[{"taxonomy":"category","embeddable":true,"href":"https:\/\/www.confederaciondelcobre.cl\/index.php\/wp-json\/wp\/v2\/categories?post=4382"},{"taxonomy":"post_tag","embeddable":true,"href":"https:\/\/www.confederaciondelcobre.cl\/index.php\/wp-json\/wp\/v2\/tags?post=4382"}],"curies":[{"name":"wp","href":"https:\/\/api.w.org\/{rel}","templated":true}]}}